{"id":178,"date":"2020-07-12T03:16:49","date_gmt":"2020-07-12T03:16:49","guid":{"rendered":"https:\/\/tmp.cienciapolitica.org.br\/2020\/07\/12\/especial-abcp-acoes-minas-gerais-enfrentamento\/"},"modified":"2020-07-12T03:16:49","modified_gmt":"2020-07-12T03:16:49","slug":"especial-abcp-acoes-minas-gerais-enfrentamento","status":"publish","type":"post","link":"https:\/\/cienciapolitica.org.br\/web\/especial-abcp-acoes-minas-gerais-enfrentamento\/","title":{"rendered":"ESPECIAL ABCP: As a\u00e7\u00f5es de Minas Gerais no enfrentamento \u00e0 pandemia"},"content":{"rendered":"<p>Este \u00e9 o quarto texto da s\u00e9rie de an\u00e1lises contextualizadas de cada um dos estados brasileiros, no especial &#8220;Os governos estaduais e as a\u00e7\u00f5es de enfrentamento \u00e0 pandemia no Brasil&#8221;, publicado entre os dias 8 e 12 de junho na p\u00e1gina da ABCP. Acompanhe!<br \/>\n<!--more--><\/p>\n<h4>Este \u00e9 o quarto texto da s\u00e9rie de an\u00e1lises contextualizadas de cada um dos estados brasileiros, no especial &#8220;<a href=\"https:\/\/cienciapolitica.org.br\/noticias\/2020\/06\/especial-abcp-governos-estaduais-e-acoes-enfrentamento\">Os governos estaduais e as a\u00e7\u00f5es de enfrentamento \u00e0 pandemia no Brasil<\/a>&#8220;, publicado entre os dias 8 e 12 de junho na p\u00e1gina da ABCP. Acompanhe!<\/h4>\n<hr \/>\n<p><strong>Minas Gerais: subnotifica\u00e7\u00e3o e (des)coordena\u00e7\u00e3o entre estado, Uni\u00e3o e munic\u00edpios no enfrentamento \u00e0 Covid-19<\/strong><\/p>\n<p>Nome dos(as)&nbsp;autores(as):&nbsp;Helga Almeida&nbsp; e Thiago Silame&nbsp;<\/p>\n<p>Institui\u00e7\u00f5es \u00e0s quais&nbsp;os(as) autores(as) est\u00e3o&nbsp;vinculados(as):&nbsp;Universidade Federal do Vale do S\u00e3o Francisco (UNIVASF) e&nbsp;Universidade Federal de Alfenas (UNIFAL)<\/p>\n<p>Titula\u00e7\u00e3o:&nbsp;Doutora e Doutor em Ci\u00eancia Pol\u00edtica, ambos titulados pela Universidade Federal de Minas Gerais (UFMG)<\/p>\n<p>Regi\u00e3o:&nbsp;Sudeste<\/p>\n<p>Governador (Partido):&nbsp;Romeu Zema (Novo)&nbsp;<\/p>\n<p>Popula\u00e7\u00e3o:&nbsp;21.168.791 (IBGE, 2019)<\/p>\n<p>N\u00famero de munic\u00edpios:&nbsp;853<\/p>\n<p>Casos confirmados em 06\/06\/2020:&nbsp;14.939&nbsp;<\/p>\n<p>\u00d3bitos confirmados em 06\/06\/2020:&nbsp;368*<\/p>\n<p>Casos por 100 mil hab.:&nbsp;70,21&nbsp;<\/p>\n<p>\u00d3bitos por 100 mil hab.:&nbsp;1,72<\/p>\n<h5><em>* Dados da Secretaria de Estado da Sa\u00fade de Minas Gerais <a href=\"http:\/\/www.saude.mg.gov.br\">www.saude.mg.gov.br<\/a> Acesso em: 06\/06\/2020<\/em><\/h5>\n<hr \/>\n<p>\n<strong>* Por:&nbsp;Helga Almeida&nbsp; e Thiago Silame<\/strong>&nbsp;<\/p>\n<p>No cen\u00e1rio da Pandemia de Coronav\u00edrus o estado de Minas Gerais (MG) tem aparecido para muitas pessoas como uma realidade incompreens\u00edvel de ser lida. A pergunta que se faz \u00e9, como o segundo estado mais populoso do Brasil seria apenas o 12\u00ba em n\u00famero absolutos de casos<a href=\"#_ftn1\">[1]<\/a>, o 13\u00ba em n\u00famero de mortes<a href=\"#_ftn2\">[2]<\/a>, configurando-se, dessa forma, como a 2\u00aa menor taxa de mortalidade\/100 mil habitantes do Brasil?<a href=\"#_ftn3\">[3]<\/a> Enquanto isso os estados vizinhos apresentam n\u00fameros mais graves. O que Minas estaria fazendo para estar em uma situa\u00e7\u00e3o um pouco mais tranquila que a outra metade do Brasil?<\/p>\n<p>A resposta nos parece ter 4 pontos importantes: 1) a forma de registro dos casos; 2) subnotifica\u00e7\u00e3o no n\u00famero de sintom\u00e1ticos e \u00f3bitos; 3) baixa&nbsp; testagem; 4) alinhamento do governo estadual ao executivo federal, no sentido de um afrouxamento do isolamento social, e desalinhamento com a capital do estado, que tem recomendado isolamento.<\/p>\n<p><strong>Subnotifica\u00e7\u00f5es e baixa testagem em Minas Gerais<\/strong><\/p>\n<p>Mudan\u00e7as foram observadas na forma como os dados do Boletim Epidemiol\u00f3gico (BE) produzidos pela Secretaria Estadual de Sa\u00fade do Estado de Minas Gerais (SES-MG) s\u00e3o apresentados. Do dia 18 de mar\u00e7o a 13 de maio o BE&nbsp; trazia as seguintes informa\u00e7\u00f5es em primeiro plano: total&nbsp; de casos confirmados (casos + \u00f3bitos), \u00f3bitos em investiga\u00e7\u00e3o, \u00f3bitos descartados e \u00f3bitos confirmados. \u00c0 partir do dia 14 de maio as informa\u00e7\u00f5es em primeiro plano eram as seguintes: total de casos confirmados; casos em acompanhamento; casos recuperados, \u00f3bitos confirmados. Tais mudan\u00e7as prejudicam a comparabilidade dos dados ao longo do tempo e pode camuflar uma poss\u00edvel subnotifica\u00e7\u00e3o dos casos,&nbsp; prejudicando o planejamento de combate \u00e0 epidemia. Para se ter id\u00e9ia o total de casos suspeitos em 13 de maio era de 101.572<a href=\"#_ftn4\">[4]<\/a>. Este se reduz para 2131 (casos em acompanhamentos) no dia 14 de maio. Ou seja, ao que tudo indica, a op\u00e7\u00e3o do governo de MG foi minorar as taxas de suspeitas de COVID-19 pela mudan\u00e7a do padr\u00e3o do BE.<\/p>\n<p>Outro ind\u00edcio de subnotifica\u00e7\u00e3o&nbsp; pode ser visto quando se analisado aumento de registro de&nbsp; S\u00edndrome Respirat\u00f3ria Aguda Grave (SRAG). Segundo dados do BE da SES-MG do dia 04\/06 registra um aumento de 640% do n\u00famero de hospitaliza\u00e7\u00f5es por SRAG em compara\u00e7\u00e3o ao ano de 2019<a href=\"#_ftn5\">[5]<\/a>.<\/p>\n<p>Em rela\u00e7\u00e3o ao n\u00famero de \u00f3bitos, o estudo UFU<a href=\"#_ftn6\">[6]<\/a> , afirma que, em compara\u00e7\u00e3o com a m\u00e9dia de 2017 a 2019, o ano de 2020 j\u00e1 registra um aumento de 648,61% no n\u00famero de mortes por SRAG em Minas Gerais, 5,36% por pneumonia e 5,72% por insufici\u00eancia respirat\u00f3ria<a href=\"#_ftn7\">[7]<\/a>. A pr\u00f3pria SES-MG<a href=\"#_ftn8\">[8]<\/a> admitiu que pode haver subnotifica\u00e7\u00e3o. A secretaria estima que h\u00e1 1 caso notificado para outros 10 casos n\u00e3o notificados.<\/p>\n<p>Al\u00e9m do panorama problem\u00e1tico de subnotifica\u00e7\u00e3o, a popula\u00e7\u00e3o mineira continua n\u00e3o sendo testada adequadamente para a COVID-19. Segundo monitoramento da UFV<a href=\"#_ftn9\">[9]<\/a> a partir dos dados oficiais da SES-MG, MG \u00e9 o estado brasileiro que menos testa, s\u00e3o apenas 105,86 testes por 100.000 mil habitantes. A n\u00e3o prioridade de testagem massiva ficou clara quando o governador do estado, Zema, afirmou em entrevista para a CBN em 29 de maio que, \u201cTestes n\u00e3o salvam vidas, s\u00e3o apenas term\u00f4metros\u201d <a href=\"#_ftn10\">[10]<\/a><a href=\"#_ftn11\">[11]<\/a>.<\/p>\n<p><strong>Coordena\u00e7\u00e3o e descoordena\u00e7\u00e3o<\/strong><\/p>\n<p>Em MG tem acontecido um fen\u00f4meno problem\u00e1tico, a simult\u00e2nea coordena\u00e7\u00e3o e descoordena\u00e7\u00e3o entre entes federados, em um momento cr\u00edtico para os mineiros, o momento em que a doen\u00e7a come\u00e7a a se interiorizar<a href=\"#_ftn12\">[12]<\/a>. Assim, ao mesmo tempo que o estado tem se alinhado ao governo federal, sendo que o \u00faltimo por vezes se coloca contr\u00e1rio \u00e0s recomenda\u00e7\u00f5es da OMS, os munic\u00edpios mineiros, principalmente a capital do estado, tem se recusado a seguir as instru\u00e7\u00f5es postas pelo governador.<\/p>\n<p>O fen\u00f4meno come\u00e7a no topo, no momento em o presidente da rep\u00fablica n\u00e3o constr\u00f3i plano unificado para todo o territ\u00f3rio nacional, fazendo com que o SUS, estrutura pensada para agir considerando e distribuindo responsabilidades entre Uni\u00e3o, Estado e Munic\u00edpios, fique sem diretriz clara de atua\u00e7\u00e3o. Al\u00e9m disso, decis\u00f5es do executivo nacional, com fraca validade cient\u00edfica e jur\u00eddica, como o aconselhamento do isolamento vertical<a href=\"#_ftn13\">[13]<\/a>, do uso da hidroxicloroquina<a href=\"#_ftn14\">[14]<\/a> <a href=\"#_ftn15\">[15]<\/a> e de eximir responsabilidades dos gestores p\u00fablicos<a href=\"#_ftn16\">[16]<\/a> trazem mais conflitos para o atual momento hist\u00f3rico.<\/p>\n<p>Ent\u00e3o, na aus\u00eancia de coordena\u00e7\u00e3o por parte do governo federal coube aos estados e munic\u00edpios estabelecerem as medidas para o enfrentamento \u00e0 COVID-19. Em MG h\u00e1 uma alinhamento entre o governador Zema e o presidente deste as \u00faltimas elei\u00e7\u00f5es. O Executivo mineiro estabeleceu protocolo<a href=\"#_ftn17\">[17]<\/a> para flexibiliza\u00e7\u00e3o do isolamento social e retomada das atividades econ\u00f4micas ainda em 23 de abril, quando estudos afirmavam que MG estava ainda distante do pico da curva epidemiol\u00f3gica<a href=\"#_ftn18\">[18]<\/a>. Essas medidas foram adotadas por in\u00fameras cidades do interior<a href=\"#_ftn19\">[19]<\/a> e da Regi\u00e3o Metropolitana de Belo Horizonte <a href=\"#_ftn20\">[20]<\/a>.<\/p>\n<p>Ao mesmo tempo o prefeito de Belo Horizonte (BH), Alexandre Kalil, persistiu na indica\u00e7\u00e3o do isolamento social para a capital. E somente em 25 de Maio come\u00e7ou a adotar um lento protocolo de reabertura em tr\u00eas fases <a href=\"#_ftn21\">[21]<\/a>, organizado por decreto da prefeitura<a href=\"#_ftn22\">[22]<\/a> .<\/p>\n<p>Nesse meio tempo embates p\u00fablicos tem ocorrido entre governador e prefeito, deixando clara a descoordena\u00e7\u00e3o entre os dois entes federados<a href=\"#_ftn23\">[23]<\/a>.<\/p>\n<p>Destarte, a preocupa\u00e7\u00e3o de Kalil parece se justificar j\u00e1 que, o crescimento do n\u00famero de casos no interior tem sobrecarregado o sistema de sa\u00fade da capital. Cerca de 17% das interna\u00e7\u00f5es por COVID-19 em BH vem de outro munic\u00edpio. Lembrando que em Minas Gerais h\u00e1 vis\u00edvel sucateamento do sistema de sa\u00fade do interior e uma p\u00e9ssima distribui\u00e7\u00e3o de leitos de UTI, 92% dos munic\u00edpios n\u00e3o possuem UTI<a href=\"#_ftn24\">[24]<\/a>.<\/p>\n<p>Portanto, a coordena\u00e7\u00e3o de a\u00e7\u00f5es entre governadores e prefeitos \u00e9 central, j\u00e1 que a resultante da descoordena\u00e7\u00e3o mineira tem sangrado os maiores munic\u00edpios, como BH. Al\u00e9m disso, os bons n\u00fameros publicizados por MG, n\u00e3o devem nos enganar. A baixa testagem da popula\u00e7\u00e3o associada a subnotifica\u00e7\u00e3o deve acionar um alarme, uma vez que, a doen\u00e7a est\u00e1 migrando para o interior de MG<a href=\"#_ftn25\">[25]<\/a> e a curva de cont\u00e1gio ainda est\u00e1 ascendente.<\/p>\n<p><strong>NOTAS<\/strong><\/p>\n<p><a href=\"#_ftnref1\">[1]<\/a> Dados extra\u00eddos de&nbsp; <a href=\"https:\/\/covid19br.wcota.me\/\">https:\/\/covid19br.wcota.me\/<\/a>&nbsp; Acesso em: 06\/06\/2020. N\u00e3o foi poss\u00edvel extrair os dados comparados do site oficial do Minist\u00e9rio da Sa\u00fade, covid.saude.gov.br , dado que a plataforma de acesso foi retirada do ar pelo governo federal na noite de 05\/06\/2020<\/p>\n<p><a href=\"#_ftnref2\">[2]<\/a> Dados extra\u00eddos de&nbsp; <a href=\"https:\/\/covid19br.wcota.me\/\">https:\/\/covid19br.wcota.me\/<\/a>&nbsp; Acesso em: 06\/06\/2020. N\u00e3o foi poss\u00edvel extrair os dados comparados do site oficial do Minist\u00e9rio da Sa\u00fade, covid.saude.gov.br , dado que a plataforma de acesso foi retirada do ar pelo governo federal na noite de 05\/06\/2020<\/p>\n<p><a href=\"#_ftnref3\">[3]<\/a>&nbsp; <a href=\"https:\/\/covid.saude.gov.br\/\">https:\/\/covid.saude.gov.br\/<\/a> Acesso em 06\/06\/2020.<\/p>\n<p><a href=\"#_ftnref4\">[4]<\/a> Era considerado todo indiv\u00edduo com quadro respirat\u00f3rio agudo, notificado pelo servi\u00e7o de sa\u00fade com suspeita de infec\u00e7\u00e3o pelo SARS-COV-2).<\/p>\n<p><a href=\"#_ftnref5\">[5]<\/a> Dados relativos a 22 semana epidemiol\u00f3gicas.<\/p>\n<p><a href=\"#_ftnref6\">[6]<\/a> Ver o trabalho dos pesquisadores em Sa\u00fade Coletiva da Universidade Federal de Uberl\u00e2ndia, publicado no dia 23 de maio. ALVES, Thiago Henrique Evangelista et al. Underreporting of death by COVID-19 in Brazil&#8217;s second most populous state. medRxiv, 2020.<\/p>\n<p><a href=\"#_ftnref7\">[7]<\/a> Os dados analisados pelos autores tem como fonte bases de dados do Minist\u00e9rio da Sa\u00fade, entre elas o Sistemas de Informa\u00e7\u00e3o por Mortalidade e o Sistema de informa\u00e7\u00e3o de Agravo de Notifica\u00e7\u00e3o.<\/p>\n<p><a href=\"#_ftnref8\">[8]<\/a> Coletiva do secret\u00e1rio de Sa\u00fade, Carlos Eduardo Amaral e do subsecret\u00e1rio de Vigil\u00e2ncia em Sa\u00fade, Dario Ramalho, Imagens da Rede Minas, 25\/05\/2020. Acesso em 04\/06\/2020<\/p>\n<p><a href=\"https:\/\/www.youtube.com\/watch?v=AIQlNx3ieOU\">https:\/\/www.youtube.com\/watch?v=AIQlNx3ieOU<\/a><\/p>\n<p><a href=\"#_ftnref9\">[9]<\/a>Levantamento realizado pelo pesquisador Dr. Wesley Cota da Universidade Federal de Vi\u00e7osa (UFV). covid19br.wcota.me. Acesso em 04\/06\/2020.<\/p>\n<p><a href=\"#_ftnref10\">[10]<\/a>Testagem para a COVID-19 \u00e9 lenta em todo o estado. Jornal Estado de Minas. <a href=\"https:\/\/www.em.com.br\/app\/noticia\/gerais\/2020\/05\/29\/interna_gerais,1151762\/testagem-para-a-covid-19-e-lenta-em-todo-o-estado-veja-os-numeros.shtml\">https:\/\/www.em.com.br\/app\/noticia\/gerais\/2020\/05\/29\/interna_gerais,1151762\/testagem-para-a-covid-19-e-lenta-em-todo-o-estado-veja-os-numeros.shtml<\/a> Acesso em: 04\/06\/2020<\/p>\n<p><a href=\"#_ftnref11\">[11]<\/a>A testagem \u00e9 medida importante para o manejo e controle da doen\u00e7a, conforme foi observado na Cor\u00e9ia do Sul e Alemanha.<\/p>\n<p><a href=\"#_ftnref12\">[12]<\/a>Veja como a COVID-19 se espalhou por MG e chegou a cidades sem UTI. <a href=\"https:\/\/www.em.com.br\/app\/noticia\/gerais\/2020\/05\/27\/interna_gerais,1150897\/veja-como-a-covid-19-se-espalhou-por-mg-e-chegou-a-cidades-sem-uti.shtml\">https:\/\/www.em.com.br\/app\/noticia\/gerais\/2020\/05\/27\/interna_gerais,1150897\/veja-como-a-covid-19-se-espalhou-por-mg-e-chegou-a-cidades-sem-uti.shtml<\/a> Acesso em: 05\/06\/2020<\/p>\n<p><a href=\"#_ftnref13\">[13]<\/a>A Organiza\u00e7\u00e3o Mundial de Sa\u00fade (OMS) preconiza a ado\u00e7\u00e3o de medidas de isolamento social horizontal e de restri\u00e7\u00e3o de circula\u00e7\u00e3o das pessoas como a melhor maneira de diminuir o ritmo de cont\u00e1gio da doen\u00e7a evitando com que os sistemas de sa\u00fade fiquem sobrecarregados. Tal medida mostrou ser a mais eficiente para se controlar a doen\u00e7a enquanto n\u00e3o houver vacina e\/ou tratamento para a doen\u00e7a.<\/p>\n<p><a href=\"#_ftnref14\">[14]<\/a>O protocolo foi expedido no dia 20 de maio de 2020 e n\u00e3o conta com assinatura do Ministro da Sa\u00fade.<\/p>\n<p><a href=\"#_ftnref15\">[15]<\/a>Estudos recentes n\u00e3o observaram benef\u00edcios do uso de tal medicamento para o tratamento da COVID-19 e ainda apontam para riscos card\u00edacos. Ver Geleris <em>et. al<\/em>. 2020. Dispon\u00edvel em<\/p>\n<p><a href=\"https:\/\/www.nejm.org\/doi\/full\/10.1056\/NEJMoa2012410?query=main_nav_lg\">https:\/\/www.nejm.org\/doi\/full\/10.1056\/NEJMoa2012410?query=main_nav_lg<\/a>. Acesso em 04\/06\/2020.<br \/>\nVer Rosemberg et. al. (2020). Dispon\u00edvel em <a href=\"https:\/\/jamanetwork.com\/journals\/jama\/fullarticle\/2766117\">https:\/\/jamanetwork.com\/journals\/jama\/fullarticle\/2766117<\/a>. Acesso em 04\/06\/2020.<\/p>\n<p><a href=\"#_ftnref16\">[16]<\/a>A MP 966, que visava eximir de responsabilidade gestores p\u00fablicos por a\u00e7\u00f5es relacionadas ao enfrentamento \u00e0 pandemia. O STF, provocado por partidos da oposi\u00e7\u00e3o limitou, o alcance da MP ressaltando que as a\u00e7\u00f5es dos gestores p\u00fablicos devem seguir crit\u00e9rios t\u00e9cnicos e cient\u00edficos.<\/p>\n<p><a href=\"https:\/\/economia.uol.com.br\/noticias\/reuters\/2020\/05\/21\/maioria-do-stf-vota-para-reduzir-alcance-de-mp-que-exime-agentes-publicos-de-responsabilidade-por-erros.htm\">https:\/\/economia.uol.com.br\/noticias\/reuters\/2020\/05\/21\/maioria-do-stf-vota-para-reduzir-alcance-de-mp-que-exime-agentes-publicos-de-responsabilidade-por-erros.htm<\/a>. Acesso em 04\/06\/2020.<\/p>\n<p><a href=\"#_ftnref17\">[17]<\/a>Trata-se do Programa Minas Consciente. Dos 853 munic\u00edpios mineiros, 110 aderiram ao programa at\u00e9 o dia 04 de junho alcan\u00e7ando cerca de 15% da popula\u00e7\u00e3o.<\/p>\n<p><a href=\"#_ftnref18\">[18]<\/a><a href=\"https:\/\/painel.covidradar.org.br\/#\/\">https:\/\/painel.covidradar.org.br\/#\/<\/a><\/p>\n<p><a href=\"#_ftnref19\">[19]<\/a><a href=\"https:\/\/www.mg.gov.br\/sites\/default\/files\/paginas\/imagens\/minasconsciente\/cta_-_municipios_que_aderiram_ao_minas_consciente_v11.pdf\">https:\/\/www.mg.gov.br\/sites\/default\/files\/paginas\/imagens\/minasconsciente\/cta_-_municipios_que_aderiram_ao_minas_consciente_v11.pdf<\/a>. Acesso em 04\/06\/2020.<\/p>\n<p><a href=\"https:\/\/domtotal.com\/noticia\/1447068\/2020\/05\/veja-o-que-reabre-no-comercio-horarios-e-regras\/\">https:\/\/domtotal.com\/noticia\/1447068\/2020\/05\/veja-o-que-reabre-no-comercio-horarios-e-regras\/<\/a>. Acesso em 04\/06\/2020.<\/p>\n<p><a href=\"#_ftnref20\">[20]<\/a>Terceira maior regi\u00e3o metropolitana do pa\u00eds. Engloba 34 munic\u00edpios alcan\u00e7ando uma popula\u00e7\u00e3o de 5 milh\u00f5es de habitantes, ou seja, 25% da popula\u00e7\u00e3o do Estado. Informa\u00e7\u00f5es dispon\u00edveis em:<a href=\"http:\/\/www.agenciarmbh.mg.gov.br\/institucional\/rmbh-e-colar-metropolitano\/\">http:\/\/www.agenciarmbh.mg.gov.br\/institucional\/rmbh-e-colar-metropolitano\/<\/a>. Acesso em 05\/06\/2020.<\/p>\n<p><a href=\"#_ftnref21\">[21]<\/a>As fases foram dividas em: Fase Controle &#8211; Reabertura Fase 1 &#8211; Reabertura Fase 2. <a href=\"https:\/\/prefeitura.pbh.gov.br\/reabertura-de-atividades\">https:\/\/prefeitura.pbh.gov.br\/reabertura-de-atividades<\/a>. Acesso em: 05\/06\/2020<\/p>\n<p><a href=\"#_ftnref22\">[22]<\/a> Decreto n\u00ba 17.361, de 22 de maio de 2020 e pelo Decreto n\u00ba 17.328<\/p>\n<p><a href=\"#_ftnref23\">[23]<\/a> Zema afirmou, entre outras coisas, que Kalil tem agido \u201cfora da curva\u201d e que o prefeito seria algu\u00e9m que tem gritado e n\u00e3o feito nada. Kalil, em contrapartida, declarou que Zema teria feito uma \u201cagress\u00e3o gratuita\u201d a ele. <a href=\"https:\/\/www.otempo.com.br\/politica\/zema-sobre-kalil-tem-alguem-gritando-e-fazendo-quase-nada-1.2340166\">https:\/\/www.otempo.com.br\/politica\/zema-sobre-kalil-tem-alguem-gritando-e-fazendo-quase-nada-1.2340166<\/a><a href=\"https:\/\/www.otempo.com.br\/politica\/prefeito-kalil-rebate-governador-zema-decidido-so-a-nao-decidir-1.2340709\">https:\/\/www.otempo.com.br\/politica\/prefeito-kalil-rebate-governador-zema-decidido-so-a-nao-decidir-1.2340709<\/a>. Acesso em: 06\/06\/2020<\/p>\n<p><a href=\"#_ftnref24\">[24]<\/a> RODRIGUES, Jairo. Leitos de UTI por munic\u00edpio &#8211; Minas Gerais. 2020. UFOP<\/p>\n<p><a href=\"#_ftnref25\">[25]<\/a><a href=\"https:\/\/www.em.com.br\/app\/noticia\/gerais\/2020\/06\/03\/interna_gerais,1153136\/covid-19-se-propaga-quase-tres-vezes-mais-no-interior-de-mg-que-em-bh.shtml\">https:\/\/www.em.com.br\/app\/noticia\/gerais\/2020\/06\/03\/interna_gerais,1153136\/covid-19-se-propaga-quase-tres-vezes-mais-no-interior-de-mg-que-em-bh.shtml<\/a>. Acesso em: 04\/06\/2020<\/p>\n","protected":false},"excerpt":{"rendered":"<p>Este \u00e9 o quarto texto da s\u00e9rie de an\u00e1lises contextualizadas de cada um dos estados brasileiros, no especial &#8220;Os governos estaduais e as a\u00e7\u00f5es de enfrentamento \u00e0 pandemia no Brasil&#8221;, publicado entre os dias 8 e 12 de junho na p\u00e1gina da ABCP. Acompanhe!<\/p>\n","protected":false},"author":3,"featured_media":0,"comment_status":"open","ping_status":"open","sticky":false,"template":"","format":"standard","meta":{"footnotes":""},"categories":[1],"tags":[],"class_list":["post-178","post","type-post","status-publish","format-standard","hentry","category-uncategorized"],"_links":{"self":[{"href":"https:\/\/cienciapolitica.org.br\/web\/wp-json\/wp\/v2\/posts\/178","targetHints":{"allow":["GET"]}}],"collection":[{"href":"https:\/\/cienciapolitica.org.br\/web\/wp-json\/wp\/v2\/posts"}],"about":[{"href":"https:\/\/cienciapolitica.org.br\/web\/wp-json\/wp\/v2\/types\/post"}],"author":[{"embeddable":true,"href":"https:\/\/cienciapolitica.org.br\/web\/wp-json\/wp\/v2\/users\/3"}],"replies":[{"embeddable":true,"href":"https:\/\/cienciapolitica.org.br\/web\/wp-json\/wp\/v2\/comments?post=178"}],"version-history":[{"count":0,"href":"https:\/\/cienciapolitica.org.br\/web\/wp-json\/wp\/v2\/posts\/178\/revisions"}],"wp:attachment":[{"href":"https:\/\/cienciapolitica.org.br\/web\/wp-json\/wp\/v2\/media?parent=178"}],"wp:term":[{"taxonomy":"category","embeddable":true,"href":"https:\/\/cienciapolitica.org.br\/web\/wp-json\/wp\/v2\/categories?post=178"},{"taxonomy":"post_tag","embeddable":true,"href":"https:\/\/cienciapolitica.org.br\/web\/wp-json\/wp\/v2\/tags?post=178"}],"curies":[{"name":"wp","href":"https:\/\/api.w.org\/{rel}","templated":true}]}}