{"id":179,"date":"2020-07-12T03:20:00","date_gmt":"2020-07-12T03:20:00","guid":{"rendered":"https:\/\/tmp.cienciapolitica.org.br\/2020\/07\/12\/especial-abcp-acoes-rio-janeiro-enfrentamento\/"},"modified":"2020-07-12T03:20:00","modified_gmt":"2020-07-12T03:20:00","slug":"especial-abcp-acoes-rio-janeiro-enfrentamento","status":"publish","type":"post","link":"https:\/\/cienciapolitica.org.br\/web\/especial-abcp-acoes-rio-janeiro-enfrentamento\/","title":{"rendered":"ESPECIAL ABCP: As a\u00e7\u00f5es do Rio de Janeiro no enfrentamento \u00e0 pandemia"},"content":{"rendered":"<p>Este \u00e9 o quinto texto da s\u00e9rie de an\u00e1lises contextualizadas de cada um dos estados brasileiros, no especial &#8220;Os governos estaduais e as a\u00e7\u00f5es de enfrentamento \u00e0 pandemia no Brasil&#8221;, publicado entre os dias 8 e 12 de junho na p\u00e1gina da ABCP. Acompanhe!<br \/>\n<!--more--><\/p>\n<h4><em>Este \u00e9 o quinto texto da s\u00e9rie de an\u00e1lises contextualizadas de cada um dos estados brasileiros, no especial &#8220;<a href=\"https:\/\/cienciapolitica.org.br\/noticias\/2020\/06\/especial-abcp-governos-estaduais-e-acoes-enfrentamento\">Os governos estaduais e as a\u00e7\u00f5es de enfrentamento \u00e0 pandemia no Brasil<\/a>&#8220;, publicado entre os dias 8 e 12 de junho na p\u00e1gina da ABCP. Acompanhe!<\/em><\/h4>\n<hr \/>\n<p><strong>Rio de Janeiro: considera\u00e7\u00f5es sobre o pandem\u00f4nio em meio \u00e0 pandemia<\/strong><\/p>\n<p>Nome da&nbsp;autora e institui\u00e7\u00f5es&nbsp;\u00e0s quais&nbsp;est\u00e1 vinculada:&nbsp;Priscila Riscado (DGP\/IEAR\/UFF)<\/p>\n<p>Titula\u00e7\u00e3o:&nbsp;Doutora &#8211;&nbsp;Programa de P\u00f3s-Gradua\u00e7\u00e3o em Ci\u00eancia Pol\u00edtica da Universidade Federal Fluminense&nbsp;(PGCP UFF)<\/p>\n<p>Regi\u00e3o:&nbsp;Sudeste<\/p>\n<p>Governador (Partido):&nbsp;Wilson&nbsp;Witzel (PSC)<\/p>\n<p>Popula\u00e7\u00e3o:&nbsp;15,9 milh\u00f5es de&nbsp;habitantes&nbsp;(dados de 2019)<\/p>\n<p>N\u00famero de munic\u00edpios:<strong>&nbsp;<\/strong>92<\/p>\n<p>Casos confirmados em 05\/06\/2020:&nbsp;63.066<\/p>\n<p>\u00d3bitos confirmados em 05\/06\/2020:&nbsp;6.473<\/p>\n<p>\u00d3bitos em investiga\u00e7\u00e3o em 05\/06\/2020:&nbsp;1.185<\/p>\n<hr \/>\n<p><strong><em>Obs.: O artigo abaixo foi escrito anteriormente \u00e0 <a href=\"https:\/\/www.terra.com.br\/noticias\/coronavirus\/justica-suspende-reabertura-no-estado-do-rio-de-janeiro,81a6bc07b95c6832ebb402747d85057d9rl1cez4.html\">suspens\u00e3o da flexibiliza\u00e7\u00e3o do isolamento social no estado e na cidade do Rio de Janeiro decretada&nbsp;pela Justi\u00e7a&nbsp;no dia 08\/06 (segunda).<\/a><\/em><\/strong><\/p>\n<p><strong>* Por:&nbsp;Priscila Riscado<\/strong><\/p>\n<p>Tr\u00eas meses depois do primeiro registro da Covid-19 no estado do Rio de Janeiro, o que observamos \u00e9 uma situa\u00e7\u00e3o que beira o caos.&nbsp;Como se n\u00e3o bastasse a amea\u00e7a do v\u00edrus, a pandemia se conjuga a um esc\u00e2ndalo de corrup\u00e7\u00e3o no estado.<\/p>\n<p>No dia 26 de maio, a Pol\u00edcia Federal deflagrou uma opera\u00e7\u00e3o (Opera\u00e7\u00e3o Placebo) para cumprir mandados de busca na resid\u00eancia oficial do governador do Rio de Janeiro, Wilson Witzel. A opera\u00e7\u00e3o investiga ind\u00edcios de desvios de recursos e fraudes em processos de licita\u00e7\u00e3o para compra de equipamentos e insumos destinados ao combate \u00e0 Covid-19 no Rio de Janeiro.&nbsp;Neste artigo ser\u00e3o tratados aspectos ligados \u00e0 condu\u00e7\u00e3o de pol\u00edticas voltadas ao enfrentamento da pandemia da Covid-19 no estado e na cidade do Rio de Janeiro.&nbsp;<\/p>\n<p>No quadro geral do estado, o n\u00famero de casos e \u00f3bitos confirmados segue em ascens\u00e3o. O estado segue na vice-lideran\u00e7a do Pa\u00eds, com <strong>6.327 \u00f3bitos registrados e 60.932 casos<\/strong>&nbsp;<strong>confirmados<\/strong> at\u00e9 o dia 5 de junho. Na cidade do Rio de Janeiro, o n\u00famero de leitos de unidade de terapia intensiva (UTI)&nbsp;ocupados com a Covid-19 na rede do SUS j\u00e1 chega a 92%. Nos leitos de enfermarias, que abrigam pacientes com suspeita da doen\u00e7a, a taxa de ocupa\u00e7\u00e3o no munic\u00edpio chega a 76%.&nbsp;<\/p>\n<p>Mesmo diante deste quadro o governo do estado apresentou em 2&nbsp;de junho novas medidas<strong> <\/strong>que encerraram a quarentena, no decreto publicado em edi\u00e7\u00e3o extra do Di\u00e1rio Oficial do Rio na noite do dia 5 de junho. A partir do dia seguinte, o governo iniciou a flexibiliza\u00e7\u00e3o das medidas de isolamento social em todo o estado. Foi autorizado o funcionamento de shoppings centers e centros comerciais das 12&nbsp;\u00e0s 20 horas e com p\u00fablico de at\u00e9 50% da capacidade de cada complexo. Mas as \u00e1reas de recrea\u00e7\u00e3o, como cinemas, continuar\u00e3o fechadas.<\/p>\n<p>Tamb\u00e9m foi autorizada a volta do futebol e de esportes de alto rendimento, mas sem p\u00fablico e desde que sigam protocolos da Secretaria de Sa\u00fade. Tamb\u00e9m est\u00e3o autorizados os cultos religiosos em \u00e1reas ventiladas e com os fi\u00e9is com m\u00e1scaras e a um metro e meio de dist\u00e2ncia entre os demais. Bares e restaurantes tamb\u00e9m poder\u00e3o reabrir, respeitando o limite m\u00e1ximo de 50% de ocupa\u00e7\u00e3o. O decreto tamb\u00e9m autoriza a reabertura dos pontos tur\u00edsticos da cidade do Rio de Janeiro. Est\u00e3o liberadas pr\u00e1ticas esportivas ao ar livre, inclusive em parques p\u00fablicos.&nbsp;<\/p>\n<p>A partir deste momento&nbsp;\u00e9 poss\u00edvel identificar algum grau de converg\u00eancia entre estas esferas de governo, no estado e na capital, no que tange ao fim do isolamento social. A prefeitura da cidade do Rio j\u00e1 p\u00f5e em pr\u00e1tica a flexibiliza\u00e7\u00e3o.&nbsp;O prefeito Marcelo Crivella autorizou que os 14 mil camel\u00f4s licenciados pela prefeitura retomassem o trabalho nas ruas na capital fluminense na \u00faltima quinta-feira, dia 4 de junho &#8211; mesmo dia em que o estado e a capital registraram recorde em n\u00famero de \u00f3bitos em apenas 24h.<\/p>\n<p>A libera\u00e7\u00e3o do trabalho dos ambulantes n\u00e3o estava no&nbsp;primeiro decreto da Prefeitura, que trazia os detalhes do plano de reabertura gradual<strong>&nbsp;<\/strong>da economia na cidade. Por\u00e9m, foi inclu\u00edda em uma edi\u00e7\u00e3o extraordin\u00e1ria do Di\u00e1rio Oficial do Munic\u00edpio, publicada na noite do dia 2 de junho.&nbsp;<\/p>\n<p>De acordo com o novo plano, os camel\u00f4s legalizados podem trabalhar sem restri\u00e7\u00f5es, desde que sigam o que a prefeitura chama de<strong>&nbsp;<\/strong>\u201cregras de ouro\u201d&nbsp;como, por exemplo, higienizar as m\u00e3os com \u00e1lcool em gel a 70% e usar m\u00e1scaras. Nessa primeira fase de flexibiliza\u00e7\u00e3o do isolamento social na capital fluminense est\u00e3o autorizados o funcionamento das lojas de m\u00f3veis, decora\u00e7\u00e3o e concession\u00e1rias de carros. As lojas dos shoppings poder\u00e3o abrir, com capacidade reduzida, na segunda fase da abertura, prevista ainda para o m\u00eas de junho.&nbsp;<\/p>\n<p>Em ambas as esferas&nbsp; de governo, chama a aten\u00e7\u00e3o a mudan\u00e7a de crit\u00e9rios para a ado\u00e7\u00e3o da flexibiliza\u00e7\u00e3o e retomada das atividades comerciais&nbsp;em geral. O governo Wilson Witzel, por exemplo, at\u00e9 meados de maio sustentava a posi\u00e7\u00e3o de que a flexibiliza\u00e7\u00e3o estaria diretamente ligada ao funcionamento dos hospitais de campanha previstos para serem inaugurados no estado. S\u00f3 um destes hospitais se encontra em funcionamento no momento (unidade maracan\u00e3).<\/p>\n<p>O quadro atual evidencia ainda uma mudan\u00e7a em rela\u00e7\u00e3o ao in\u00edcio da pandemia: o deslocamento geogr\u00e1fico dos mortos e contaminados pela doen\u00e7a.&nbsp;Quando observamos os dados referentes ao per\u00edodo que vai at\u00e9 o dia 30 de abril de 2020, verificamos que tr\u00eas&nbsp;em cada quatro&nbsp;mortes na cidade relacionadas \u00e0&nbsp;Covid-19 ocorreram em bairros das Zonas Norte e Oeste, \u00e1reas mais pobres do munic\u00edpio.&nbsp;Das 533 mortes ocorridas na cidade no referido per\u00edodo, 413 s\u00e3o registradas em algum bairro dessas duas \u00e1reas enquanto na Zona Sul da cidade foram registrados 93 \u00f3bitos.<\/p>\n<p>At\u00e9 o dia 5 de junho o registro dos \u00f3bitos na cidade do Rio segue se distribuindo de forma concentrada em algumas \u00e1reas. O bairro de Campo Grande, localizado na Zona Oeste da cidade, \u00e9 o l\u00edder em n\u00famero de \u00f3bitos por Covid-19, registrando 223 \u00f3bitos no munic\u00edpio. Os bairros de Bangu, Realengo e Santa Cruz &#8211; todos localizados na Zona Oeste -, ocupam, respectivamente, 2\u00ba, 4\u00ba e 5\u00ba lugar entre o registro de \u00f3bitos. Apenas um bairro da Zona Sul integra o ranking das mortes na cidade: Copacabana, que ocupa o 3\u00ba lugar.&nbsp;<\/p>\n<p>Estes n\u00fameros confirmam uma realidade j\u00e1 conhecida no estado, mas que n\u00e3o pode ser esquecida e que ainda deve produzir, em alguma medida, incomodo em todos n\u00f3s: ao observar os dados de \u00f3bitos temos a certeza de que as mortes por Covid-19 n\u00e3o s\u00e3o \u201cdemocr\u00e1ticas\u201d ou restritas aos chamados \u201cgrupos de risco\u201d da doen\u00e7a.<\/p>\n<p>O v\u00edrus cada dia mais atinge a popula\u00e7\u00e3o pobre do Rio de Janeiro. Fen\u00f4meno que se amplia com as medidas de flexibiliza\u00e7\u00e3o do isolamento j\u00e1 em curso, pois os trabalhadores que integram a for\u00e7a de trabalho nesta regi\u00e3o, n\u00e3o por acaso, s\u00e3o residentes nos bairros e \u00e1reas com maior incid\u00eancia de \u00f3bitos na cidade \u2013 e no estado.&nbsp;<\/p>\n<p>A letalidade da Covid-19 mostra sua face mais terr\u00edvel em um estado administrado de forma ca\u00f3tica como o Rio de Janeiro.&nbsp;<\/p>\n","protected":false},"excerpt":{"rendered":"<p>Este \u00e9 o quinto texto da s\u00e9rie de an\u00e1lises contextualizadas de cada um dos estados brasileiros, no especial &#8220;Os governos estaduais e as a\u00e7\u00f5es de enfrentamento \u00e0 pandemia no Brasil&#8221;, publicado entre os dias 8 e 12 de junho na p\u00e1gina da ABCP. Acompanhe!<\/p>\n","protected":false},"author":3,"featured_media":0,"comment_status":"open","ping_status":"open","sticky":false,"template":"","format":"standard","meta":{"footnotes":""},"categories":[1],"tags":[],"class_list":["post-179","post","type-post","status-publish","format-standard","hentry","category-uncategorized"],"_links":{"self":[{"href":"https:\/\/cienciapolitica.org.br\/web\/wp-json\/wp\/v2\/posts\/179","targetHints":{"allow":["GET"]}}],"collection":[{"href":"https:\/\/cienciapolitica.org.br\/web\/wp-json\/wp\/v2\/posts"}],"about":[{"href":"https:\/\/cienciapolitica.org.br\/web\/wp-json\/wp\/v2\/types\/post"}],"author":[{"embeddable":true,"href":"https:\/\/cienciapolitica.org.br\/web\/wp-json\/wp\/v2\/users\/3"}],"replies":[{"embeddable":true,"href":"https:\/\/cienciapolitica.org.br\/web\/wp-json\/wp\/v2\/comments?post=179"}],"version-history":[{"count":0,"href":"https:\/\/cienciapolitica.org.br\/web\/wp-json\/wp\/v2\/posts\/179\/revisions"}],"wp:attachment":[{"href":"https:\/\/cienciapolitica.org.br\/web\/wp-json\/wp\/v2\/media?parent=179"}],"wp:term":[{"taxonomy":"category","embeddable":true,"href":"https:\/\/cienciapolitica.org.br\/web\/wp-json\/wp\/v2\/categories?post=179"},{"taxonomy":"post_tag","embeddable":true,"href":"https:\/\/cienciapolitica.org.br\/web\/wp-json\/wp\/v2\/tags?post=179"}],"curies":[{"name":"wp","href":"https:\/\/api.w.org\/{rel}","templated":true}]}}