{"id":207,"date":"2020-07-12T03:28:27","date_gmt":"2020-07-12T03:28:27","guid":{"rendered":"https:\/\/tmp.cienciapolitica.org.br\/2020\/07\/12\/especial-abcp-acoes-distrito-federal\/"},"modified":"2020-07-12T03:28:27","modified_gmt":"2020-07-12T03:28:27","slug":"especial-abcp-acoes-distrito-federal","status":"publish","type":"post","link":"https:\/\/cienciapolitica.org.br\/web\/especial-abcp-acoes-distrito-federal\/","title":{"rendered":"ESPECIAL ABCP: As a\u00e7\u00f5es do Distrito Federal no enfrentamento \u00e0 pandemia"},"content":{"rendered":"<p>Este \u00e9 o oitavo texto da s\u00e9rie de an\u00e1lises contextualizadas de cada um dos estados brasileiros, no especial &#8220;Os governos estaduais e as a\u00e7\u00f5es de enfrentamento \u00e0 pandemia no Brasil&#8221;, publicado entre os dias 8 e 12 de junho na p\u00e1gina da ABCP. Acompanhe!<br \/>\n<!--more--><\/p>\n<h4><em>Este \u00e9 o oitavo texto da s\u00e9rie de an\u00e1lises contextualizadas de cada um dos estados brasileiros, no especial &#8220;<a href=\"https:\/\/cienciapolitica.org.br\/noticias\/2020\/06\/especial-abcp-governos-estaduais-e-acoes-enfrentamento\">Os governos estaduais e as a\u00e7\u00f5es de enfrentamento \u00e0 pandemia no Brasil<\/a>&#8220;, publicado entre os dias 8 e 12 de junho na p\u00e1gina da ABCP. Acompanhe!<\/em><\/h4>\n<hr \/>\n<p><strong>Distrito Federal: entre avan\u00e7os e retrocessos no distanciamento social&nbsp;<\/strong><\/p>\n<p>Nome da&nbsp;autora e institui\u00e7\u00e3o&nbsp;\u00e0&nbsp;qual&nbsp;est\u00e1&nbsp;vinculada:&nbsp;Michelle Fernandez,&nbsp;Instituto de Ci\u00eancia Pol\u00edtica da Universidade de Bras\u00edlia (IPOL\/UnB)<\/p>\n<p>Titula\u00e7\u00e3o:&nbsp;Doutora em Ci\u00eancia Pol\u00edtica pela Universidade de Salamanca<\/p>\n<p>Regi\u00e3o:&nbsp;Centro-oeste<\/p>\n<p>Governador (Partido):&nbsp;Ibaneis Rocha (MDB)<\/p>\n<p>Popula\u00e7\u00e3o: 3 milh\u00f5es e 15 mil habitantes<\/p>\n<p>Casos confirmados em 06\/06\/2020:&nbsp;15.850<\/p>\n<p>\u00d3bitos confirmados em 06\/06\/2020:192<\/p>\n<p>Casos por 100 mil hab.:&nbsp;465,44<\/p>\n<p>\u00d3bitos por 100 mil hab.:&nbsp;1,3<\/p>\n<hr \/>\n<p><strong>* Por:&nbsp;Michelle Fernandez<\/strong><\/p>\n<p>O Distrito Federal, que \u00e9 dividido em 31 regi\u00f5es administrativas, teve o seu primeiro caso confirmado de Covid-19 em 5 de mar\u00e7o. Mesmo antes dessa confirma\u00e7\u00e3o, o Governo do Distrito Federal (GDF) j\u00e1 havia tomado medidas para o enfrentamento da epidemia que inevitavelmente chegaria na capital federal.<\/p>\n<p>Em 28 de fevereiro o Governo do DF declarou, por decreto, situa\u00e7\u00e3o de emerg\u00eancia de sa\u00fade p\u00fablica e, em 11 de mar\u00e7o, decretou as primeiras medidas de enfrentamento \u00e0&nbsp;pandemia, incluindo suspens\u00e3o das aulas em escolas e universidades e limita\u00e7\u00e3o de aglomera\u00e7\u00e3o de pessoas em diversos tipos de situa\u00e7\u00e3o. Portanto, no DF, as medidas de isolamento social foram tomadas de maneira precoce, se comparado \u00e0s decis\u00f5es dos demais estados brasileiros.&nbsp;<\/p>\n<p>A atua\u00e7\u00e3o do GDF no enfrentamento da pandemia pode ser agrupada em tr\u00eas categorias: recomendac\u0327a\u0303o ou determinac\u0327a\u0303o do isolamento e do distanciamento social; ampliac\u0327a\u0303o da capacidade de atendimento dos servic\u0327os de sau\u0301de; e a\u00e7\u00f5es de sa\u00fade p\u00fablica mais cl\u00e1ssicas para enfrentamento a epidemias, como mapeamento e vigil\u00e2ncia dos casos suspeitos e confirmados.&nbsp;<\/p>\n<p>Entre as recomenda\u00e7\u00f5es ou determina\u00e7\u00f5es de isolamento e distanciamento social est\u00e3o a suspens\u00e3o das aulas, o fechamento do com\u00e9rcio, o fechamento de bares e restaurantes, a restri\u00e7\u00e3o de funcionamento das ag\u00eancias banc\u00e1rias, a proibi\u00e7\u00e3o de aglomera\u00e7\u00f5es de qualquer natureza, entre outras. O in\u00edcio dessas a\u00e7\u00f5es no Distrito Federal ocorreu durante a segunda e a terceira semanas de mar\u00e7o, muito antes de serem discutidas e adotadas pela grande maioria dos estados.<\/p>\n<p>Por\u00e9m, essas medidas sofreram fortes investidas contr\u00e1rias \u00e0 sua perman\u00eancia, sobretudo pelo empresariado do DF e pelo discurso do Governo Federal, principalmente externado pelo presidente da Rep\u00fablica. Nesse contexto, a partir de 7 de abril tivemos uma s\u00e9rie de medidas de reabertura no \u00e2mbito do DF: retorno de atividades banc\u00e1rias (7 de abril); retorno do setor moveleiro, de eletrodom\u00e9sticos e do Sistema S (9 de abril); retorno de lojas de cal\u00e7ados e de roupas (16 de abril); retorno de profissionais aut\u00f4nomos (22 de abril); retorno de com\u00e9rcio varejista, incluindo shoppings, e de toda ind\u00fastria (24 de maio); e reabertura dos parques p\u00fablicos (30 de maio).&nbsp;<\/p>\n<p>Assim, claramente o DF passou por um processo intenso e inadequado de reabertura dadas as condi\u00e7\u00f5es de avan\u00e7o da epidemia. Como resultado desse processo precipitado, em 6 de junho tivemos um decreto com novas medidas restritivas que coloca tr\u00eas regi\u00f5es administrativas, Ceil\u00e2ndia, Sol Nascente\/P\u00f4r do Sol e Estrutural, de volta ao ponto inicial do isolamento social.<\/p>\n<p>Esses processos de abertura precoce, como v\u00eam acontecendo no Distrito Federal, nos colocam diante de um enfrentamento pouco eficiente da pandemia, uma vez que n\u00e3o possibilitam&nbsp;a diminui\u00e7\u00e3o na rapidez de cont\u00e1gio a ponto de vislumbrarmos uma sa\u00edda sustentada do isolamento a m\u00e9dio prazo. Em s\u00edntese, n\u00e3o realizar um isolamento correto pode fazer com que os habitantes do Distrito Federal fiquem mais tempo sob contexto de distanciamento social.<\/p>\n<p>Sobre o aumento da capacidade dos servi\u00e7os de sa\u00fade, o Governo do Distrito Federal continuou atuando para ampliar o n\u00famero de funcion\u00e1rios na sa\u00fade, fazendo novas nomea\u00e7\u00f5es de profissionais aprovados em concurso.<\/p>\n<p>Al\u00e9m disso, continuou sendo ampliada a oferta de leitos na rede de sa\u00fade do DF com o in\u00edcio do funcionamento do hospital de campanha no Est\u00e1dio Man\u00e9 Garrincha e o aumento de leitos em outras unidades de sa\u00fade. A capacidade instalada dos servi\u00e7os de sa\u00fade do DF ainda opera com uma certa tranquilidade para atender os casos de Covid-19 que necessitem de assist\u00eancia hospitalar.<\/p>\n<p>Por fim, com rela\u00e7\u00e3o \u00e0s a\u00e7\u00f5es de vigil\u00e2ncia epidemiol\u00f3gica, o GDF tem realizado testagem de pacientes que apresentam sintomas respirat\u00f3rios ou que tenham tido contato com pessoas infectadas. Em abril, com a amplia\u00e7\u00e3o da capacidade de testagem, come\u00e7ou o servi\u00e7o de teste por drive-thru. Por\u00e9m, em maio, com n\u00famero insuficiente de testes para manter esse servi\u00e7o em funcionamento, o GDF instituiu o modelo itinerante de testes, concentrando a testagem em locais de acordo com calend\u00e1rio previamente estabelecido.<\/p>\n<p>Essa diminui\u00e7\u00e3o na capacidade de testagem dificulta a tentativa de mapeamento da situa\u00e7\u00e3o da epidemia em Bras\u00edlia e suas cidades sat\u00e9lites. Al\u00e9m disso, sabemos que as repostas adequadas em cen\u00e1rios de epidemia passam por uma jun\u00e7\u00e3o entre enfrentamento comunit\u00e1rio e a\u00e7\u00f5es de vigil\u00e2ncia epidemiol\u00f3gica.<\/p>\n<p>Nesse sentido, a aten\u00e7\u00e3o prim\u00e1ria \u00e0 sa\u00fade poderia exercer um papel fundamental na identifica\u00e7\u00e3o de casos e no combate \u00e0&nbsp;prolifera\u00e7\u00e3o dos cont\u00e1gios. No entanto, no DF, n\u00e3o h\u00e1 uma coordena\u00e7\u00e3o precisa sobre o papel desses servi\u00e7os durante a epidemia.&nbsp;<\/p>\n<p>\u00c9 ineg\u00e1vel a assertividade do GDF no estabelecimento do distanciamento social de forma precoce. Por\u00e9m, a flexibiliza\u00e7\u00e3o do distanciamento de forma inadequada tamb\u00e9m tem se refletido no avan\u00e7o mais r\u00e1pido da epidemia no Distrito Federal.<\/p>\n<p>No momento, \u00e9 dif\u00edcil precisar os desafios do Governo do Distrito Federal no enfrentamento \u00e0 crise sanit\u00e1ria. Esses movimentos de avan\u00e7os e retrocessos quanto ao distanciamento social nos colocam em um limbo com rela\u00e7\u00e3o ao momento preciso da epidemia que vivemos.<\/p>\n<p>\u00c9 preciso posicionar-se firmemente sobre a necessidade do isolamento e continuar garantindo o funcionamento adequado do sistema de sa\u00fade e a execu\u00e7\u00e3o das medidas de vigil\u00e2ncia epidemiol\u00f3gica para passar pelo avan\u00e7o da epidemia de uma forma controlada no Distrito Federal.&nbsp;<\/p>\n<p><img decoding=\"async\" alt=\"Linha do tempo: Publica\u00e7\u00e3o de medidas de combate \u00e0 Covid-19\" data-caption=\"Medidas de reabertura no Distrito Federal\" data-entity-type=\"file\" data-entity-uuid=\"3f2cdf38-9d6c-4b1f-b5ca-9c40929cd8f3\" src=\"\/sites\/default\/files\/imagens\/wysiwyg\/Linha%20do%20tempo%20-%20medidas%20de%20reabertura%20no%20DF.jpg\" \/><\/p>\n<p>&nbsp;<\/p>\n","protected":false},"excerpt":{"rendered":"<p>Este \u00e9 o oitavo texto da s\u00e9rie de an\u00e1lises contextualizadas de cada um dos estados brasileiros, no especial &#8220;Os governos estaduais e as a\u00e7\u00f5es de enfrentamento \u00e0 pandemia no Brasil&#8221;, publicado entre os dias 8 e 12 de junho na p\u00e1gina da ABCP. Acompanhe!<\/p>\n","protected":false},"author":3,"featured_media":0,"comment_status":"open","ping_status":"open","sticky":false,"template":"","format":"standard","meta":{"footnotes":""},"categories":[1],"tags":[],"class_list":["post-207","post","type-post","status-publish","format-standard","hentry","category-uncategorized"],"_links":{"self":[{"href":"https:\/\/cienciapolitica.org.br\/web\/wp-json\/wp\/v2\/posts\/207","targetHints":{"allow":["GET"]}}],"collection":[{"href":"https:\/\/cienciapolitica.org.br\/web\/wp-json\/wp\/v2\/posts"}],"about":[{"href":"https:\/\/cienciapolitica.org.br\/web\/wp-json\/wp\/v2\/types\/post"}],"author":[{"embeddable":true,"href":"https:\/\/cienciapolitica.org.br\/web\/wp-json\/wp\/v2\/users\/3"}],"replies":[{"embeddable":true,"href":"https:\/\/cienciapolitica.org.br\/web\/wp-json\/wp\/v2\/comments?post=207"}],"version-history":[{"count":0,"href":"https:\/\/cienciapolitica.org.br\/web\/wp-json\/wp\/v2\/posts\/207\/revisions"}],"wp:attachment":[{"href":"https:\/\/cienciapolitica.org.br\/web\/wp-json\/wp\/v2\/media?parent=207"}],"wp:term":[{"taxonomy":"category","embeddable":true,"href":"https:\/\/cienciapolitica.org.br\/web\/wp-json\/wp\/v2\/categories?post=207"},{"taxonomy":"post_tag","embeddable":true,"href":"https:\/\/cienciapolitica.org.br\/web\/wp-json\/wp\/v2\/tags?post=207"}],"curies":[{"name":"wp","href":"https:\/\/api.w.org\/{rel}","templated":true}]}}