{"id":208,"date":"2020-07-12T03:29:54","date_gmt":"2020-07-12T03:29:54","guid":{"rendered":"https:\/\/tmp.cienciapolitica.org.br\/2020\/07\/12\/especial-abcp-acoes-goias-enfrentamento\/"},"modified":"2020-07-12T03:29:54","modified_gmt":"2020-07-12T03:29:54","slug":"especial-abcp-acoes-goias-enfrentamento","status":"publish","type":"post","link":"https:\/\/cienciapolitica.org.br\/web\/especial-abcp-acoes-goias-enfrentamento\/","title":{"rendered":"ESPECIAL ABCP: As a\u00e7\u00f5es de Goi\u00e1s no enfrentamento \u00e0 pandemia"},"content":{"rendered":"<p>Este \u00e9 o nono\u00a0texto da s\u00e9rie de an\u00e1lises contextualizadas de cada um dos estados brasileiros, no especial &#8220;Os governos estaduais e as a\u00e7\u00f5es de enfrentamento \u00e0 pandemia no Brasil&#8221;, publicado entre os dias 8 e 12 de junho na p\u00e1gina da ABCP. Acompanhe!<br \/>\n<!--more--><\/p>\n<h4>Este \u00e9 o nono&nbsp;texto da s\u00e9rie de an\u00e1lises contextualizadas de cada um dos estados brasileiros, no especial &#8220;<a href=\"https:\/\/cienciapolitica.org.br\/noticias\/2020\/06\/especial-abcp-governos-estaduais-e-acoes-enfrentamento\">Os governos estaduais e as a\u00e7\u00f5es de enfrentamento \u00e0 pandemia no Brasil<\/a>&#8220;, publicado entre os dias 8 e 12 de junho na p\u00e1gina da ABCP. Acompanhe!<\/h4>\n<hr \/>\n<p><strong>Diagn\u00f3stico, estimativas, conjuntura e rela\u00e7\u00f5es sobre a pandemia da COVID-19 em Goi\u00e1s<\/strong><\/p>\n<p>Nome dos autores:&nbsp;Robert Bonif\u00e1cio; Lucas Okado; Claudiomar Rolim Filho<\/p>\n<p>Institui\u00e7\u00f5es \u00e0s quais os autores est\u00e3o vinculados:&nbsp;UFG; UFG; IPEA\/IDP<\/p>\n<p>Titula\u00e7\u00e3o dos autores e institui\u00e7\u00e3o em que a obteve:&nbsp;Doutor em Ci\u00eancia Pol\u00edtica, UFMG; Doutor em Ci\u00eancia Pol\u00edtica, UFPR; Mestre em Economia, UnB<\/p>\n<p>Regi\u00e3o:&nbsp;Centro-oeste<\/p>\n<p>Governador (Partido):&nbsp;Ronaldo Caiado (DEM)<\/p>\n<p>Popula\u00e7\u00e3o:&nbsp;7.018.354 (2019)<\/p>\n<p>N\u00famero de munic\u00edpios:&nbsp;246<\/p>\n<p>Casos confirmados em 05\/06\/2020:&nbsp;5.373<\/p>\n<p>\u00d3bitos confirmados em 05\/06\/2020:167<\/p>\n<p>Casos por 100 mil hab.:&nbsp;76,55<\/p>\n<p>\u00d3bitos por 100 mil hab.:&nbsp;2,37<\/p>\n<hr \/>\n<p><strong>* Por:&nbsp;Robert Bonif\u00e1cio; Lucas Okado e&nbsp;Claudiomar Rolim Filho<\/strong><\/p>\n<p>Como se tem observado ao redor do mundo, a pandemia da COVID-19 n\u00e3o tem consequ\u00eancias somente no campo da sa\u00fade p\u00fablica, afetando estruturalmente as sociedades. Neste trabalho, analisamos brevemente algumas das quest\u00f5es envolvidas com a propaga\u00e7\u00e3o do v\u00edrus Sars-CoV-2 no estado de Goi\u00e1s, enfatizando as seguintes perspectivas anal\u00edticas: (1) diagn\u00f3stico e estimativas relacionados \u00e0 sa\u00fade p\u00fablica; (2) alinhamento e conflitos institucionais e pol\u00edticos; e (3) rela\u00e7\u00f5es entre quest\u00f5es socioecon\u00f4micas, de gest\u00e3o e de sa\u00fade p\u00fablica com a incid\u00eancia de casos nos munic\u00edpios goianos.&nbsp;<\/p>\n<p>Como principais resultados, destacamos que (1) a trajet\u00f3ria do n\u00famero de casos e \u00f3bitos em Goi\u00e1s n\u00e3o \u00e9 linear e que o seu crescimento n\u00e3o se d\u00e1 de forma exponencial simples; (2) que h\u00e1 mais conflitos do que alinhamentos pol\u00edticos e institucionais relevantes entre as autoridades representativas regionais; e (3) que a quantidade de estabelecimentos do Sistema \u00danico de Sa\u00fade (SUS) e o \u00cdndice de Desenvolvimento Humano (IDH) est\u00e3o correlacionados em sentido negativo e positivo com a incid\u00eancia de casos de COVID-19 nos munic\u00edpios, respectivamente.&nbsp;<\/p>\n<p><strong>Diagn\u00f3stico e estimativas de sa\u00fade p\u00fablica sob a pandemia&nbsp;<\/strong><\/p>\n<p>At\u00e9 o dia 05\/06\/2020, Goi\u00e1s tinha 5.373 casos e 167 \u00f3bitos confirmados, causados pelo v\u00edrus Sars-Cov-2, posicionando-se na 23\u00aa coloca\u00e7\u00e3o nacional, em ambas as situa\u00e7\u00f5es, comparando-se com os demais estados brasileiros<strong>&nbsp;<\/strong>[1]. A m\u00e9dia de 334,2 novos casos di\u00e1rios no estado, no m\u00eas de junho, \u00e9 o maior patamar da s\u00e9rie hist\u00f3rica, desde o registro do primeiro caso [2]. O mapa 1 abaixo ilustra a propaga\u00e7\u00e3o da pandemia no estado de Goi\u00e1s por munic\u00edpios, real\u00e7ando as diferen\u00e7as de quantidade de casos entre eles.&nbsp;&nbsp;<\/p>\n<p><img fetchpriority=\"high\" decoding=\"async\" alt=\"Mapa 1 \u2013 Incid\u00eancia de casos de COVID-19 em munic\u00edpios goianos (casos por 100 mil habitantes)\" data-caption=\"Mapa 1 \u2013 Incid\u00eancia de casos de COVID-19 em munic\u00edpios goianos (casos por 100 mil habitantes)&lt;br \/&gt;\n&lt;br \/&gt;\n&lt;em&gt;Fonte: elaborado pelos autores, a partir de dados da Secretaria de Sa\u00fade do Estado de Goi\u00e1s em 04\/06\/2020.&lt;\/em&gt;\" data-entity-type=\"file\" data-entity-uuid=\"04790b87-abed-4ea4-9d9c-ff4b83117660\" height=\"306\" src=\"\/sites\/default\/files\/imagens\/wysiwyg\/go.jpg\" width=\"788\" \/><\/p>\n<p>Embora haja um aumento paulatino de n\u00famero de casos e de \u00f3bitos em Goi\u00e1s, o quantitativo e o percentual de utiliza\u00e7\u00e3o de leitos indicam que a capacidade de atendimento, para o momento corrente, \u00e9 suficiente.<\/p>\n<p>O monitor de dados sobre a COVID-19 em Goi\u00e1s da Universidade Federal de Goi\u00e1s<strong>&nbsp;<\/strong>[3], considerando informa\u00e7\u00f5es atualizadas em 05\/06\/2020, indica que existiam 2309 leitos sob gest\u00e3o do governo estadual.&nbsp;<\/p>\n<p>Considerando apenas os leitos exclusivamente dedicados ao tratamento da pandemia, haviam 297 unidades, sendo 180 unidades j\u00e1 implantadas e 117 unidades em implanta\u00e7\u00e3o, constituindo-se uma taxa geral de ocupa\u00e7\u00e3o de aproximadamente 52%. Analisando-se de maneira segmentada, havia 65% de ocupa\u00e7\u00e3o em leitos de UTI e 43% de ocupa\u00e7\u00e3o em leitos de enfermagem.&nbsp;<\/p>\n<p>Para an\u00e1lises mais refinadas, as notas t\u00e9cnicas emitidas pela Universidade Federal de Goi\u00e1s t\u00eam sido refer\u00eancias [4]. As notas t\u00e9cnicas de n\u00fameros 3, 4 e 5 [5], de autoria dos professores doutores Jos\u00e9 Alexandre Felizola Diniz Filho, Thiago Rangel e Cristiana Toscano, publicadas em 26\/05, 29\/05 e 04\/06\/2020, respectivamente, trazem esclarecimentos sobre (1) as proje\u00e7\u00f5es de casos e \u00f3bitos, (2) o n\u00famero reprodutivo efetivo (Re) e (3) a avalia\u00e7\u00e3o do impacto de medidas de distanciamento social na epidemia de COVID-19 em Goi\u00e1s. De modo resumido, destacamos alguns de seus principais resultados:<\/p>\n<p>&#8211; O n\u00famero acumulado de casos confirmados em Goi\u00e1s n\u00e3o \u00e9 linear, descartando-se um crescimento exponencial simples desde o in\u00edcio da pandemia;<\/p>\n<p>&#8211; O n\u00famero efetivo de reprodu\u00e7\u00e3o (Re) da COVID-19 em Goi\u00e1s variou entre 1,1 (valor mais baixo, em 05\/04\/20) e 1,6 (valor mais alto, em 22\/05\/20). Considerando-se o cen\u00e1rio mais pessimista criado pelos autores, que vislumbra a manuten\u00e7\u00e3o de baixas taxas relativas de isolamento social, estima-se o atingimento de um valor m\u00e1ximo de 1,8 de Re em 12\/06, com queda paulatina at\u00e9 27\/07, quando se atingiria o valor de 1,2.&nbsp;<\/p>\n<p>&#8211; Caso n\u00e3o tivesse sido implantada nenhuma medida de distanciamento social, estima-se que o Re teria se mantido em torno de 2,3. Isso significaria que, at\u00e9 o dia 02\/06\/2020, entre 4,1 e 4,4 milh\u00f5es de pessoas teriam sido infectadas, isto \u00e9, entre 59% e 63% da popula\u00e7\u00e3o do estado.<\/p>\n<p>&#8211; Estimativa do acumulado de pacientes internados em leitos de UTI em final de junho e em final de julho: 1.915 &#8211; 2.584 e 8.586 &#8211; 9.327, respectivamente;&nbsp;<\/p>\n<p>&#8211; Estimativa da quantidade de casos di\u00e1rios por COVID-19 no dia 30 de junho e no dia 31 de julho: 67 &#8211; 95 e 129 &#8211; 162, respectivamente;&nbsp;<\/p>\n<p>&#8211; Estimativa do acumulado de \u00f3bitos por COVID-19 em final de junho e em final de julho: 1.052 &#8211; 1.438 e 5.360 &#8211; 5.938, respectivamente.&nbsp;<\/p>\n<p><strong>Alinhamento e conflitos intergovernamentais e pol\u00edticos<em>&nbsp;<\/em><\/strong><\/p>\n<p>Em Goi\u00e1s, a pandemia gerou mais conflitos que alinhamento institucional e pol\u00edtico. Destacamos quatro situa\u00e7\u00f5es ocorridas e\/ou vigentes, desde a confirma\u00e7\u00e3o do primeiro caso de infec\u00e7\u00e3o pelo Sars-CoV-2, at\u00e9 per\u00edodo corrente.&nbsp;<\/p>\n<p>O \u00fanico alinhamento percept\u00edvel se d\u00e1 entre o governador, Ronaldo Caiado (DEM), e o prefeito da capital e maior cidade do estado, Goi\u00e2nia, o emedebista \u00cdris Rezende. N\u00e3o se verifica conflitos p\u00fablicos entre ambos, desde o in\u00edcio da pandemia. De um modo geral, \u00cdris iniciou o per\u00edodo da pandemia tendo um comportamento mais recluso, com os holofotes focando-se em Caiado.<\/p>\n<p>No entanto, com a incapacidade do governador em emitir um novo decreto nas primeiras semanas de maio, visando retroceder em alguns pontos da flexibiliza\u00e7\u00e3o do decreto de 19\/04\/2020 [6], o prefeito passou a destacar-se mais, emitindo decretos municipais sem, necessariamente, haver combina\u00e7\u00e3o com as a\u00e7\u00f5es do governo estadual.&nbsp;&nbsp;<\/p>\n<p>Sobre os conflitos, destacam-se quatro. Tr\u00eas deles j\u00e1 foram interpretados por um dos autores deste trabalho em outras publica\u00e7\u00f5es. Em todos os casos, Caiado est\u00e1 envolvido nos conflitos, que ocorreram com o presidente Jair Bolsonaro (sem partido), com o presidente da Federa\u00e7\u00e3o das Ind\u00fastrias do Estado de Goi\u00e1s (FIEG), Sandro Mabel; e com o senador Vanderlan Cardoso (PSD-GO) [7].<\/p>\n<p>O mais recente conflito se deu entre o governador e alguns prefeitos. Por um lado, Caiado ansiava fazer um novo decreto, nas primeiras semanas de maio, a fim de revogar algumas flexibiliza\u00e7\u00f5es autorizadas pelo decreto de 19\/04\/2020. Por outro lado, os prefeitos pressionavam pela manuten\u00e7\u00e3o das flexibiliza\u00e7\u00f5es e projetavam autorizar o funcionamento normal de ainda mais atividades econ\u00f4micas [8]. Como resultado, o governador deu-se por vencido e n\u00e3o revogou as flexibiliza\u00e7\u00f5es vigentes, dizendo que \u201cn\u00e3o baixaria decreto letra morta\u201d [9].&nbsp;<\/p>\n<p><strong>O que est\u00e1 correlacionado \u00e0 incid\u00eancia de casos nos munic\u00edpios goianos?&nbsp;<\/strong><\/p>\n<p>Investigamos a correla\u00e7\u00e3o entre algumas quest\u00f5es relacionadas \u00e0s condi\u00e7\u00f5es socioecon\u00f4micas, \u00e0 gest\u00e3o e \u00e0 sa\u00fade p\u00fablica com a incid\u00eancia de casos da COVID-19 nos munic\u00edpios goianos. Fazemos uma explora\u00e7\u00e3o inicial de dados a respeito, focando mais na detec\u00e7\u00e3o de poss\u00edveis rela\u00e7\u00f5es v\u00e1lidas do que&nbsp;em uma discuss\u00e3o aprofundada sobre elementos explicativos.&nbsp;<\/p>\n<p>Utilizamos as seguintes vari\u00e1veis: n\u00famero de casos de COVID confirmados at\u00e9 o dia 04\/06\/2020 (Secretaria Estadual de Sa\u00fade de Goi\u00e1s); n\u00famero de estabelecimentos do Sistema \u00danico de Sa\u00fade (SUS) por 100 mil habitantes (IBGE, 2019); gastos com sa\u00fade per capita (IBGE, 2019); percentual de pessoas extremamente pobres (IBGE, 2010); \u00cdndice de&nbsp;Desenvolvimento Humano (Banco Mundial, 2018); \u00cdndice de Transpar\u00eancia Municipal (Tribunal de Contas dos Munic\u00edpios de Goi\u00e1s, 2019); arrecada\u00e7\u00e3o per capita (IBGE, 2019) [10].&nbsp;<\/p>\n<p>A partir da distribui\u00e7\u00e3o dos dados nos gr\u00e1ficos abaixo, somente duas rela\u00e7\u00f5es mostram-se relevantes. Observa-se uma correla\u00e7\u00e3o de sentido negativo entre n\u00famero de estabelecimentos SUS por 100 mil habitantes e incid\u00eancia de casos. Isto \u00e9, h\u00e1 menor quantidade de casos de COVID-19 em munic\u00edpios com maior quantidade de estabelecimentos de sa\u00fade p\u00fablica (gr\u00e1fico 1).<\/p>\n<p>Por outro lado, identifica-se uma correla\u00e7\u00e3o positiva entre IDH e incid\u00eancia de casos, ou seja, h\u00e1 mais casos de COVID-19 em munic\u00edpios com maiores taxas de IDH (gr\u00e1fico 2). O valor modular de ambas as correla\u00e7\u00f5es \u00e9 de aproximadamente 0,15, o que pode ser considerado de intensidade baixa a moderada. As demais correla\u00e7\u00f5es apresentam baixo valor de correla\u00e7\u00e3o, o que significa que n\u00e3o h\u00e1 qualquer tend\u00eancia e aus\u00eancia de validade estat\u00edstica.&nbsp;<\/p>\n<p><img decoding=\"async\" alt=\"Gr\u00e1fico 1 - Correla\u00e7\u00e3o entre casos de COVID-19 (escala logar\u00edtmica) e estabelecimentos SUS por 100 mil habitantes nos munic\u00edpios de Goi\u00e1s\" data-caption=\"Gr\u00e1fico 1 - Correla\u00e7\u00e3o entre casos de COVID-19 (escala logar\u00edtmica) e estabelecimentos SUS por 100 mil habitantes nos munic\u00edpios de Goi\u00e1s&lt;br \/&gt;\n&lt;br \/&gt;\n&lt;em&gt;Fonte: elaborado pelos autores, a partir de dados do IBGE e da Secretaria de Sa\u00fade do Estado de Goi\u00e1&lt;\/em&gt;s\" data-entity-type=\"file\" data-entity-uuid=\"9c2bbfeb-9a07-40e4-86d0-3e56b5abb359\" height=\"504\" src=\"\/sites\/default\/files\/imagens\/wysiwyg\/go%201.jpg\" width=\"704\" \/><\/p>\n<p>&nbsp;<\/p>\n<p><img decoding=\"async\" alt=\"Gr\u00e1fico 2 - Correla\u00e7\u00e3o entre casos de COVID-19 (escala logar\u00edtmica) e \u00cdndice de Desenvolvimento Humano (IDH) nos munic\u00edpios de Goi\u00e1s\" data-caption=\"Gr\u00e1fico 2 - Correla\u00e7\u00e3o entre casos de COVID-19 (escala logar\u00edtmica) e \u00cdndice de Desenvolvimento Humano (IDH) nos munic\u00edpios de Goi\u00e1s&lt;br \/&gt;\n&lt;br \/&gt;\n&lt;em&gt;Fonte: elaborado pelos autores, a partir de dados do Banco Mundial e da Secretaria de Sa\u00fade do Estado de Goi\u00e1s&lt;\/em&gt;\" data-entity-type=\"file\" data-entity-uuid=\"20416a43-65a7-4a8f-8bff-b7382fdc8803\" height=\"510\" src=\"\/sites\/default\/files\/imagens\/wysiwyg\/go%203_0.jpg\" width=\"713\" \/><\/p>\n<p>&nbsp;<\/p>\n<p><img loading=\"lazy\" decoding=\"async\" alt=\"Gr\u00e1fico 3 - Correla\u00e7\u00e3o entre casos de COVID-19 (escala logar\u00edtmica) e gastos com sa\u00fade per capita nos munic\u00edpios de Goi\u00e1s\" data-caption=\"Gr\u00e1fico 3 - Correla\u00e7\u00e3o entre casos de COVID-19 (escala logar\u00edtmica) e gastos com sa\u00fade per capita nos munic\u00edpios de Goi\u00e1s&lt;br \/&gt;\n&lt;br \/&gt;\n&lt;em&gt;Fonte: elaborado pelos autores, a partir de dados do IBGE e da Secretaria de Sa\u00fade do Estado de Goi\u00e1s&lt;\/em&gt;&lt;br \/&gt;\n&amp;nbsp;\" data-entity-type=\"file\" data-entity-uuid=\"8e8a9fa4-3f72-472e-a17c-926dde22bb05\" height=\"517\" src=\"\/sites\/default\/files\/imagens\/wysiwyg\/go%204.jpg\" width=\"722\" \/><\/p>\n<p>&nbsp;<\/p>\n<p><img loading=\"lazy\" decoding=\"async\" alt=\"Gr\u00e1fico 4 - Correla\u00e7\u00e3o entre casos de COVID-19 (escala logar\u00edtmica) e percentual de fam\u00edlias extremamente pobres capita nos munic\u00edpios de Goi\u00e1s \" data-caption=\"Gr\u00e1fico 4 - Correla\u00e7\u00e3o entre casos de COVID-19 (escala logar\u00edtmica) e percentual de fam\u00edlias extremamente pobres per capita nos munic\u00edpios de Goi\u00e1s&lt;br \/&gt;\n&lt;br \/&gt;\n&lt;em&gt;Fonte: elaborado pelos autores, a partir de dados do IBGE e da Secretaria de Sa\u00fade do Estado de Goi\u00e1s&lt;\/em&gt;\" data-entity-type=\"file\" data-entity-uuid=\"d18a7575-63ff-4ac5-bde3-084ff4282779\" height=\"523\" src=\"\/sites\/default\/files\/imagens\/wysiwyg\/go%205.jpg\" width=\"730\" \/><\/p>\n<p>&nbsp;<\/p>\n<p><img loading=\"lazy\" decoding=\"async\" alt=\"Gr\u00e1fico 5 - Correla\u00e7\u00e3o entre casos de COVID-19 (escala logar\u00edtmica) e \u00cdndice de Transpar\u00eancia dos Munic\u00edpios nos munic\u00edpios de Goi\u00e1s\" data-caption=\"Gr\u00e1fico 5 - Correla\u00e7\u00e3o entre casos de COVID-19 (escala logar\u00edtmica) e \u00cdndice de Transpar\u00eancia dos Munic\u00edpios nos munic\u00edpios de Goi\u00e1s&lt;br \/&gt;\n&lt;br \/&gt;\n&lt;em&gt;Fonte: elaborado pelos autores, a partir de dados do TCM-GO e da Secretaria de Sa\u00fade do Estado de Goi\u00e1s&lt;\/em&gt;\" data-entity-type=\"file\" data-entity-uuid=\"e35c5baf-38de-4c3a-937b-c43c52aba7d5\" height=\"530\" src=\"\/sites\/default\/files\/imagens\/wysiwyg\/go%206.jpg\" width=\"741\" \/><\/p>\n<p>&nbsp;<\/p>\n<p><img loading=\"lazy\" decoding=\"async\" alt=\"Gr\u00e1fico 6 - Correla\u00e7\u00e3o entre casos de COVID-19 (escala logar\u00edtmica) e arrecada\u00e7\u00e3o per capita nos munic\u00edpios de Goi\u00e1s\" data-caption=\"Gr\u00e1fico 6 - Correla\u00e7\u00e3o entre casos de COVID-19 (escala logar\u00edtmica) e arrecada\u00e7\u00e3o per capita nos munic\u00edpios de Goi\u00e1s&lt;br \/&gt;\n&lt;br \/&gt;\n&lt;em&gt;Fonte: elaborado pelos autores, a partir de dados do IBGE e da Secretaria de Sa\u00fade do Estado de Goi\u00e1s&lt;\/em&gt;\" data-entity-type=\"file\" data-entity-uuid=\"143778ef-4879-48b3-9053-2a37e522d977\" height=\"532\" src=\"\/sites\/default\/files\/imagens\/wysiwyg\/go%207.jpg\" width=\"743\" \/><\/p>\n<p>&nbsp;<\/p>\n<p><strong><em>Autor: Dr. Robert Bonif\u00e1cio<\/em><\/strong><\/p>\n<p><em>Doutor em ci\u00eancia pol\u00edtica (UFMG). \u00c9 professor da Universidade Federal de Goi\u00e1s (UFG), onde atua como membro permanente dos programas de p\u00f3s-gradua\u00e7\u00e3o em ci\u00eancia pol\u00edtica e em direito e pol\u00edticas p\u00fablicas. Contato: <a href=\"mailto:rbonisilva@gmail.com\">rbonisilva@gmail.com<\/a>.&nbsp;<\/em><\/p>\n<p><strong><em>Coautor 1: Dr. Lucas Okado<\/em><\/strong><\/p>\n<p><em>Doutor em ci\u00eancia pol\u00edtica (UFPR). Realiza est\u00e1gio p\u00f3s-doutoral no programa de p\u00f3s-gradua\u00e7\u00e3o em ci\u00eancia pol\u00edtica da Universidade Federal de Goi\u00e1s. Contato: <a href=\"mailto:lucas.okado@gmail.com\">lucas.okado@gmail.com<\/a>.<\/em><\/p>\n<p><strong><em>Coautor 2: Me. Claudiomar Rolim Filho<\/em><\/strong><\/p>\n<p><em>Mestre em Economia pela Universidade de Bras\u00edlia (UnB). \u00c9 Especialista em Pol\u00edticas P\u00fablicas e Gest\u00e3o Governamental (EPPGG) e atualmente \u00e9 pesquisador no Instituto de Pesquisas Econ\u00f4micas Aplicadas (IPEA) e docente no Instituto de Direito P\u00fablico (IDP). Contato: <a href=\"mailto:claudiomar.filho@idp.edu.br\">claudiomar.filho@idp.edu.br<\/a>.&nbsp;<\/em><\/p>\n<p><strong>Refer\u00eancias bibliogr\u00e1ficas:<\/strong><\/p>\n<p><em>[1] Acesso em: <a href=\"https:\/\/coronavirusnobrasil.org\">https:\/\/coronavirusnobrasil.org<\/a>. Acessado em: 05\/06\/2020. <\/em><\/p>\n<p><em>[2]&nbsp;Acesso em:&nbsp;<a href=\"https:\/\/www.opopular.com.br\/noticias\/cidades\/acompanhe-a-evolu%C3%A7%C3%A3o-dos-casos-de-covid-19-em-goi%C3%A2nia-goi%C3%A1s-e-no-brasil-1.2035843\">https:\/\/www.opopular.com.br\/noticias\/cidades\/acompanhe-a-evolu\u00e7\u00e3o-dos-casos-de-covid-19-em-goi\u00e2nia-goi\u00e1s-e-no-brasil-1.2035843<\/a>. Acessado em: 05\/06\/2020. &nbsp;<\/em><\/p>\n<p><em>[3]&nbsp;Acesso em: <a href=\"https:\/\/covidgoias.ufg.br\/#\/map\">https:\/\/covidgoias.ufg.br\/#\/map<\/a>. Acessado em: 05\/06\/2020. <\/em><\/p>\n<p><em>[4]&nbsp;Acesso em: <a href=\"http:\/\/covid.bio.br\">http:\/\/covid.bio.br<\/a>. Acessado em: 05\/06\/2020. <\/em><\/p>\n<p><em>[5]&nbsp;<\/em><em>Nota t\u00e9cnica 3: <\/em><em><a href=\"http:\/\/covid.bio.br\/CovidGONT03.pdf\">http:\/\/covid.bio.br\/CovidGONT03.pdf<\/a>; nota t\u00e9cnica 4:&nbsp;<a href=\"http:\/\/covid.bio.br\/CovidGONT04.pdf\">http:\/\/covid.bio.br\/CovidGONT04.pdf<\/a>; e nota t\u00e9cnica 5:&nbsp;<a href=\"http:\/\/covid.bio.br\/CovidGONT05.pdf\">http:\/\/covid.bio.br\/CovidGONT05.pdf<\/a>. Acessadas em: 05\/06\/2020. <\/em><\/p>\n<p><em>[6]&nbsp;Acesso em: <a href=\"https:\/\/legisla.casacivil.go.gov.br\/pesquisa_legislacao\/103128\">https:\/\/legisla.casacivil.go.gov.br\/pesquisa_legislacao\/103128<\/a>. Acessado em: 05\/06\/2020<\/em><\/p>\n<p><em>[7]&nbsp;Acessos em: <a href=\"https:\/\/jornal.ufg.br\/n\/126077-panorama\">https:\/\/jornal.ufg.br\/n\/126077-panorama<\/a>, <a href=\"https:\/\/nepolufjf.wordpress.com\/2020\/04\/13\/o-covid-19-em-goiania-fatos-numeros-e-conflitos-politicos\/\">https:\/\/nepolufjf.wordpress.com\/2020\/04\/13\/o-covid-19-em-goiania-fatos-numeros-e-conflitos-politicos\/<\/a>, <a href=\"https:\/\/www.nexojornal.com.br\/especial\/2020\/05\/10\/Como-os-governos-estaduais-lidam-com-a-pandemia\">https:\/\/www.nexojornal.com.br\/especial\/2020\/05\/10\/Como-os-governos-estaduais-lidam-com-a-pandemia<\/a>. Acessados em: 05\/06\/2020. <\/em><\/p>\n<p><em>[8]&nbsp;&nbsp;Acesso em: <a href=\"https:\/\/diariodegoias.com.br\/em-reuniao-com-caiado-maioria-dos-prefeitos-defende-flexibilizacao\/\">https:\/\/diariodegoias.com.br\/em-reuniao-com-caiado-maioria-dos-prefeitos-defende-flexibilizacao\/<\/a>. Acessado em: 05\/06\/2020. <\/em><\/p>\n<p><em>[9]&nbsp;Acesso em: <a href=\"https:\/\/diariodegoias.com.br\/caiado-adia-novo-decreto-de-que-adianta-se-nao-tivermos-apoio\/\">https:\/\/diariodegoias.com.br\/caiado-adia-novo-decreto-de-que-adianta-se-nao-tivermos-apoio\/<\/a>. Acessado em: 05\/06\/2020.<\/em><\/p>\n<p><em>[10]&nbsp;&nbsp;Aos poss\u00edveis interessados em informa\u00e7\u00f5es detalhadas, favor entrar em contato com os autores.<\/em><\/p>\n","protected":false},"excerpt":{"rendered":"<p>Este \u00e9 o nono\u00a0texto da s\u00e9rie de an\u00e1lises contextualizadas de cada um dos estados brasileiros, no especial &#8220;Os governos estaduais e as a\u00e7\u00f5es de enfrentamento \u00e0 pandemia no Brasil&#8221;, publicado entre os dias 8 e 12 de junho na p\u00e1gina da ABCP. Acompanhe!<\/p>\n","protected":false},"author":3,"featured_media":0,"comment_status":"open","ping_status":"open","sticky":false,"template":"","format":"standard","meta":{"footnotes":""},"categories":[1],"tags":[],"class_list":["post-208","post","type-post","status-publish","format-standard","hentry","category-uncategorized"],"_links":{"self":[{"href":"https:\/\/cienciapolitica.org.br\/web\/wp-json\/wp\/v2\/posts\/208","targetHints":{"allow":["GET"]}}],"collection":[{"href":"https:\/\/cienciapolitica.org.br\/web\/wp-json\/wp\/v2\/posts"}],"about":[{"href":"https:\/\/cienciapolitica.org.br\/web\/wp-json\/wp\/v2\/types\/post"}],"author":[{"embeddable":true,"href":"https:\/\/cienciapolitica.org.br\/web\/wp-json\/wp\/v2\/users\/3"}],"replies":[{"embeddable":true,"href":"https:\/\/cienciapolitica.org.br\/web\/wp-json\/wp\/v2\/comments?post=208"}],"version-history":[{"count":0,"href":"https:\/\/cienciapolitica.org.br\/web\/wp-json\/wp\/v2\/posts\/208\/revisions"}],"wp:attachment":[{"href":"https:\/\/cienciapolitica.org.br\/web\/wp-json\/wp\/v2\/media?parent=208"}],"wp:term":[{"taxonomy":"category","embeddable":true,"href":"https:\/\/cienciapolitica.org.br\/web\/wp-json\/wp\/v2\/categories?post=208"},{"taxonomy":"post_tag","embeddable":true,"href":"https:\/\/cienciapolitica.org.br\/web\/wp-json\/wp\/v2\/tags?post=208"}],"curies":[{"name":"wp","href":"https:\/\/api.w.org\/{rel}","templated":true}]}}