{"id":209,"date":"2020-07-12T03:31:30","date_gmt":"2020-07-12T03:31:30","guid":{"rendered":"https:\/\/tmp.cienciapolitica.org.br\/2020\/07\/12\/especial-abcp-acoes-mato-grosso-sul\/"},"modified":"2020-07-12T03:31:30","modified_gmt":"2020-07-12T03:31:30","slug":"especial-abcp-acoes-mato-grosso-sul","status":"publish","type":"post","link":"https:\/\/cienciapolitica.org.br\/web\/especial-abcp-acoes-mato-grosso-sul\/","title":{"rendered":"ESPECIAL ABCP: As a\u00e7\u00f5es do Mato Grosso do Sul no enfrentamento \u00e0 pandemia"},"content":{"rendered":"<p>Este \u00e9 o d\u00e9cimo\u00a0texto da s\u00e9rie de an\u00e1lises contextualizadas de cada um dos estados brasileiros, no especial &#8220;Os governos estaduais e as a\u00e7\u00f5es de enfrentamento \u00e0 pandemia no Brasil&#8221;, publicado entre os dias 8 e 12 de junho na p\u00e1gina da ABCP. Acompanhe!<br \/>\n<!--more--><\/p>\n<h4>Este \u00e9 o d\u00e9cimo&nbsp;texto da s\u00e9rie de an\u00e1lises contextualizadas de cada um dos estados brasileiros, no especial &#8220;<a href=\"https:\/\/cienciapolitica.org.br\/noticias\/2020\/06\/especial-abcp-governos-estaduais-e-acoes-enfrentamento\">Os governos estaduais e as a\u00e7\u00f5es de enfrentamento \u00e0 pandemia no Brasil<\/a>&#8220;, publicado entre os dias 8 e 12 de junho na p\u00e1gina da ABCP. Acompanhe!<\/h4>\n<hr \/>\n<p><strong>Mato Grosso do Sul: (des)articula\u00e7\u00e3o e alinhamento<\/strong><\/p>\n<p>Nome dos(as) autores(as):&nbsp;D\u00e9borah Silva do Monte;&nbsp;Marcos Prudencio e&nbsp;Elaine Regina Prudencio Hip\u00f3lito da Silva<\/p>\n<p>Institui\u00e7\u00f5es \u00e0s quais os(as) autores(as) est\u00e3o vinculados(as):&nbsp;Universidade Federal da Grande Dourados (UFGD);&nbsp;Universidade Federal de Mato Grosso do Sul (UFMS)<\/p>\n<p>Titula\u00e7\u00e3o dos(as) autores(as) e institui\u00e7\u00e3o em que a obtiveram:&nbsp;Doutora em Rela\u00e7\u00f5es Internacionais (PUC&nbsp;Minas);&nbsp;Doutorando e Mestre em Geografia (UFMS);&nbsp;Mestre em Enfermagem (UFMS)<\/p>\n<p>Regi\u00e3o:&nbsp;Centro-oeste<\/p>\n<p>Governador (Partido):&nbsp;Reinaldo Azambuja (PSDB)<\/p>\n<p>Popula\u00e7\u00e3o:&nbsp;&nbsp;2.778.986 habitantes<\/p>\n<p>N\u00famero de munic\u00edpios:&nbsp;79<\/p>\n<p>Casos confirmados em 08\/06\/2020:&nbsp;2.324<\/p>\n<p>\u00d3bitos confirmados em 08\/06\/2020:&nbsp;22<\/p>\n<p>Casos por 100 mil hab.:&nbsp;83,62<\/p>\n<p>\u00d3bitos por 100 mil hab.:&nbsp;0,791<\/p>\n<hr \/>\n<p><strong>* Por:&nbsp;D\u00e9borah Silva do Monte;&nbsp;Marcos Prudencio e&nbsp;Elaine Regina Prudencio Hip\u00f3lito da Silva<\/strong><\/p>\n<p>O surto da COVID-19 em Mato Grosso do Sul tem apresentado um aumento relevante no n\u00famero de casos em rela\u00e7\u00e3o aos dados do \u00faltimo m\u00eas. Em 01\/05 o estado registrou 247 casos confirmados e, em contrapartida, no dia 08\/06 j\u00e1 s\u00e3o 2.324 casos, correspondendo a um aumento de 940%. Por\u00e9m, 22 \u00f3bitos foram registrados at\u00e9 o momento, representando 0,9% de letalidade, a mais baixa taxa no Pa\u00eds.<\/p>\n<p><img fetchpriority=\"high\" decoding=\"async\" alt=\"Evolu\u00e7\u00e3o di\u00e1ria por data de notifica\u00e7\u00e3o, 01\/05 a 08\/06.\" data-caption=\"Evolu\u00e7\u00e3o di\u00e1ria por data de notifica\u00e7\u00e3o, 01\/05 a 08\/06.&lt;br \/&gt;\n&lt;br \/&gt;\n&lt;em&gt;Fonte: Painel COVID MS, 2020.&lt;\/em&gt;\" data-entity-type=\"file\" data-entity-uuid=\"4b0a24df-8de1-46ee-a890-405efed0e1f5\" height=\"557\" src=\"\/sites\/default\/files\/imagens\/wysiwyg\/MS.png\" width=\"919\" \/><\/p>\n<p>Os n\u00fameros, no entanto, confirmam que o v\u00edrus vem avan\u00e7ando e evidenciando a sua interioriza\u00e7\u00e3o no estado, indo de encontro ao cen\u00e1rio do restante do Brasil. Dos 79 munic\u00edpios, 52 (66%) j\u00e1 confirmaram a sua circula\u00e7\u00e3o em seus territ\u00f3rios, vindo em destaque no ranking&nbsp;as pequenas cidades de Guia Lopes da Laguna, com uma popula\u00e7\u00e3o de 10.309 habitantes e uma taxa de incid\u00eancia da doen\u00e7a de 2.435,6 casos\/100.000 habitantes (241 casos confirmados), e Douradina com 5.294 habitantes e uma taxa de 1.164,8 casos\/100.000 habitantes (69 casos confirmados). Dourados, segundo munic\u00edpio mais populoso do estado, \u00e9 o novo epicentro da pandemia com 613 casos confirmados, sendo 78 na reserva ind\u00edgena.&nbsp;<\/p>\n<p><img decoding=\"async\" alt=\"Fonte: Painel COVID MS, 2020.\" data-caption=\"&lt;em&gt;Fonte: Painel COVID MS, 2020.&lt;\/em&gt;\" data-entity-type=\"file\" data-entity-uuid=\"5d7a7100-2bda-4b61-8b08-6b9e141aa080\" height=\"473\" src=\"\/sites\/default\/files\/imagens\/wysiwyg\/MS%202.jpg\" width=\"918\" \/><\/p>\n<p>O quadro do expressivo incremento no n\u00famero de pessoas infectadas e a propaga\u00e7\u00e3o do v\u00edrus em grande parte dos munic\u00edpios apontam para um importante e preocupante problema: os baixos \u00edndices de isolamento social apresentados pelo estado desde o in\u00edcio do combate \u00e0 dissemina\u00e7\u00e3o da doen\u00e7a. A taxa de isolamento social girando em torno de 48,9% vai na contram\u00e3o da recomenda\u00e7\u00e3o feita pela OMS de 70% das pessoas em casa.<\/p>\n<p>Em face das tentativas de conter a doen\u00e7a, a implanta\u00e7\u00e3o por parte das autoridades sanit\u00e1rias do<em>&nbsp;drive-thru <\/em>de testes r\u00e1pidos para sintom\u00e1ticos respirat\u00f3rios, nas quatro maiores e principais cidades do estado, realizou 5.484 exames at\u00e9 06\/06. Ao confrontar este total com uma popula\u00e7\u00e3o de 2,778 milh\u00f5es de pessoas, fica evidenciada uma cobertura de 0,20% da popula\u00e7\u00e3o testada para a COVID-19.<\/p>\n<p>Com o aumento crescente dos casos, o estado vem engendrando v\u00e1rios esfor\u00e7os para o enfrentamento da doen\u00e7a, como a amplia\u00e7\u00e3o do n\u00famero de leitos, ainda que apresente uma taxa de ocupa\u00e7\u00e3o de 7% dos leitos cl\u00ednicos e 10% dos leitos de UTI. Ressalta-se, por\u00e9m, que uma parcela significativa dos leitos de UTI est\u00e1 concentrada na capital e o restante distribu\u00eddos em alguns munic\u00edpios do interior, fazendo-se necess\u00e1rio o deslocamento daqueles que precisarem de cuidados intensivos dos munic\u00edpios desprovidos desse recurso.<\/p>\n<p><strong>(Des)coordena\u00e7\u00e3o no contexto de crises<\/strong><\/p>\n<p>No contexto da pandemia do novo coronav\u00edrus, o Brasil tamb\u00e9m passa por uma crise pol\u00edtica, federativa e institucional causada, principalmente, pela presid\u00eancia da Rep\u00fablica. Em linhas gerais, os discursos e as a\u00e7\u00f5es de Jair Bolsonaro incentivam o afrouxamento do isolamento social e dificultam a ado\u00e7\u00e3o de crit\u00e9rios t\u00e9cnicos e cient\u00edficos como diretrizes para as pol\u00edticas de combate \u00e0 pandemia.&nbsp;<\/p>\n<p>Reinaldo Azambuja (PSBD) assinou, juntamente com outros 19 governadores, um manifesto que questiona as a\u00e7\u00f5es e os discursos da presid\u00eancia em rela\u00e7\u00e3o \u00e0 pandemia e aos ataques \u00e0s institui\u00e7\u00f5es democr\u00e1ticas. Tal ato pode ser interpretado como um n\u00e3o alinhamento \u00e0s diretrizes pol\u00edticas federais e evidencia a descoordena\u00e7\u00e3o da gest\u00e3o da pandemia. A primeira a\u00e7\u00e3o do executivo estadual em rela\u00e7\u00e3o \u00e0 COVID-19 ocorreu em 13\/03, ap\u00f3s a declara\u00e7\u00e3o do status de pandemia pela OMS, em 11\/03\/2020.&nbsp;<\/p>\n<p>Desde l\u00e1, o governo estadual tem lan\u00e7ado medidas de suspens\u00e3o de servi\u00e7os p\u00fablicos, fiscaliza\u00e7\u00e3o sanit\u00e1ria, de assist\u00eancia social e de incentivos econ\u00f4micos, entre outras tem\u00e1ticas. Apesar da flexibiliza\u00e7\u00e3o do isolamento social em v\u00e1rias cidades, o governo estadual n\u00e3o atuou neste sentido. Contrariamente, h\u00e1 manifesta\u00e7\u00f5es relacionando o aumento do n\u00famero de casos no estado ao enfraquecimento do isolamento social [1].<\/p>\n<p>A capital Campo Grande \u00e9 governada por Marcos Trad (PSD), primo do ex-ministro Lu\u00eds Henrique Mandetta. Trad criticou a postura do presidente Jair Bolsonaro, que defende a necessidade de retomar as atividades econ\u00f4micas e estabelecer um isolamento &#8220;vertical&#8221;, afirmando que tais argumentos levariam a popula\u00e7\u00e3o a rejeitar os decretos municipais [2]. No entanto, a partir de 17\/04, as a\u00e7\u00f5es da prefeitura passaram a instituir a abertura do com\u00e9rcio (Decreto 14.257) e servi\u00e7os, como academias (Decreto 14.256), em observ\u00e2ncia ao Plano de Conten\u00e7\u00e3o de Riscos [3].<\/p>\n<p>A prefeitura de Dourados, por sua vez, age de maneira mais alinhada ao governo federal. D\u00e9lia Razuk (PTB) [4] instituiu medidas de flexibiliza\u00e7\u00e3o do isolamento social que autorizaram o funcionamento dos setores comerciais e de servi\u00e7os (Decreto 2.511), academias (Decreto 2.543), shoppings e igrejas (Decreto 2.575), sendo que o Decreto 2.511 menciona explicitamente alinhamento \u00e0s orienta\u00e7\u00f5es do governo federal de que \u201co enfrentamento da Pandemia [&#8230;] na\u0303o pode causar a paralisac\u0327a\u0303o da Economia\u201d.<\/p>\n<p>O Mato Grosso do Sul se encontra em uma intrincada situa\u00e7\u00e3o de aumento de casos, especialmente no interior, avan\u00e7o do v\u00edrus em popula\u00e7\u00f5es mais vulner\u00e1veis e descoordena\u00e7\u00e3o entre os executivos estadual e municipais. Para controlar a pandemia e assegurar um atendimento adequado \u00e0s demandas de sa\u00fade \u00e9 importante elevar o isolamento social.&nbsp;Para tanto, os esfor\u00e7os do poder p\u00fablico, somados aos da popula\u00e7\u00e3o em geral, s\u00e3o fundamentais para evitar o avan\u00e7o significativo do v\u00edrus, bem como o colapso do sistema de sa\u00fade.<\/p>\n<p><strong>Refer\u00eancias bibliogr\u00e1ficas:<\/strong><\/p>\n<p><em>[1]&nbsp;<a href=\"http:\/\/www.ms.gov.br\/afrouxamento-do-isolamento-social-tem-relacao-direta-com-aumento-de-casos-de-coronavirus\/\">ttp:\/\/www.ms.gov.br\/afrouxamento-do-isolamento-social-tem-relacao-direta-com-aumento-de-casos-de-coronavirus\/<\/a>&nbsp;e&nbsp;http:\/\/www.ms.gov.br\/onda-de-positivos-para-covid-19-e-fruto-do-descaso-com-distanciamento-social\/<\/em><\/p>\n<p><em>[2]&nbsp;<a href=\"https:\/\/www.correiodoestado.com.br\/politica\/primo-de-mandetta-prefeito-marcos-trad-critica-bolsonaro\/370594\">https:\/\/www.correiodoestado.com.br\/politica\/primo-de-mandetta-prefeito-marcos-trad-critica-bolsonaro\/370594<\/a><\/em><\/p>\n<p><em>[3]&nbsp;https:\/\/nepolufjf.wordpress.com\/2020\/04\/26\/campo-grande-dilemas-e-alinhamentos-frente-a-pandemia\/<\/em><\/p>\n<p><em>[4]&nbsp;O PTB passou, recentemente, a compor a base de apoio de Bolsonaro.<\/em><\/p>\n","protected":false},"excerpt":{"rendered":"<p>Este \u00e9 o d\u00e9cimo\u00a0texto da s\u00e9rie de an\u00e1lises contextualizadas de cada um dos estados brasileiros, no especial &#8220;Os governos estaduais e as a\u00e7\u00f5es de enfrentamento \u00e0 pandemia no Brasil&#8221;, publicado entre os dias 8 e 12 de junho na p\u00e1gina da ABCP. Acompanhe!<\/p>\n","protected":false},"author":3,"featured_media":0,"comment_status":"open","ping_status":"open","sticky":false,"template":"","format":"standard","meta":{"footnotes":""},"categories":[1],"tags":[],"class_list":["post-209","post","type-post","status-publish","format-standard","hentry","category-uncategorized"],"_links":{"self":[{"href":"https:\/\/cienciapolitica.org.br\/web\/wp-json\/wp\/v2\/posts\/209","targetHints":{"allow":["GET"]}}],"collection":[{"href":"https:\/\/cienciapolitica.org.br\/web\/wp-json\/wp\/v2\/posts"}],"about":[{"href":"https:\/\/cienciapolitica.org.br\/web\/wp-json\/wp\/v2\/types\/post"}],"author":[{"embeddable":true,"href":"https:\/\/cienciapolitica.org.br\/web\/wp-json\/wp\/v2\/users\/3"}],"replies":[{"embeddable":true,"href":"https:\/\/cienciapolitica.org.br\/web\/wp-json\/wp\/v2\/comments?post=209"}],"version-history":[{"count":0,"href":"https:\/\/cienciapolitica.org.br\/web\/wp-json\/wp\/v2\/posts\/209\/revisions"}],"wp:attachment":[{"href":"https:\/\/cienciapolitica.org.br\/web\/wp-json\/wp\/v2\/media?parent=209"}],"wp:term":[{"taxonomy":"category","embeddable":true,"href":"https:\/\/cienciapolitica.org.br\/web\/wp-json\/wp\/v2\/categories?post=209"},{"taxonomy":"post_tag","embeddable":true,"href":"https:\/\/cienciapolitica.org.br\/web\/wp-json\/wp\/v2\/tags?post=209"}],"curies":[{"name":"wp","href":"https:\/\/api.w.org\/{rel}","templated":true}]}}