{"id":211,"date":"2020-07-12T03:33:27","date_gmt":"2020-07-12T03:33:27","guid":{"rendered":"https:\/\/tmp.cienciapolitica.org.br\/2020\/07\/12\/especial-abcp-acoes-acre-enfrentamento\/"},"modified":"2020-07-12T03:33:27","modified_gmt":"2020-07-12T03:33:27","slug":"especial-abcp-acoes-acre-enfrentamento","status":"publish","type":"post","link":"https:\/\/cienciapolitica.org.br\/web\/especial-abcp-acoes-acre-enfrentamento\/","title":{"rendered":"ESPECIAL ABCP: As a\u00e7\u00f5es do Acre no enfrentamento \u00e0 pandemia"},"content":{"rendered":"<p>Este \u00e9 o d\u00e9cimo segundo\u00a0texto da s\u00e9rie de an\u00e1lises contextualizadas de cada um dos estados brasileiros, no especial &#8220;Os governos estaduais e as a\u00e7\u00f5es de enfrentamento \u00e0 pandemia no Brasil&#8221;, publicado entre os dias 8 e 12 de junho na p\u00e1gina da ABCP. Acompanhe!<br \/>\n<!--more--><\/p>\n<h4><em>Este \u00e9 o d\u00e9cimo segundo&nbsp;texto da s\u00e9rie de an\u00e1lises contextualizadas de cada um dos estados brasileiros, no especial &#8220;<a href=\"https:\/\/cienciapolitica.org.br\/noticias\/2020\/06\/especial-abcp-governos-estaduais-e-acoes-enfrentamento\">Os governos estaduais e as a\u00e7\u00f5es de enfrentamento \u00e0 pandemia no Brasil<\/a>&#8220;, publicado entre os dias 8 e 12 de junho na p\u00e1gina da ABCP. Acompanhe!<\/em><\/h4>\n<hr \/>\n<p><strong>Quest\u00e3o regional e pandemia no oeste brasileiro<\/strong><\/p>\n<p>Nome do autor:&nbsp;Cristov\u00e3o Henrique Ribeiro da Silva<\/p>\n<p>Institui\u00e7\u00e3o&nbsp;\u00e0&nbsp;qual&nbsp;o&nbsp;autor&nbsp;est\u00e1&nbsp;vinculado:&nbsp;UFAC (Universidade Federal do Acre)<\/p>\n<p>Titula\u00e7\u00f5es&nbsp;do autor&nbsp;e institui\u00e7\u00f5es&nbsp;em que as obteve:&nbsp;Doutor em Geografia Econ\u00f4mica pela UFGD (Universidade Federal da Grande Dourados);&nbsp;P\u00f3s-Doutorado em Geoeconomia pela UFG (Universidade Federal de Goi\u00e1s)<\/p>\n<p>Regi\u00e3o: Norte<\/p>\n<p>Governador (Partido):&nbsp;Gladson Cameli (PP)<\/p>\n<p>Popula\u00e7\u00e3o:&nbsp;881.935<\/p>\n<p>N\u00famero de munic\u00edpios:&nbsp;22<\/p>\n<p>Casos confirmados em 09\/06\/2020:&nbsp;8.457<\/p>\n<p>\u00d3bitos confirmados em 09\/06\/2020:&nbsp;223<\/p>\n<p>Casos por 100 mil hab.:&nbsp;958,9<\/p>\n<p>\u00d3bitos por 100 mil hab.:&nbsp;<strong>&nbsp;<\/strong>25,3<\/p>\n<hr \/>\n<p><strong>* Por:&nbsp;Cristov\u00e3o Henrique Ribeiro da Silva<\/strong><\/p>\n<p>H\u00e1 um semestre vemos \u00e0 escalada vertiginosa da pandemia do coronav\u00edrus (Sars-CoV-2) no Brasil. Na zona tropical do planeta, os brasileiros, assistem uma expans\u00e3o acelerada da contamina\u00e7\u00e3o que imp\u00f4s desafios gigantescos para a gest\u00e3o p\u00fablica que foi desidratada pela a\u00e7\u00e3o desastrada e genocida do Governo Federal. Jamais na hist\u00f3ria da nova Rep\u00fablica viu-se tamanho despreparo no enfrentamento de uma crise sanit\u00e1ria no pa\u00eds.&nbsp;<\/p>\n<p>A crise gerada com a pandemia perpassa por uma quest\u00e3o regional porque \u00e9 um fator que necessita fundamentalmente da a\u00e7\u00e3o do Estado. \u00c9 nela que reside as estrat\u00e9gias de conten\u00e7\u00e3o do v\u00edrus, achatamento da curva epidemiol\u00f3gica, assist\u00eancia aos mais pobres, subs\u00eddios, incentivos fiscais e tribut\u00e1rios a pequenas, m\u00e9dias e grandes empresas.&nbsp;<\/p>\n<p>Por\u00e9m, a a\u00e7\u00e3o destrambelhada e pat\u00e9tica do Executivo Federal em combater o cont\u00e1gio deixou um rastro epidemiol\u00f3gico em todas as regi\u00f5es do pa\u00eds, embora os governos estaduais e municipais tenham implementado medidas e estrat\u00e9gias de conten\u00e7\u00e3o do consequente colapso do j\u00e1 subfinanciado Sistema \u00danico de Sa\u00fade (SUS).<\/p>\n<p>Para al\u00e9m disso, a pandemia revelou-se com caracter\u00edsticas peculiares em cada um dos 195 pa\u00edses ao redor do mundo. No Brasil, \u00e0 medida que avan\u00e7ava em dire\u00e7\u00e3o ao interior uma nova camada de complexidade foi adicionada.<\/p>\n<p>A despeito da a\u00e7\u00e3o do Governo Federal, afogado pela total incompet\u00eancia pol\u00edtica, t\u00e9cnica e cient\u00edfica em lidar com uma crise, os governos estaduais e municipais delinearam estrat\u00e9gias, incentivaram o isolamento social.<\/p>\n<p>Por\u00e9m, o desencontro das a\u00e7\u00f5es protagonizadas pelo Presidente da Rep\u00fablica, Jair Bolsonaro, foram desmantelando as a\u00e7\u00f5es das esferas competentes e, cabalmente, n\u00e3o foram bastante para conter a acelera\u00e7\u00e3o do cont\u00e1gio e a doen\u00e7a acertou precisamente os mais pobres nas unidades federadas da regi\u00e3o amaz\u00f4nica.<\/p>\n<p>Na regi\u00e3o Norte, concentram-se atualmente, junho de 2020, cerca de 21% dos casos de confirmados de coronav\u00edrus no Brasil [1], e, o cont\u00e1gio se deu inserido na din\u00e2mica das estruturas de transportes rodovi\u00e1rios e, no caso amaz\u00f4nico, hidrovi\u00e1rios como o mapa 1&nbsp;mostra [2]. Por isso, compreender a quest\u00e3o regional \u00e9 fundamental para dimensionarmos a propor\u00e7\u00e3o do desastre na gest\u00e3o da maior crise sanit\u00e1ria no Brasil deste s\u00e9culo.&nbsp;<\/p>\n<p><img decoding=\"async\" alt=\"Mapa 1: Estruturas territoriais e expans\u00e3o da COVID-19 no Brasil\" data-caption=\"&lt;em&gt;Mapa 1: Estruturas territoriais e expans\u00e3o da COVID-19 no Brasil&lt;\/em&gt;\" data-entity-type=\"file\" data-entity-uuid=\"d1802018-bd05-4285-86e4-f7e200317330\" src=\"\/sites\/default\/files\/imagens\/wysiwyg\/acre.jpg\" \/><\/p>\n<p>Nesse eixo hidrovi\u00e1rio amaz\u00f4nico as pessoas se deslocam para as metr\u00f3poles amaz\u00f4nicas em busca do atendimento j\u00e1 que no interior n\u00e3o h\u00e1 UTIs. Esse deslocamento geogr\u00e1fico se arrasta durante dias e dias em embarca\u00e7\u00f5es clandestinas abarrotadas de pessoas, sintom\u00e1ticas e assintom\u00e1ticas, elevando o potencial e velocidade da transmiss\u00e3o comunit\u00e1ria do v\u00edrus na maior floresta equatorial do planeta.<\/p>\n<p>No caso espec\u00edfico do extremo Oeste da Amaz\u00f4nia Ocidental, o estado do Acre, conectado \u00e0s regi\u00f5es brasileiras pelo eixo rodovi\u00e1rio da BR-264, pelos rios amaz\u00f4nicos e pelo hub aeroportu\u00e1rio de Rio Branco e Cruzeiro do Sul, segue o padr\u00e3o no caminho do desastre humanit\u00e1rio com um cont\u00e1gio regional veloz.<\/p>\n<p>Para termos uma ideia, aproximadamente, a cada dois testes realizados, ap\u00f3s a notifica\u00e7\u00e3o do caso, um \u00e9 positivo. At\u00e9 o momento no Acre, s\u00e3o 19.135 casos notificados, (5%) do total da regi\u00e3o norte, com 10.268 (53,7%) casos descartados e outros 8.457 (44,2%) confirmados e outros 410 (2,1%) seguem aguardando resultado de exame laboratorial.<br \/>\n&nbsp;<\/p>\n<p><img decoding=\"async\" alt=\"Mapa 2\" data-caption=\"&lt;em&gt;Mapa 2&lt;\/em&gt;\" data-entity-type=\"file\" data-entity-uuid=\"af1ffda7-a158-435a-84c4-0f0f0727a757\" src=\"\/sites\/default\/files\/imagens\/wysiwyg\/acre%201_0.jpg\" \/><\/p>\n<p>Por outro lado, o f\u00fanebre, as mortes por COVID-19 s\u00e3o 223 sendo 65,9% (147 casos) pessoas acima de 60 anos. De acordo com a Secretaria de Sa\u00fade do Estado (SESACRE), do total acumulado de mortos, 157, ou seja (70,0%), tinham alguma comorbidade e outras 66 pessoas, 30,0%, que evolu\u00edram para o \u00f3bito n\u00e3o possu\u00edam hist\u00f3rico de comorbidades [3]. Todo esse panorama de casos confirmados que abarrotam as Unidades de Terapia Intensiva (UTI) do estado que j\u00e1 est\u00e3o com a taxa de ocupa\u00e7\u00e3o acima dos 90% [4].<\/p>\n<p><img decoding=\"async\" alt=\"Mapa 3\" data-caption=\"&lt;em&gt;Mapa 3&lt;\/em&gt;\" data-entity-type=\"file\" data-entity-uuid=\"7de78597-6a29-47b5-b84e-7ee1028c4dcc\" src=\"\/sites\/default\/files\/imagens\/wysiwyg\/acre%202.jpg\" \/><\/p>\n<p>Paradoxalmente, com esse quadro de escalada da curva epidemiol\u00f3gica, as medidas de isolamento t\u00eam sido flexibilizadas e com baixa ades\u00e3o pela popula\u00e7\u00e3o, sobretudo, na capital do estado, Rio Branco. A capital apresenta uma taxa de ades\u00e3o ao isolamento social em m\u00e9dia de 46%, segundo os dados de geolocaliza\u00e7\u00e3o do <em>Google<\/em> e do Instituto Global de M\u00e9tricas e Avalia\u00e7\u00e3o em Sa\u00fade (IHME), quando o cen\u00e1rio ideal recomendado pela Organiza\u00e7\u00e3o Mundial da Sa\u00fade (OMS), o \u00edndice deveria estar em 70%.&nbsp;<\/p>\n<p>O Governo da capital acreana, comandado pela Prof.a Socorro Neri (PSB), est\u00e1 alinhado as medidas tomadas pelo Governo Estadual em criar uma conten\u00e7\u00e3o do n\u00famero de infectados. O governo do Acre instituiu, via decreto, um regime excepcional e tempor\u00e1rio de restri\u00e7\u00e3o de circula\u00e7\u00e3o de ve\u00edculos para todo territ\u00f3rio.<\/p>\n<p>No caso da capital, no Decreto n\u00ba 316, a Prefeitura Municipal definiu que dias pares, os ve\u00edculos com emplacamento de final par poderiam circular e, nos dias \u00edmpares, os carros com a placa de final \u00edmpar. A medida foi cumprida parcialmente pela popula\u00e7\u00e3o e chegou elevar a taxa de isolamento em 51% no estado.&nbsp;<\/p>\n<p>Ademais, do ponto de vista institucional, os in\u00fameros esfor\u00e7os das esferas de municipais e estadual de atuarem coordenadamente, implementando as pol\u00edticas p\u00fablicas setoriais, para conter a contamina\u00e7\u00e3o e achatar a curva epidemiol\u00f3gica, colidiram com a irrespons\u00e1vel condu\u00e7\u00e3o das medidas, durante a pandemia, por parte do Poder Executivo Federal consideradas, por vezes, at\u00e9 antirrepublicanas.&nbsp;<\/p>\n<p>A rotatividade insana no comando do Minist\u00e9rio da Sa\u00fade (MS), em decorr\u00eancia de uma press\u00e3o est\u00fapida de for\u00e7ar a mudan\u00e7a do protocolo do uso da Cloroquina\/Hidroxicloroquina em pacientes de COVID-19, sem nenhuma comprova\u00e7\u00e3o cient\u00edfica nacional e\/ou global de efic\u00e1cia do medicamento.&nbsp;<\/p>\n<p>Ainda, posicionamento da Presid\u00eancia da Rep\u00fablica para retomada das atividades econ\u00f4micas, sem planejamento, mesmo com o Supremo Tribunal Federal (STF), decidindo tais prerrogativas s\u00e3o dos Estados e Munic\u00edpios como previsto no artigo 23, inciso II, do texto constitucional [5].<\/p>\n<p>Por fim, e mais absurda delas, o desaparecimento dos dados da pandemia do portal da Minist\u00e9rio da Sa\u00fade, claro movimento de censura, ferindo claramente a Lei de Acesso \u00e0 Informa\u00e7\u00e3o (LAI), como se os dados da pandemia fossem do Governo Federal e, n\u00e3o de acesso e dom\u00ednio p\u00fablico dos brasileiros, justamente para entender e tomar decis\u00f5es de reabertura e fechamento durante a crise sanit\u00e1ria.<\/p>\n<p>Com todas essas trapalhadas, aliadas a uma enxurrada de <em>fake news<\/em>, desestabilizaram as a\u00e7\u00f5es e diretrizes tomadas pelos governos municipais e estadual. Resultado disso? \u00c9 o n\u00famero assustador de infectados no estado do Acre, e no Brasil como um todo, n\u00fameros que s\u00e3o muito maiores do que previsto em v\u00e1rios cen\u00e1rios epidemiol\u00f3gicos para o estado e, inclusive, para o pa\u00eds.&nbsp;<\/p>\n<p>E vejamos bem, a julgar pela imensa subnotifica\u00e7\u00e3o e\/ou estagna\u00e7\u00e3o de mortes de COVID-19, em paralelo a uma disparada de mortes por S\u00edndrome Respirat\u00f3ria Aguda Grave (SRAG), a pandemia encontrar\u00e1 ainda v\u00e1rios Brasis para infectar, em um cont\u00e1gio regional avassalador, sobretudo, entre os mais pobres do interior.<\/p>\n<p>Nesse ponto do territ\u00f3rio brasileiro, o empresariado pressiona mesmo assim com um ensaio para a reabertura das atividades comerciais n\u00e3o essenciais, prevista para 15 de junho [6]. Enquanto isso, a prioridade do Presidente de Jair Bolsonaro \u00e9 combater inimigos imagin\u00e1rios e ir testando, nos seus limites, as institui\u00e7\u00f5es da democracia brasileira.<\/p>\n<p><strong>* Cristov\u00e3o Henrique Ribeiro da Silva <\/strong><em>\u00e9&nbsp;Ge\u00f3grafo e Internacionalista &#8211; Professor do Curso de Geografia do CFCH &#8211; Centro de Filosofia e Ci\u00eancias Humanas da Universidade Federal do Acre (UFAC). E administra o site <a href=\"http:\/\/geoeconomico.com.br\/\">geoeconomico.com.br<\/a><\/em><\/p>\n<p>*&nbsp;Agradecimentos ao acad\u00eamico F\u00e1bio L\u00facio, integrante do Laborat\u00f3rio de Cartografia do Curso de Geografia da Universidade Federal do Acre (UFAC)&nbsp;que colaborou na constru\u00e7\u00e3o dos layouts do mapa.<\/p>\n<p><strong>Refer\u00eancias bibliogr\u00e1ficas:<\/strong><\/p>\n<p>[1]&nbsp;Portal <a href=\"https:\/\/covid.saude.gov.br\/\">https:\/\/covid.saude.gov.br\/<\/a><\/p>\n<p>[2]&nbsp;Fonte: Laborat\u00f3rio de Geografia da Sa\u00fade da Universidade Federal do Esp\u00edrito Santo &#8211; UFES<\/p>\n<p>[3]&nbsp;Boletim Sesacre \u2013 09\/06\/2020&nbsp;\u2013&nbsp;Boletim informativo di\u00e1rio da situa\u00e7\u00e3o epidemiol\u00f3gica da COVID-19 &#8211; <a href=\"https:\/\/bit.ly\/3hgGBri\">https:\/\/bit.ly\/3hgGBri<\/a><\/p>\n<p>[4]&nbsp;Folha de S.&nbsp;Paulo &#8211; Cinco estados t\u00eam mais 90% dos leitos de UTI ocupados &#8211; <a href=\"https:\/\/bit.ly\/2XRkVuu\">https:\/\/bit.ly\/2XRkVuu<\/a> &nbsp;<\/p>\n<p>[5]&nbsp;STF reconhece compet\u00eancia concorrente de estados, DF, munic\u00edpios e Uni\u00e3o no combate \u00e0 Covid-19 &#8211; <a href=\"https:\/\/bit.ly\/2YkbFxP\">https:\/\/bit.ly\/2YkbFxP<\/a><\/p>\n<p>[6]&nbsp;Governo do Acre estuda reabrir com\u00e9rcio a partir de 15 de junho &#8211; <a href=\"https:\/\/glo.bo\/2Yotw6T\">https:\/\/glo.bo\/2Yotw6T<\/a><\/p>\n<p>Boletim Sesacre \u2013 10\/06\/2020 Boletim informativo di\u00e1rio situa\u00e7\u00e3o da epidemiol\u00f3gica da COVID-19 &#8211; <a href=\"https:\/\/bit.ly\/3hgGBri\">https:\/\/bit.ly\/3hgGBri<\/a>&nbsp;<\/p>\n<p>Data SUS \u2013&nbsp;COVID-19 \u2013 Minist\u00e9rio da Sa\u00fade Insumos &#8211; <a href=\"https:\/\/covid.saude.gov.br\/\">https:\/\/covid.saude.gov.br\/<\/a>&nbsp;<\/p>\n<p>IBGE \u2013 Cidades \u2013 Rio Branco &#8211; <a href=\"https:\/\/bit.ly\/3caJcjA\">https:\/\/bit.ly\/3caJcjA<\/a>&nbsp;<\/p>\n<p>Institute for Health Metrics and Evaluation (IHME) &#8211; <a href=\"https:\/\/covid19.healthdata.org\/brazil\/acre\">https:\/\/covid19.healthdata.org\/brazil\/acre<\/a><\/p>\n<p>Portal da Prefeitura de Rio Branco \u2013&nbsp;Portal da Prefeitura de Rio Branco \u2013 Decretos e Not\u00edcias Corona v\u00edrus &#8211; <a href=\"https:\/\/bit.ly\/3c8rP3d\">https:\/\/bit.ly\/3c8rP3d<\/a>&nbsp;<\/p>\n","protected":false},"excerpt":{"rendered":"<p>Este \u00e9 o d\u00e9cimo segundo\u00a0texto da s\u00e9rie de an\u00e1lises contextualizadas de cada um dos estados brasileiros, no especial &#8220;Os governos estaduais e as a\u00e7\u00f5es de enfrentamento \u00e0 pandemia no Brasil&#8221;, publicado entre os dias 8 e 12 de junho na p\u00e1gina da ABCP. Acompanhe!<\/p>\n","protected":false},"author":3,"featured_media":0,"comment_status":"open","ping_status":"open","sticky":false,"template":"","format":"standard","meta":{"footnotes":""},"categories":[1],"tags":[],"class_list":["post-211","post","type-post","status-publish","format-standard","hentry","category-uncategorized"],"_links":{"self":[{"href":"https:\/\/cienciapolitica.org.br\/web\/wp-json\/wp\/v2\/posts\/211","targetHints":{"allow":["GET"]}}],"collection":[{"href":"https:\/\/cienciapolitica.org.br\/web\/wp-json\/wp\/v2\/posts"}],"about":[{"href":"https:\/\/cienciapolitica.org.br\/web\/wp-json\/wp\/v2\/types\/post"}],"author":[{"embeddable":true,"href":"https:\/\/cienciapolitica.org.br\/web\/wp-json\/wp\/v2\/users\/3"}],"replies":[{"embeddable":true,"href":"https:\/\/cienciapolitica.org.br\/web\/wp-json\/wp\/v2\/comments?post=211"}],"version-history":[{"count":0,"href":"https:\/\/cienciapolitica.org.br\/web\/wp-json\/wp\/v2\/posts\/211\/revisions"}],"wp:attachment":[{"href":"https:\/\/cienciapolitica.org.br\/web\/wp-json\/wp\/v2\/media?parent=211"}],"wp:term":[{"taxonomy":"category","embeddable":true,"href":"https:\/\/cienciapolitica.org.br\/web\/wp-json\/wp\/v2\/categories?post=211"},{"taxonomy":"post_tag","embeddable":true,"href":"https:\/\/cienciapolitica.org.br\/web\/wp-json\/wp\/v2\/tags?post=211"}],"curies":[{"name":"wp","href":"https:\/\/api.w.org\/{rel}","templated":true}]}}