{"id":223,"date":"2020-07-12T03:55:16","date_gmt":"2020-07-12T03:55:16","guid":{"rendered":"https:\/\/tmp.cienciapolitica.org.br\/2020\/07\/12\/especial-abcp-acoes-alagoas-enfrentamento\/"},"modified":"2020-07-12T03:55:16","modified_gmt":"2020-07-12T03:55:16","slug":"especial-abcp-acoes-alagoas-enfrentamento","status":"publish","type":"post","link":"https:\/\/cienciapolitica.org.br\/web\/especial-abcp-acoes-alagoas-enfrentamento\/","title":{"rendered":"ESPECIAL ABCP: As a\u00e7\u00f5es de Alagoas no enfrentamento \u00e0 pandemia"},"content":{"rendered":"<p>Este \u00e9 o vig\u00e9simo quinto\u00a0texto da s\u00e9rie de an\u00e1lises contextualizadas de cada um dos estados brasileiros, no especial &#8220;Os governos estaduais e as a\u00e7\u00f5es de enfrentamento \u00e0 pandemia no Brasil&#8221;, publicado entre os dias 8 e 12 de junho na p\u00e1gina da ABCP. Acompanhe!<br \/>\n<!--more--><\/p>\n<h4>Este \u00e9 o vig\u00e9simo quinto&nbsp;texto da s\u00e9rie de an\u00e1lises contextualizadas de cada um dos estados brasileiros, no especial &#8220;<a href=\"https:\/\/cienciapolitica.org.br\/noticias\/2020\/06\/especial-abcp-governos-estaduais-e-acoes-enfrentamento\">Os governos estaduais e as a\u00e7\u00f5es de enfrentamento \u00e0 pandemia no Brasil<\/a>&#8220;, publicado entre os dias 8 e 12 de junho na p\u00e1gina da ABCP. Acompanhe!<\/h4>\n<hr \/>\n<p><strong>Alagoas: desafios para o enfrentamento dos impactos da pandemia de Covid-19<\/strong><\/p>\n<p>Nome dos(as)&nbsp;autores(as) e institui\u00e7\u00e3o a que est\u00e3o vinculados(as):&nbsp;Luciana Santana (Ufal);&nbsp;Emerson do Nascimento (Ufal) e&nbsp;Esdras de Lima Andrade (Ufal)<\/p>\n<p>Titula\u00e7\u00e3o&nbsp;dos(as) autores(as) e institui\u00e7\u00e3o&nbsp;em que a&nbsp;obtiveram:&nbsp;Doutora em Ci\u00eancia Pol\u00edtica pela UFMG;&nbsp;Doutor em Ci\u00eancia Pol\u00edtica pela UFPE;&nbsp;Mestre em Geografia pela Ufal<\/p>\n<p>Regi\u00e3o: Nordeste<\/p>\n<p>Governador (Partido):&nbsp;Renan Filho (MDB)<\/p>\n<p>Popula\u00e7\u00e3o:&nbsp;3.337.357<\/p>\n<p>N\u00famero de munic\u00edpios:&nbsp;102<\/p>\n<p>Casos confirmados em 11\/06\/2020:&nbsp;19.200<\/p>\n<p>\u00d3bitos confirmados em 11\/06\/2020:&nbsp;681<\/p>\n<p>Casos por 100 mil hab.:&nbsp;575,3<\/p>\n<p>\u00d3bitos por 100 mil hab.:&nbsp;20,4<\/p>\n<hr \/>\n<p><strong>* Por:&nbsp;Luciana Santana;&nbsp;Emerson do Nascimento&nbsp;e&nbsp;Esdras de Lima Andrade<\/strong><\/p>\n<p>A situa\u00e7\u00e3o da pandemia do novo coronav\u00edrus no estado de Alagoas ainda \u00e9 bastante preocupante e o cen\u00e1rio n\u00e3o \u00e9 <a href=\"https:\/\/www.cadaminuto.com.br\/noticia\/361217\/2020\/06\/08\/ja-cairam-4-avioes-boeing-em-alagoas\">nada otimista<\/a>. Especialmente porque trata-se de um estado que possui indicadores sociais perversos e alta concentra\u00e7\u00e3o de renda. Estes aspectos n\u00e3o somente dificultam a gest\u00e3o do problema como amplificam os desdobramentos de ordem epidemiol\u00f3gica sobre a popula\u00e7\u00e3o, ampliando os desafios por parte do poder p\u00fablico, em todas as suas esferas.<\/p>\n<p>Seja pela baixa disponibilidade inicialmente de testes, seja em fun\u00e7\u00e3o da pr\u00f3pria evolu\u00e7\u00e3o da doen\u00e7a no estado de Alagoas, o fato \u00e9 que a aparente sensa\u00e7\u00e3o de controle que se observava no in\u00edcio n\u00e3o existe mais. O primeiro caso [1]&nbsp;de contamina\u00e7\u00e3o no estado ocorreu no dia 8 de mar\u00e7o, sendo apenas no dia 23 de mar\u00e7o confirmado o primeiro caso de contamina\u00e7\u00e3o comunit\u00e1ria. A primeira morte em raz\u00e3o da doen\u00e7a ocorreu somente no final do m\u00eas, no dia 31. Em compara\u00e7\u00e3o com outros estados brasileiros, a evolu\u00e7\u00e3o da doen\u00e7a, de fato, foi tardia, registrando-se <a href=\"https:\/\/www.nexojornal.com.br\/especial\/2020\/05\/10\/Como-os-governos-estaduais-lidam-com-a-pandemia\">uma explos\u00e3o de casos<\/a> somente no final do m\u00eas de abril.&nbsp;<\/p>\n<p><img decoding=\"async\" alt=\"[GR\u00c1FICO DE EVOLU\u00c7\u00c3O DE CASOS E \u00d3BITOS EM ALAGOAS]\" data-caption=\"&lt;em&gt;[GR\u00c1FICO DE EVOLU\u00c7\u00c3O DE CASOS E \u00d3BITOS EM ALAGOAS]&lt;\/em&gt;\" data-entity-type=\"file\" data-entity-uuid=\"8b7f5309-9c09-4e95-bc3b-78212c3e23bd\" src=\"\/sites\/default\/files\/imagens\/wysiwyg\/grafico_professora_4.png\" \/><\/p>\n<p>Passados mais de tr\u00eas meses desde o registro do primeiro caso, Alagoas alcan\u00e7a hoje o total de 19200 casos confirmados e 681 \u00f3bitos (gr\u00e1fico acima [2]). A alta taxa de mortalidade&nbsp;[3] no estado, a saber: 19,8% por 100 mil habitantes conforme <a href=\"https:\/\/covid.saude.gov.br\/\">dados do Minist\u00e9rio da Sa\u00fade<\/a> tem chamado a aten\u00e7\u00e3o de pesquisadores e gestores locais e esse <em>boom<\/em> tem acendido o sinal de alerta do poder p\u00fablico pelo risco eminente de estrangulamento do sistema p\u00fablico de sa\u00fade.<\/p>\n<p>Mas qual \u00e9 a real a situa\u00e7\u00e3o do sistema de sa\u00fade em Alagoas? De acordo com <a href=\"http:\/\/www.saude.al.gov.br\/leitos-para-enfrentamento-da-covid-19\/\">informa\u00e7\u00f5es disponibilizadas pela Secretaria de Estado da Sa\u00fade, o estado conta com 1.080 leitos ciados para atender, exclusivamente, pacientes com suspeita e confirma\u00e7\u00e3o de infec\u00e7\u00e3o pelo novo coronav\u00edrus. Destes, hoje<\/a>, 687 estavam ocupados, o que corresponde a 64% do total. S\u00e3o 181 pacientes internados em leitos de UTI, 3&nbsp;em leitos intermedi\u00e1rios e 503 em enfermaria.&nbsp;A situa\u00e7\u00e3o das UTI \u00e9 a mais preocupante, pois dos 219 leitos dispon\u00edveis, 83% j\u00e1 se encontram ocupados. No interior essa taxa ocupa\u00e7\u00e3o chega a 88%.&nbsp;<\/p>\n<p>Quanto \u00e0s medidas governamentais tomadas para enfrentamento da pandemia, desde o dia 13 de mar\u00e7o, o governo editou oito&nbsp;decretos [4], a grande maioria destes, reeditando as medidas de isolamento tomadas inicialmente. Entretanto, apesar dos decretos estaduais e municipais e os comit\u00eas cient\u00edficos estimem a margem ideal de 70% de isolamento social, a ades\u00e3o da popula\u00e7\u00e3o a tais medidas tem sido baixa. No dia 05 de junho, por exemplo, o estado chegou a registrar 34,9%, um dos <a href=\"https:\/\/www.cadaminuto.com.br\/noticia\/361121\/2020\/06\/07\/alagoas-tem-taxa-de-isolamento-social-de-34-9-indice-e-menor-ja-registrado\">menores \u00edndices de isolamento social<\/a> do pa\u00eds.&nbsp;<\/p>\n<p><img decoding=\"async\" alt=\"[GR\u00c1FICO DE ISOLAMENTO SOCIAL EM ALAGOAS]\" data-caption=\"&lt;em&gt;[GR\u00c1FICO DE ISOLAMENTO SOCIAL EM ALAGOAS]&lt;\/em&gt;\" data-entity-type=\"file\" data-entity-uuid=\"0a087148-f505-4f9f-bc9b-567a42cdbfd7\" src=\"\/sites\/default\/files\/imagens\/wysiwyg\/alagoas%202.jpg\" \/><\/p>\n<p>A despeito do cen\u00e1rio negativo, o poder p\u00fablico tem tentado sinalizar \u00e0s empresas e ao com\u00e9rcio uma perspectiva de retorno \u00e0s atividades de rotina. Em coletiva de imprensa convocada pelo governador Renan Filho no <a href=\"http:\/\/www.agenciaalagoas.al.gov.br\/noticia\/item\/33482-proximos-dias-serao-decisivos-para-iniciar-flexibilizacao-em-al-alerta-governador\">dia 10 de junho<\/a>, com a presen\u00e7a do prefeito de Macei\u00f3, Rui Palmeira, foi apresentado \u00e0 comunidade o novo decreto estadual que prorroga as medidas de isolamento social (70.066 de 9 de junho de 2020) e, pela primeira vez, foi mencionada a elabora\u00e7\u00e3o de um plano de retomada das atividades econ\u00f4micas a partir do dia 22 de junho.&nbsp;<\/p>\n<p>Com o n\u00famero de contaminados e mortos ainda crescendo, a retomada das atividades econ\u00f4micas esbarra na baixa ades\u00e3o da popula\u00e7\u00e3o \u00e0s medidas de isolamento social. Como se n\u00e3o bastasse, outro problema crescente tem sido a expans\u00e3o da pandemia para o interior do estado. Pelo menos \u2154 das regi\u00f5es para onde a doen\u00e7a se difunde hoje no estado apresenta recursos de sa\u00fade muito aqu\u00e9m dos par\u00e2metros necess\u00e1rios.&nbsp;<\/p>\n<p>O processo de expans\u00e3o da Covid-19 para o interior levou cerca de 75 dias, alcan\u00e7ando 101 dos 102 munic\u00edpios que comp\u00f5em o territ\u00f3rio alagoano. Esta situa\u00e7\u00e3o foi compartimentada em tr\u00eas momentos e abrangeu os limites das tr\u00eas macrorregi\u00f5es administrativas do estado, estando atrelada a tr\u00eas importantes condi\u00e7\u00f5es de propaga\u00e7\u00e3o da doen\u00e7a: atividades econ\u00f4micas, demografia e conectividade intermunicipal, nesta ordem de import\u00e2ncia.<\/p>\n<p>As cidades, naturalmente, n\u00e3o existem de forma isolada e as redes de conex\u00e3o entre os munic\u00edpios precisam ser consideradas nesse processo, tanto para a produ\u00e7\u00e3o de uma resposta aplicada ao problema, quanto para definir as medidas de acirramento e relaxamento das medidas de isolamento social. \u00c9 nesse sentido que, a&nbsp;despeito da autonomia e dos limites administrativos dos munic\u00edpios, \u00e9 fundamental que essas medidas n\u00e3o sejam individualizadas, mas compartilhas entre os munic\u00edpios, levando-se em conta suas interdepend\u00eancias.&nbsp;&nbsp;&nbsp;<\/p>\n<p>A partir dessa premissa, levando em conta a conex\u00e3o entre estes munic\u00edpios, podemos observar no mapa abaixo que o primeiro est\u00e1gio de dissemina\u00e7\u00e3o do v\u00edrus levou aproximadamente 45 dias (Mapa I) e abrangeu a quase totalidade dos munic\u00edpios integrantes da macrorregi\u00e3o administrativa do leste alagoano, sendo esta, a regi\u00e3o mais desenvolvida economicamente e que concentra cerca de \u2154 da popula\u00e7\u00e3o do Estado, na qual est\u00e1 situada a capital, Macei\u00f3.&nbsp;<\/p>\n<p><img decoding=\"async\" alt=\"[MAPA I \u2013 45 DIAS DE PANDEMIA EM ALAGOAS]\" data-caption=\"&lt;em&gt;[MAPA I \u2013 45 DIAS DE PANDEMIA EM ALAGOAS]&lt;\/em&gt;\" data-entity-type=\"file\" data-entity-uuid=\"56ccceb8-a4ee-46b0-8720-183c5dc64149\" src=\"\/sites\/default\/files\/imagens\/wysiwyg\/alagoas%203.png\" \/><\/p>\n<p>O segundo momento de expans\u00e3o da pandemia no estado durou, em m\u00e9dia, 15 dias (Mapa II) e se estendeu predominantemente pela regi\u00e3o do agreste, onde est\u00e1 localizado Arapiraca, o segundo munic\u00edpio mais importante de Alagoas. Por ele, passam as principais rodovias estaduais que conectam todos os cantos do Estado. Em se tratando do agreste alagoano h\u00e1 que se destacar aqui a rela\u00e7\u00e3o sat\u00e9lite que a cidade de Arapiraca exerce sobre as demais cidades da regi\u00e3o, neste caso, tamb\u00e9m em rela\u00e7\u00e3o ao processo de interioriza\u00e7\u00e3o da pandemia.&nbsp;&nbsp;&nbsp;<\/p>\n<p><img decoding=\"async\" alt=\"[MAPA II \u2013 60 DIAS DE PANDEMIA EM ALAGOAS]\" data-caption=\"&lt;em&gt;[MAPA II \u2013 60 DIAS DE PANDEMIA EM ALAGOAS]&lt;\/em&gt;\" data-entity-type=\"file\" data-entity-uuid=\"c38a1b1c-a980-457f-a2c7-480fa72fa1f0\" src=\"\/sites\/default\/files\/imagens\/wysiwyg\/alagoas%204.png\" \/><\/p>\n<p>Por fim, nos \u00faltimos 10 dias (Mapa III), os munic\u00edpios do sert\u00e3o alagoano praticamente encerraram o processo de interioriza\u00e7\u00e3o, embora tivessem casos isolados registrados em alguns dos seus munic\u00edpios na fase anterior. Todavia, ainda resta um munic\u00edpio sem ocorr\u00eancia da doen\u00e7a (Mata Grande), o que pode ser explicado talvez em fun\u00e7\u00e3o da sua baixa conectividade a outros munic\u00edpios sat\u00e9lites. Esta \u00faltima regi\u00e3o possui atividades econ\u00f4micas pouco relevantes, uma malha vi\u00e1ria pouco densa e a menor densidade populacional do Estado.<\/p>\n<p><img decoding=\"async\" alt=\"[MAPA III \u2013 75 DIAS DE PANDEMIA EM ALAGOAS]\" data-caption=\"&lt;em&gt;[MAPA III \u2013 75 DIAS DE PANDEMIA EM ALAGOAS]&lt;\/em&gt;\" data-entity-type=\"file\" data-entity-uuid=\"1282663d-3f1b-4131-9df2-8e12fc4c9fcd\" src=\"\/sites\/default\/files\/imagens\/wysiwyg\/alagoas%205.png\" \/><\/p>\n<p>O Mapa IV oferece um panorama geral do estado e permite observar em termos gr\u00e1ficos uma representa\u00e7\u00e3o categorizada da distribui\u00e7\u00e3o dos casos, o que facilita a observa\u00e7\u00e3o da depend\u00eancia que os munic\u00edpios da regi\u00e3o metropolitana t\u00eam da cidade de Macei\u00f3 e os munic\u00edpios do agreste t\u00eam de Arapiraca. Essa depend\u00eancia territorial que a expans\u00e3o da pandemia sugere no caso do estado de Alagoas alerta para a necessidade de maior cuidado de controle dos determinantes espaciais e correlatos de contamina\u00e7\u00e3o do v\u00edrus.&nbsp;&nbsp;<\/p>\n<p><img decoding=\"async\" alt=\"[MAPA IV \u2013 83 DIAS DE PANDEMIA EM ALAGOAS]\" data-caption=\"&lt;em&gt;[MAPA IV \u2013 83 DIAS DE PANDEMIA EM ALAGOAS]&lt;\/em&gt;\" data-entity-type=\"file\" data-entity-uuid=\"dfa31262-8273-493b-8eae-f2bf1da5c762\" src=\"\/sites\/default\/files\/imagens\/wysiwyg\/alagoas%206.png\" \/><\/p>\n<p>A expans\u00e3o da pandemia para o interior do estado \u00e9 particularmente preocupante, exatamente por que, em fun\u00e7\u00e3o dessa rede de interdepend\u00eancia e em fun\u00e7\u00e3o das limita\u00e7\u00f5es destes munic\u00edpios em atender ao crescimento do n\u00famero de casos em seus territ\u00f3rios, a explos\u00e3o de casos ressoa sobre o sistema de sa\u00fade da capital e de Arapiraca, visivelmente melhor equipadas do que as demais cidades vizinhas. Nesse sentido, e da forma mais dura, o estado est\u00e1 aprendendo que a onda de casos que ultrapassa Macei\u00f3 e Arapiraca, reverbera e retorna, ampliando ainda mais as dificuldades de enfrentamento do v\u00edrus.&nbsp;&nbsp;<\/p>\n<p>Mas quais seriam os caminhos poss\u00edveis para atenuar os impactos da pandemia no estado?&nbsp;<\/p>\n<p>A decis\u00e3o do Comit\u00ea Cient\u00edfico criado pelo Cons\u00f3rcio Nordeste, do qual o estado de Alagoas faz parte, tem sido muito importante para orientar muitas decis\u00f5es do governo.&nbsp;<\/p>\n<p>A rela\u00e7\u00e3o cooperativa que se estabeleceu no sentido de prover e fundamentar as decis\u00f5es dos governadores do Nordeste a partir de informa\u00e7\u00f5es cient\u00edficas e seguras \u00e9 um movimento importante e de fortalecimento regional, sobretudo num cen\u00e1rio de explos\u00e3o de not\u00edcias falsas e dissemina\u00e7\u00e3o de registros negacionistas quanto aos efeitos e gravidade do novo v\u00edrus.&nbsp;<\/p>\n<p>Al\u00e9m disso, a coopera\u00e7\u00e3o horizontal entre estado e munic\u00edpios seria, certamente, bastante desej\u00e1vel neste exato momento, sobretudo num cen\u00e1rio de baixa coopera\u00e7\u00e3o por parte do governo federal. O alinhamento pol\u00edtico entre o governador e o prefeito da capital, que se assistiu do come\u00e7o da pandemia, foi fundamental para o planejamento das primeiras a\u00e7\u00f5es de enfrentamento. Todavia, parece que essa n\u00e3o foi a regra em se tratando da rela\u00e7\u00e3o entre o governo estadual e os demais munic\u00edpios do estado.&nbsp;&nbsp;<\/p>\n<p>Os conflitos pol\u00edticos que se anunciam pelo avizinhamento das elei\u00e7\u00f5es municipais parece que s\u00e3o imunes ao novo coronav\u00edrus. O mesmo ocorre em outras arenas pol\u00edtica. E, ao que tudo indica, est\u00e3o se imprimindo mesmo sob essa situa\u00e7\u00e3o excepcional e de emerg\u00eancia. Ser\u00e1 preciso cuidado e cautela com estes conflitos agora, pois estes amea\u00e7am a promo\u00e7\u00e3o de a\u00e7\u00f5es coordenadas que se fazem mais que necess\u00e1rias nesse momento, al\u00e9m do que, a resson\u00e2ncia desses conflitos acaba por colocar em risco a vida de centenas de pessoas.&nbsp;<\/p>\n<p>Outro parceiro importante a ser considerado pelo governo \u00e9 o legislativo estadual, que tem buscado promover a\u00e7\u00f5es de enfrentamento da pandemia. De meados de mar\u00e7o para c\u00e1, medidas importantes t\u00eam sido levantadas no \u00e2mbito legislativo. Dentre as principais medidas, a que se destacar o <a href=\"https:\/\/www.al.al.leg.br\/comunicacao\/noticias\/plano-de-combate-a-covid-19-reune-propostas-de-parlamentares\">Plano<\/a> apresentado pela Assembleia Legislativa e dividido em quatro eixos (Pandemia; Recupera\u00e7\u00e3o Econ\u00f4mica; Medidas Sociais e Sa\u00fade P\u00f3s Pandemia) com 26 projetos de leis ordin\u00e1rias, 2 projetos de leis complementares e indica\u00e7\u00f5es, algumas j\u00e1 aprovadas pelo plen\u00e1rio da Casa e outras ainda em fase de tramita\u00e7\u00e3o. Ademais, al\u00e9m do seu papel de propositor de leis e de fiscaliza\u00e7\u00e3o das a\u00e7\u00f5es do Executivo, os parlamentares podem e devem buscar cooperar tamb\u00e9m com a sensibiliza\u00e7\u00e3o da popula\u00e7\u00e3o quanto ao cumprimento das medidas e recomenda\u00e7\u00f5es sanit\u00e1rias.&nbsp;<\/p>\n<p>Por fim, como j\u00e1 amplamente apresentado governadores e prefeitos tem sido atores protagonistas em todo o pa\u00eds desde o in\u00edcio da pandemia. N\u00e3o \u00e9 diferente em Alagoas, apesar das press\u00f5es do setor econ\u00f4mico. O Judici\u00e1rio tem reconhecido a compet\u00eancia dos governos subnacionais para tomarem decis\u00f5es de natureza normativas e administrativas no combate \u00e0 pandemia de Covid-19. Como os impactos da pandemia demandam medidas de curto, m\u00e9dio e longo prazo, torna-se mais do que urgente que as redes de coopera\u00e7\u00e3o sejam ampliadas e costuradas entre governos, entre poderes e a sociedade. Talvez essa seja a melhor receita para Alagoas continuar enfrentando a pandemia no estado.&nbsp;<\/p>\n<p><strong>Refer\u00eancias bibliogr\u00e1ficas:<\/strong><\/p>\n<p>[1]&nbsp;Tratava-se em um alagoano residente na capital com hist\u00f3rico de viagem recente para a It\u00e1lia.<\/p>\n<p>[2]&nbsp;Gr\u00e1fico elaborado pelo doutorando em f\u00edsica do Instituto de F\u00edsica da Universidade Federal de Alagoas,&nbsp;Anderson Rafael Correia Buarque da Silva, a partir dos boletins disponibilizados sela Sesau.<\/p>\n<p>[3]&nbsp;Para se calcular a mortalidade, divide-se o total de \u00f3bitos pela doen\u00e7a pela popula\u00e7\u00e3o total exposta \u00e0 mesma. J\u00e1 na letalidade, divide-se o total de \u00f3bitos pela doen\u00e7a pelo total de pessoas infectadas pela mesma.<\/p>\n<p>[4]&nbsp;Decreto n\u00ba 69.501, de 13 de mar\u00e7o de 2020, Decreto n\u00ba 69.577, de 28 de mar\u00e7o de 2020, Decreto n\u00ba 69.624, de 6 de abril de 2020, Decreto n\u00ba 69.700, de 20 de abril de 2020, Decreto n\u00ba 69.722, de 4 de maio de 2020, Decreto n\u00ba 69.844, de 19 de maio de 2020, Decreto n\u00ba 69.935, de 31 de maio de 2020, Decreto n\u00ba 70.066, de 9 de junho de 2020.<\/p>\n","protected":false},"excerpt":{"rendered":"<p>Este \u00e9 o vig\u00e9simo quinto\u00a0texto da s\u00e9rie de an\u00e1lises contextualizadas de cada um dos estados brasileiros, no especial &#8220;Os governos estaduais e as a\u00e7\u00f5es de enfrentamento \u00e0 pandemia no Brasil&#8221;, publicado entre os dias 8 e 12 de junho na p\u00e1gina da ABCP. Acompanhe!<\/p>\n","protected":false},"author":3,"featured_media":0,"comment_status":"open","ping_status":"open","sticky":false,"template":"","format":"standard","meta":{"footnotes":""},"categories":[1],"tags":[],"class_list":["post-223","post","type-post","status-publish","format-standard","hentry","category-uncategorized"],"_links":{"self":[{"href":"https:\/\/cienciapolitica.org.br\/web\/wp-json\/wp\/v2\/posts\/223","targetHints":{"allow":["GET"]}}],"collection":[{"href":"https:\/\/cienciapolitica.org.br\/web\/wp-json\/wp\/v2\/posts"}],"about":[{"href":"https:\/\/cienciapolitica.org.br\/web\/wp-json\/wp\/v2\/types\/post"}],"author":[{"embeddable":true,"href":"https:\/\/cienciapolitica.org.br\/web\/wp-json\/wp\/v2\/users\/3"}],"replies":[{"embeddable":true,"href":"https:\/\/cienciapolitica.org.br\/web\/wp-json\/wp\/v2\/comments?post=223"}],"version-history":[{"count":0,"href":"https:\/\/cienciapolitica.org.br\/web\/wp-json\/wp\/v2\/posts\/223\/revisions"}],"wp:attachment":[{"href":"https:\/\/cienciapolitica.org.br\/web\/wp-json\/wp\/v2\/media?parent=223"}],"wp:term":[{"taxonomy":"category","embeddable":true,"href":"https:\/\/cienciapolitica.org.br\/web\/wp-json\/wp\/v2\/categories?post=223"},{"taxonomy":"post_tag","embeddable":true,"href":"https:\/\/cienciapolitica.org.br\/web\/wp-json\/wp\/v2\/tags?post=223"}],"curies":[{"name":"wp","href":"https:\/\/api.w.org\/{rel}","templated":true}]}}