{"id":224,"date":"2020-07-12T03:56:17","date_gmt":"2020-07-12T03:56:17","guid":{"rendered":"https:\/\/tmp.cienciapolitica.org.br\/2020\/07\/12\/especial-abcp-acoes-piaui-enfrentamento\/"},"modified":"2020-07-12T03:56:17","modified_gmt":"2020-07-12T03:56:17","slug":"especial-abcp-acoes-piaui-enfrentamento","status":"publish","type":"post","link":"https:\/\/cienciapolitica.org.br\/web\/especial-abcp-acoes-piaui-enfrentamento\/","title":{"rendered":"ESPECIAL ABCP: As a\u00e7\u00f5es do Piau\u00ed no enfrentamento \u00e0 pandemia"},"content":{"rendered":"<p>Este \u00e9 o vig\u00e9simo sexto texto da s\u00e9rie de an\u00e1lises contextualizadas de cada um dos estados brasileiros, no especial &#8220;Os governos estaduais e as a\u00e7\u00f5es de enfrentamento \u00e0 pandemia no Brasil&#8221;, publicado entre os dias 8 e 12 de junho na p\u00e1gina da ABCP. Acompanhe!<br \/>\n<!--more--><\/p>\n<h4>Este \u00e9 o vig\u00e9simo sexto texto da s\u00e9rie de an\u00e1lises contextualizadas de cada um dos estados brasileiros, no especial &#8220;<a href=\"https:\/\/cienciapolitica.org.br\/noticias\/2020\/06\/especial-abcp-governos-estaduais-e-acoes-enfrentamento\">Os governos estaduais e as a\u00e7\u00f5es de enfrentamento \u00e0 pandemia no Brasil<\/a>&#8220;, publicado entre os dias 8 e 12 de junho na p\u00e1gina da ABCP. Acompanhe!<\/h4>\n<hr \/>\n<p><strong>Controlando a pandemia: isolamento social e incremento da sa\u00fade no Piau\u00ed<\/strong><\/p>\n<p>Nome dos(as)&nbsp;autores(as) e institui\u00e7\u00e3o a que est\u00e3o vinculados(as):&nbsp;V\u00edtor Eduardo Veras de Sandes-Freitas e&nbsp;Ol\u00edvia Cristina Perez &#8211;&nbsp;Universidade Federal do Piau\u00ed<\/p>\n<p>Titula\u00e7\u00e3o&nbsp;dos(as) autores(as) e institui\u00e7\u00e3o&nbsp;em que a&nbsp;obtiveram:&nbsp;Doutor em Ci\u00eancia Pol\u00edtica (UNICAMP);&nbsp;Doutora em Ci\u00eancia Pol\u00edtica (USP)<\/p>\n<p>Regi\u00e3o:&nbsp;Nordeste<\/p>\n<p>Governador (Partido):&nbsp;Wellington Dias (PT)<\/p>\n<p>Popula\u00e7\u00e3o:&nbsp;3.273.227<\/p>\n<p>N\u00famero de munic\u00edpios:&nbsp;224<\/p>\n<p>Casos confirmados em 10\/06\/2020:&nbsp;8.823<\/p>\n<p>\u00d3bitos confirmados em 10\/06\/2020:&nbsp;299<\/p>\n<p>Casos por 100 mil hab.:&nbsp;269,55<\/p>\n<p>\u00d3bitos por 100 mil hab.:&nbsp;9,13<\/p>\n<hr \/>\n<p><strong>* Por:&nbsp;V\u00edtor Eduardo Veras de Sandes-Freitas e&nbsp;Ol\u00edvia Cristina Perez <\/strong><\/p>\n<p>O estado do Piau\u00ed teve seu primeiro caso registrado de Covid-19 em 19 de mar\u00e7o de 2020, sendo que devido \u00e0 exist\u00eancia de casos suspeitos e do avan\u00e7o dos casos no pa\u00eds, o governador do estado, Wellington Dias (PT) decretou situa\u00e7\u00e3o de emerg\u00eancia em 16 de mar\u00e7o, tr\u00eas dias antes da confirma\u00e7\u00e3o do primeiro caso no estado. No mesmo decreto (n\u00ba 18.884\/2020), foi criado o Comit\u00ea de Gest\u00e3o de Crise e o estabelecimento das primeiras medidas de isolamento (ver Gr\u00e1fico 1).<\/p>\n<p><img decoding=\"async\" alt=\"Gr\u00e1fico 1- Medidas de isolamento e surgimento da doen\u00e7a causada  pelo novo Coronav\u00edrus \u2013 Piau\u00ed - Brasil, 2020\" data-caption=\"Gr\u00e1fico 1- Medidas de isolamento e surgimento da doen\u00e7a causada&amp;nbsp;&lt;br \/&gt;\npelo novo Coronav\u00edrus \u2013 Piau\u00ed - Brasil, 2020&lt;br \/&gt;\n&lt;br \/&gt;\n&lt;em&gt;Fonte: &lt;a href=&quot;https:\/\/www.pi.gov.br\/decretos-estaduais-novo-coronavirus\/&quot;&gt;https:\/\/www.pi.gov.br\/decretos-estaduais-novo-coronavirus&lt;\/a&gt;&lt;\/em&gt;\" data-entity-type=\"file\" data-entity-uuid=\"51422799-89af-4b59-a228-40dda3bd61fa\" src=\"\/sites\/default\/files\/imagens\/wysiwyg\/piaui.png\" \/><\/p>\n<p>As primeiras medidas de isolamento estabelecidas no decreto do dia 16 de mar\u00e7o criaram restri\u00e7\u00f5es para eventos organizados pela administra\u00e7\u00e3o p\u00fablica direta e indireta, bem como houve a suspens\u00e3o das aulas da rede p\u00fablica estadual. Ap\u00f3s esta data, as medidas se intensificaram e foi decretado o estado de calamidade, em 19 de mar\u00e7o, que permite o descumprimento de regras fiscais com a finalidade de realizar gastos excepcionais, sem que isso seja enquadrado como crime de responsabilidade. Essa medida \u00e9 necess\u00e1ria para a situa\u00e7\u00e3o, pois \u00e9 preciso mais gastos recursos do Estado no incremento das equipes e da infraestrutura de sa\u00fade para atender as pessoas infectadas e \u00e0quelas que precisam de aux\u00edlio econ\u00f4mico.&nbsp;<\/p>\n<p>No dia 23 de mar\u00e7o, as medidas estaduais foram intensificadas: atividades comerciais e a presta\u00e7\u00e3o de servi\u00e7os foram suspensas, mantendo-se apenas aquelas consideradas essenciais. No dia 29 de mar\u00e7o, houve a confirma\u00e7\u00e3o de transmiss\u00e3o comunit\u00e1ria. Neste mesmo dia, foram confirmados 16 casos e tr\u00eas \u00f3bitos ocasionados pelo novo coronav\u00edrus.&nbsp;<\/p>\n<p>Ap\u00f3s a confirma\u00e7\u00e3o de que a doen\u00e7a havia chegado no estado, uma outra medida importante para conter a difus\u00e3o de casos foi a suspens\u00e3o do transporte intermunicipal de passageiros. Essa medida visou a diminui\u00e7\u00e3o do tr\u00e2nsito entre as cidades, o que poderia agravar a situa\u00e7\u00e3o, com maior espraiamento da doen\u00e7a no estado. Ap\u00f3s isso, v\u00e1rios outros decretos foram editados com o fim de prorrogar medidas anteriores e estabelecer outras, como o uso de m\u00e1scaras de prote\u00e7\u00e3o facial pela popula\u00e7\u00e3o em geral (sem o estabelecimento de multas).&nbsp;<\/p>\n<p>Al\u00e9m disso, foram feitas barreiras sanit\u00e1rias e articula\u00e7\u00e3o de medidas junto aos munic\u00edpios piauienses, incluindo a rela\u00e7\u00e3o do governador, Wellington Dias, com o prefeito da capital do estado, Teresina, Firmino Filho, pertencentes, respectivamente, ao Partido dos Trabalhadores (PT) e ao Partido da Social Democracia Brasileira (PSDB). Apesar da rivalidade pol\u00edtica entre os dois partidos, eles gravaram uma <em>live<\/em>, no dia 13 de abril, em que pediam \u00e0 popula\u00e7\u00e3o que aderisse \u00e0s medidas de isolamento social. As a\u00e7\u00f5es do governo do estado aconteceram no sentido de controlar o avan\u00e7o da doen\u00e7a e isso fica evidente nos gr\u00e1ficos 2 e 3.<\/p>\n<p><img decoding=\"async\" alt=\"Gr\u00e1fico 2 - Capacidade de Interna\u00e7\u00e3o de Leitos Cl\u00ednicos por  Quantidade de Internados \u2013 Piau\u00ed \u2013 Brasil (abril a junho de 2020).\" data-caption=\"Gr\u00e1fico 2 - Capacidade de Interna\u00e7\u00e3o de Leitos Cl\u00ednicos por&amp;nbsp;&lt;br \/&gt;\nQuantidade de Internados \u2013 Piau\u00ed \u2013 Brasil (abril a junho de 2020).&lt;br \/&gt;\n&lt;br \/&gt;\n&lt;em&gt;Fonte: Painel Epidemiol\u00f3gico \u2013 Covid-19 da Secretaria de Sa\u00fade do Estado do Piau\u00ed. Dados referentes a 09 de junho de 2020, \u00e0s 19h30.&lt;\/em&gt;\" data-entity-type=\"file\" data-entity-uuid=\"1998ae67-39ae-40d2-9900-a44c3b67064e\" src=\"\/sites\/default\/files\/imagens\/wysiwyg\/piaui%202.png\" \/><\/p>\n<p>No gr\u00e1fico 2, observa-se que o avan\u00e7o no n\u00famero de casos confirmados se deu de forma controlada ao longo de todo o per\u00edodo, sendo que houve um incremento dos leitos de interna\u00e7\u00e3o, de forma mais evidente, de meados de maio, com um refor\u00e7o no in\u00edcio do atual m\u00eas. J\u00e1 no gr\u00e1fico 3, o aumento foi ainda mais evidente. O avan\u00e7o lento da doen\u00e7a no estado, em compara\u00e7\u00e3o a outros estados, permitiu ao governo tempo para duplicar a capacidade do sistema para realizar interna\u00e7\u00f5es em leitos de UTI de abril at\u00e9 junho.<\/p>\n<p><img decoding=\"async\" alt=\"r\u00e1fico 3 - Capacidade de Interna\u00e7\u00e3o de Leitos de UTI por  Quantidade de Internados\u2013 Piau\u00ed \u2013 Brasil (abril a junho de 2020).\" data-caption=\"Gr\u00e1fico 3 - Capacidade de Interna\u00e7\u00e3o de Leitos de UTI por&amp;nbsp;Quantidade de Internados\u2013 Piau\u00ed \u2013 Brasil (abril a junho de 2020).&lt;br \/&gt;\n&lt;br \/&gt;\n&lt;em&gt;Fonte: Painel Epidemiol\u00f3gico \u2013 Covid-19 da Secretaria de Sa\u00fade do Estado do Piau\u00ed. Dados referentes a 09 de junho de 2020, \u00e0s 19h30.&lt;\/em&gt;\" data-entity-type=\"file\" data-entity-uuid=\"ab0ad7fe-14b8-4567-a94d-40a8789178ef\" src=\"\/sites\/default\/files\/imagens\/wysiwyg\/piaui%203.png\" \/><\/p>\n<p>O estado tem ampliado sua capacidade em fazer testes r\u00e1pidos, fundamental para poder controlar os focos de difus\u00e3o da doen\u00e7a. Para tanto, o Governo criou o Programa Busca Ativa, que visa rastrear pessoas contaminadas pela Covid-19, por meio do decreto 18.984\/2020 de 20 de maio. Um acompanhamento similar tem acontecido na capital piauiense pela Prefeitura de Teresina com a inten\u00e7\u00e3o de acompanhar a evolu\u00e7\u00e3o do n\u00famero de casos.&nbsp;<\/p>\n<p>Os resultados dessas a\u00e7\u00f5es t\u00eam levado o estado a ter o segundo menor n\u00famero de \u00f3bitos entre todos os estados do Nordeste, ficando atr\u00e1s de Sergipe, e o menor n\u00famero de casos confirmados da regi\u00e3o. Conforme o gr\u00e1fico 4, o Piau\u00ed \u00e9 o estado com menor n\u00famero relativo de casos, apesar de n\u00e3o ter uma das menores taxas de letalidade, o que pode indicar que h\u00e1 ainda muita subnotifica\u00e7\u00e3o.<\/p>\n<p><img decoding=\"async\" alt=\"O estado tem ampliado sua capacidade em fazer testes r\u00e1pidos, fundamental para poder controlar os focos de difus\u00e3o da doen\u00e7a. Para tanto, o Governo criou o Programa Busca Ativa, que visa rastrear pessoas contaminadas pela Covid-19, por meio do decreto 18.984\/2020 de 20 de maio. Um acompanhamento similar tem acontecido na capital piauiense pela Prefeitura de Teresina com a inten\u00e7\u00e3o de acompanhar a evolu\u00e7\u00e3o do n\u00famero de casos.  Os resultados dessas a\u00e7\u00f5es t\u00eam levado o estado a ter o segundo menor n\u00famero de \u00f3bitos entre todos os estados do Nordeste, ficando atr\u00e1s de Sergipe, e o menor n\u00famero de casos confirmados da regi\u00e3o. Conforme o gr\u00e1fico 4, o Piau\u00ed \u00e9 o estado com menor n\u00famero relativo de casos, apesar de n\u00e3o ter uma das menores taxas de letalidade, o que pode indicar que h\u00e1 ainda muita subnotifica\u00e7\u00e3o.\" data-caption=\"Gr\u00e1fico 4 \u2013 N\u00famero relativo de casos e taxa de letalidade nos&amp;nbsp;&lt;br \/&gt;\nestados do Nordeste \u2013 Piau\u00ed \u2013 Brasil (abril a junho de 2020).&lt;br \/&gt;\n&lt;br \/&gt;\n&lt;em&gt;Fonte: Painel Covid-19 no Nordeste brasileiro \u2013 Cons\u00f3rcio Nordeste. Dados extra\u00eddos em 10 de junho de 2020, \u00e0s 17h00.&lt;\/em&gt;&lt;br \/&gt;\n&amp;nbsp;\" data-entity-type=\"file\" data-entity-uuid=\"a55365b0-ffb9-46c7-b4c6-fab7ab6672c8\" src=\"\/sites\/default\/files\/imagens\/wysiwyg\/piaui%204.png\" \/><\/p>\n<p>Mesmo com capacidade de suportar aumento no n\u00famero de interna\u00e7\u00f5es, o estado ainda est\u00e1 longe de controlar completamente a pandemia. Com a parca coordena\u00e7\u00e3o vertical por parte do Governo Federal, a depend\u00eancia do estado em rela\u00e7\u00e3o aos recursos federais e da arrecada\u00e7\u00e3o proveniente do setor de servi\u00e7os e a press\u00e3o do setor empresarial do estado, o governador instituiu em 08 de junho, por meio do decreto 19.014\/2020, o Pacto de Retomada Organizada que flexibiliza as medidas de isolamento social. A medida determina a reabertura de setores da constru\u00e7\u00e3o civil, de servi\u00e7os de sa\u00fade (psicol\u00f3gicos\/fisioterapia e terapia ocupacional) e setores automotivo.<\/p>\n<p>Para a reabertura, as empresas precisam elaborar protocolos sanit\u00e1rios e, ap\u00f3s avalia\u00e7\u00e3o e aprova\u00e7\u00e3o do Comit\u00ea T\u00e9cnico de Monitoramento do Pacto, \u00e9 que as atividades poder\u00e3o retornar. No entanto, \u00e9 preciso avaliar, cuidadosamente, os impactos da flexibiliza\u00e7\u00e3o das medidas de isolamento social, incluindo os munic\u00edpios, para que a situa\u00e7\u00e3o, aparentemente controlada, n\u00e3o se torne ca\u00f3tica em poucos dias, sem que se tenha condi\u00e7\u00f5es de contorn\u00e1-la a tempo.<\/p>\n","protected":false},"excerpt":{"rendered":"<p>Este \u00e9 o vig\u00e9simo sexto texto da s\u00e9rie de an\u00e1lises contextualizadas de cada um dos estados brasileiros, no especial &#8220;Os governos estaduais e as a\u00e7\u00f5es de enfrentamento \u00e0 pandemia no Brasil&#8221;, publicado entre os dias 8 e 12 de junho na p\u00e1gina da ABCP. Acompanhe!<\/p>\n","protected":false},"author":3,"featured_media":0,"comment_status":"open","ping_status":"open","sticky":false,"template":"","format":"standard","meta":{"footnotes":""},"categories":[1],"tags":[],"class_list":["post-224","post","type-post","status-publish","format-standard","hentry","category-uncategorized"],"_links":{"self":[{"href":"https:\/\/cienciapolitica.org.br\/web\/wp-json\/wp\/v2\/posts\/224","targetHints":{"allow":["GET"]}}],"collection":[{"href":"https:\/\/cienciapolitica.org.br\/web\/wp-json\/wp\/v2\/posts"}],"about":[{"href":"https:\/\/cienciapolitica.org.br\/web\/wp-json\/wp\/v2\/types\/post"}],"author":[{"embeddable":true,"href":"https:\/\/cienciapolitica.org.br\/web\/wp-json\/wp\/v2\/users\/3"}],"replies":[{"embeddable":true,"href":"https:\/\/cienciapolitica.org.br\/web\/wp-json\/wp\/v2\/comments?post=224"}],"version-history":[{"count":0,"href":"https:\/\/cienciapolitica.org.br\/web\/wp-json\/wp\/v2\/posts\/224\/revisions"}],"wp:attachment":[{"href":"https:\/\/cienciapolitica.org.br\/web\/wp-json\/wp\/v2\/media?parent=224"}],"wp:term":[{"taxonomy":"category","embeddable":true,"href":"https:\/\/cienciapolitica.org.br\/web\/wp-json\/wp\/v2\/categories?post=224"},{"taxonomy":"post_tag","embeddable":true,"href":"https:\/\/cienciapolitica.org.br\/web\/wp-json\/wp\/v2\/tags?post=224"}],"curies":[{"name":"wp","href":"https:\/\/api.w.org\/{rel}","templated":true}]}}