{"id":230,"date":"2020-07-13T23:04:50","date_gmt":"2020-07-13T23:04:50","guid":{"rendered":"https:\/\/tmp.cienciapolitica.org.br\/2020\/07\/13\/especial-abcp-acoes-minas-gerais\/"},"modified":"2020-07-13T23:04:50","modified_gmt":"2020-07-13T23:04:50","slug":"especial-abcp-acoes-minas-gerais","status":"publish","type":"post","link":"https:\/\/cienciapolitica.org.br\/web\/especial-abcp-acoes-minas-gerais\/","title":{"rendered":"ESPECIAL ABCP: As a\u00e7\u00f5es de Minas Gerais no enfrentamento \u00e0 pandemia"},"content":{"rendered":"<p>Este \u00e9 o sexto texto da 3\u00aa edi\u00e7\u00e3o do especial &#8220;Os governos estaduais e as a\u00e7\u00f5es de enfrentamento \u00e0 pandemia no Brasil&#8221;, publicado entre os dias 13 e 17 de julho na p\u00e1gina da ABCP. Acompanhe!<br \/>\n<!--more--><\/p>\n<h4><em>Este \u00e9 o sexto texto da 3\u00aa edi\u00e7\u00e3o do especial &#8220;Os governos estaduais e as a\u00e7\u00f5es de enfrentamento \u00e0 pandemia no Brasil&#8221;, publicado entre os dias 13 e 17 de julho na p\u00e1gina da ABCP. Acompanhe!<\/em><\/h4>\n<h4><em>Para ler a an\u00e1lise sobre Minas Gerais&nbsp;publicada na \u00faltima&nbsp;edi\u00e7\u00e3o, clique&nbsp;<a href=\"https:\/\/tmp.cienciapolitica.org.br\/2020\/07\/12\/especial-abcp-acoes-minas-gerais-enfrentamento\/\">aqui<\/a>!<\/em><\/h4>\n<h4><em>Para saber mais detalhes sobre essa s\u00e9rie especial, clique&nbsp;<a href=\"https:\/\/cienciapolitica.org.br\/noticias\/2020\/07\/especial-abcp-governos-estaduais-e-acoes-enfrentamento\">aqui<\/a>!<\/em><\/h4>\n<hr \/>\n<p><span><span><span><strong><span><span>Minas Gerais e Covid-19: Depois da \u201cbonan\u00e7a\u201d veio a tempestade<\/span><\/span><\/strong><\/span><\/span><\/span><\/p>\n<p>Nome dos(as)&nbsp;autores(as):&nbsp;Helga Almeida&nbsp; e Thiago Silame&nbsp;<\/p>\n<p>Institui\u00e7\u00f5es \u00e0s quais&nbsp;os(as) autores(as) est\u00e3o&nbsp;vinculados(as):&nbsp;Universidade Federal do Vale do S\u00e3o Francisco (UNIVASF) e&nbsp;Universidade Federal de Alfenas (UNIFAL)<\/p>\n<p>Titula\u00e7\u00e3o:&nbsp;Doutora e Doutor em Ci\u00eancia Pol\u00edtica, ambos titulados pela Universidade Federal de Minas Gerais (UFMG)<\/p>\n<p>Regi\u00e3o:&nbsp;Sudeste<\/p>\n<p>Governador (Partido):&nbsp;Romeu Zema (Novo)&nbsp;<\/p>\n<p>Popula\u00e7\u00e3o:&nbsp;21.168.791 (IBGE, 2019)<\/p>\n<p>N\u00famero de munic\u00edpios:&nbsp;853<\/p>\n<p>Casos confirmados em 10\/07\/2020:&nbsp;<span><span><span><span><span><span>70.086<\/span><\/span><\/span><\/span><\/span><\/span><\/p>\n<p>\u00d3bitos confirmados em 10\/07\/2020:&nbsp;<span><span><span><span><span><span>1.504<\/span><\/span><\/span><\/span><\/span><\/span><\/p>\n<p>Casos por 100 mil hab.:&nbsp;<span><span><span><span><span><span>331,08 [1]<\/span><\/span><\/span><\/span><\/span><\/span><\/p>\n<p>\u00d3bitos por 100 mil hab.:&nbsp;7,10 [2]<\/p>\n<hr \/>\n<p><strong>* Por:&nbsp;Helga Almeida&nbsp; e Thiago Silame<\/strong>&nbsp;<\/p>\n<p><span><span><span><span><span><span>Se desde o come\u00e7o da pandemia de Covid-19 havia um sentimento truncado de bonan\u00e7a no estado de Minas Gerais (MG) [3] [4]<\/span><\/span><\/span><\/span><\/span><\/span><span><span><span><span><span><span>, no m\u00eas de julho chegou a tempestade.&nbsp;<\/span><\/span><\/span><\/span><\/span><\/span><\/p>\n<p><span><span><span><span><span><span>A situa\u00e7\u00e3o de MG vem se complicando a olhos vistos e isso pode ser notado fazendo a compara\u00e7\u00e3o com os dados de nosso \u00faltimo artigo, \u201c<a href=\"https:\/\/tmp.cienciapolitica.org.br\/2020\/07\/12\/especial-abcp-acoes-minas-gerais-enfrentamento\/\">Minas Gerais: subnotifica\u00e7\u00e3o e des(coordena\u00e7\u00e3o) entre estado, Uni\u00e3o e munic\u00edpios no enfrentamento \u00e0 Covid-19<\/a>\u201d [5]&nbsp;<\/span><\/span><\/span><\/span><\/span><\/span><span><span><span><span><span><span>, publicado no comp\u00eandio de trabalhos contidos no dossi\u00ea \u201cOs governos estaduais e as a\u00e7\u00f5es de enfrentamento \u00e0 pandemia no Brasil\u201d, organizado pela pesquisadora Luciana Santana e pela Associa\u00e7\u00e3o Brasileira de Ci\u00eancia Pol\u00edtica. Os primeiros dados foram coletados em 6 de junho de 2020 e os dados deste artigo foram coletados em 10 de julho de 2020.<\/span><\/span><\/span><\/span><\/span><\/span><\/p>\n<p><span><span><span><span><span><span>Como se v\u00ea na tabela a seguir, h\u00e1 um quadruplicar de todas as medidas observadas sobre o avan\u00e7o da Covid-19 em MG entre os meses de junho e julho de 2020. Em julho o n\u00famero absoluto de casos em Minas Gerais quadruplicou em pouco mais de um&nbsp;m\u00eas passando para 70.086 casos, assim avan\u00e7ando quatro&nbsp;posi\u00e7\u00f5es, de 12\u00ba para 8\u00ba, na listagem comparada dos estados brasileiros. <\/span><\/span><\/span><\/span><\/span><\/span><\/p>\n<p><span><span><span><span><span><span>O n\u00famero de \u00f3bitos tamb\u00e9m seguiu a mesma tend\u00eancia e quadruplicou em Minas Gerais,&nbsp;chegando&nbsp;a 1.504 mortes e&nbsp;fazendo que MG avan\u00e7asse tr\u00eas&nbsp;posi\u00e7\u00f5es, de 13\u00ba para 10\u00ba na listagem de \u00f3bitos comparados entre estados brasileiros. Quando a m\u00e9trica \u00e9 o n\u00famero de contamina\u00e7\u00f5es por 100 mil habitantes e o n\u00famero de \u00f3bitos por 100 mil habitantes, tamb\u00e9m se observa um quadruplicar dos valores.<\/span><\/span><\/span><\/span><\/span><\/span><\/p>\n<p><img decoding=\"async\" alt=\"Fonte: Elaborado pelos autores atrav\u00e9s dos dados de https:\/\/raw.githubusercontent.com\/wcota\/covid19br\/master\/cases-brazil-states.csv\" data-caption=\"&lt;em&gt;Fonte: Elaborado pelos autores atrav\u00e9s dos dados de &lt;a href=&quot;https:\/\/raw.githubusercontent.com\/wcota\/covid19br\/master\/cases-brazil-states.csv&quot;&gt;https:\/\/raw.githubusercontent.com\/wcota\/covid19br\/master\/cases-brazil-states.csv&lt;\/a&gt;&lt;\/em&gt;\" data-entity-type=\"file\" data-entity-uuid=\"68f8f2fc-302e-4ee5-80c6-f025284517b4\" src=\"\/sites\/default\/files\/imagens\/wysiwyg\/tabela%201%20mg.png\" \/><\/p>\n<p><span><span><span><span><span><span>Nos gr\u00e1ficos dispostos a seguir se pode visualizar melhor o avan\u00e7o da contamina\u00e7\u00e3o em Minas Gerais. Desde mar\u00e7o os casos de Covid-19 v\u00eam trilhando uma curva ascendente, no entanto foi em meados do m\u00eas de junho que a curva tornou-se mais obl\u00edqua. Sendo que, a cada cinco casos de Covid-19 em MG, quatro foram registrados no m\u00eas de junho [6]<\/span><\/span><\/span><\/span><\/span><\/span><span><span><span><span><span><span>.<\/span><\/span><\/span><\/span><\/span><\/span><\/p>\n<p><img fetchpriority=\"high\" decoding=\"async\" alt=\"Fonte: Elaborado pelos autores atrav\u00e9s dos dados extra\u00eddos em 10\/07\/2020 de https:\/\/raw.githubusercontent.com\/wcota\/covid19br\/master\/cases-brazil-states.csv\" data-caption=\"&lt;br \/&gt;\n&lt;em&gt;Fonte: Elaborado pelos autores atrav\u00e9s dos dados extra\u00eddos em 10\/07\/2020 de &lt;a href=&quot;https:\/\/raw.githubusercontent.com\/wcota\/covid19br\/master\/cases-brazil-states.csv&quot;&gt;https:\/\/raw.githubusercontent.com\/wcota\/covid19br\/master\/cases-brazil-states.csv&lt;\/a&gt;&lt;\/em&gt;\" data-entity-type=\"file\" data-entity-uuid=\"d950242f-17a8-4c00-8b51-48de784c13e5\" height=\"349\" src=\"\/sites\/default\/files\/imagens\/wysiwyg\/mg%201.png\" width=\"580\" \/><\/p>\n<p><span><span><span><span><span><span>A compara\u00e7\u00e3o do registro de novos casos de contamina\u00e7\u00e3o di\u00e1ria por Covid-19 no gr\u00e1fico abaixo tamb\u00e9m \u00e9 relevante, j\u00e1 que indica que, em rela\u00e7\u00e3o a&nbsp;MG, n\u00e3o se pode falar de forma nenhuma em estabilidade no espalhamento da doen\u00e7a. <\/span><\/span><\/span><\/span><\/span><\/span><\/p>\n<p><span><span><span><span><span><span>A curva de cont\u00e1gio, como pode se observar, vem em uma crescente di\u00e1ria de casos. Dois marcos aqui s\u00e3o importantes, o primeiro no dia 3 de junho, data em que se registrou pela primeira vez o patamar de mais de 1.000 pessoas contaminadas em \u00fanico dia em MG e um segundo marco em 24 de junho,&nbsp;data em que o patamar de 1.000 pessoas contaminadas por dia se fortaleceu e n\u00e3o mais decresceu, chegando em 26 de junho ao \u00e1pice de 6.122 contaminados em um dia.<\/span><\/span><\/span><\/span><\/span><\/span><\/p>\n<p><img decoding=\"async\" alt=\"Fonte: Elaborado pelos autores atrav\u00e9s dos dados extra\u00eddos em 10\/07\/2020 de https:\/\/raw.githubusercontent.com\/wcota\/covid19br\/master\/cases-brazil-states.csv\" data-caption=\"&lt;br \/&gt;\n&lt;em&gt;Fonte: Elaborado pelos autores atrav\u00e9s dos dados extra\u00eddos em 10\/07\/2020 de &lt;a href=&quot;https:\/\/raw.githubusercontent.com\/wcota\/covid19br\/master\/cases-brazil-states.csv&quot;&gt;https:\/\/raw.githubusercontent.com\/wcota\/covid19br\/master\/cases-brazil-states.csv&lt;\/a&gt;&lt;\/em&gt;\" data-entity-type=\"file\" data-entity-uuid=\"e982f0dc-49d4-485f-aad9-c1f0f8c0af4a\" height=\"349\" src=\"\/sites\/default\/files\/imagens\/wysiwyg\/mg%202.png\" width=\"582\" \/><\/p>\n<p><span><span><span><span><span><span>A curva de \u00f3bitos em MG tamb\u00e9m segue em forte crescimento, como aponta o gr\u00e1fico abaixo. Sendo que ela ganha uma inclina\u00e7\u00e3o maior em meados de junho de 2020.&nbsp;<\/span><\/span><\/span><\/span><\/span><\/span><\/p>\n<p><img decoding=\"async\" alt=\"Fonte: Elaborado pelos autores atrav\u00e9s dos dados extra\u00eddos em 10\/07\/2020 de https:\/\/raw.githubusercontent.com\/wcota\/covid19br\/master\/cases-brazil-states.csv\" data-caption=\"&lt;em&gt;Fonte: Elaborado pelos autores atrav\u00e9s dos dados extra\u00eddos em 10\/07\/2020 de &lt;a href=&quot;https:\/\/raw.githubusercontent.com\/wcota\/covid19br\/master\/cases-brazil-states.csv&quot;&gt;https:\/\/raw.githubusercontent.com\/wcota\/covid19br\/master\/cases-brazil-states.csv&lt;\/a&gt;&lt;\/em&gt;\" data-entity-type=\"file\" data-entity-uuid=\"dd2087f0-cd7e-468e-be27-eccde98f2b8f\" height=\"373\" src=\"\/sites\/default\/files\/imagens\/wysiwyg\/mg%203.png\" width=\"555\" \/><\/p>\n<p><span><span><span><span><span><span>Em rela\u00e7\u00e3o aos registros de morte por Covid-19 no estado fica vis\u00edvel no gr\u00e1fico abaixo que os n\u00fameros v\u00eam trilhando uma crescente. A m\u00e9dia de mortes di\u00e1rias por Covid-19 em MG no m\u00eas de maio era de 6,1, em junho passa para 23,1 e nos dez&nbsp;primeiros dias de julho \u00e9 de 53,9, com um pico de 90 \u00f3bitos de mineiras(os) no dia 9 de julho de 2020.<\/span><\/span><\/span><\/span><\/span><\/span><\/p>\n<p><img loading=\"lazy\" decoding=\"async\" alt=\"Fonte: Elaborado pelos autores atrav\u00e9s dos dados extra\u00eddos em 10\/07\/2020 de https:\/\/raw.githubusercontent.com\/wcota\/covid19br\/master\/cases-brazil-states.csv\" data-caption=\"&lt;em&gt;Fonte: Elaborado pelos autores atrav\u00e9s dos dados extra\u00eddos em 10\/07\/2020 de &lt;a href=&quot;https:\/\/raw.githubusercontent.com\/wcota\/covid19br\/master\/cases-brazil-states.csv&quot;&gt;https:\/\/raw.githubusercontent.com\/wcota\/covid19br\/master\/cases-brazil-states.csv&lt;\/a&gt;&lt;\/em&gt;\" data-entity-type=\"file\" data-entity-uuid=\"d2ac7aee-f892-476d-a365-0df7132f793a\" height=\"363\" src=\"\/sites\/default\/files\/imagens\/wysiwyg\/mg%204.png\" width=\"565\" \/><\/p>\n<p><span><span><span><span><span><span>Nessa toada a interioriza\u00e7\u00e3o da doen\u00e7a no estado vem ocorrendo a&nbsp;passos largos, dos 853 munic\u00edpios mineiros, 756 tem registros de pessoas contaminadas por Covid-19 [7]<\/span><\/span><\/span><\/span><\/span><\/span><span><span><span><span><span><span>, o que corresponde a 88,6% das cidades de MG. Al\u00e9m disso, 34,9% dos munic\u00edpios, o que corresponde a 298 cidades, registraram mortes por Covid-19 [8] [9]<\/span><\/span><\/span><\/span><\/span><\/span><span><span><span><span><span><span> <\/span><\/span><\/span><\/span><\/span><\/span><span><span><span><span><span><span>.&nbsp;<\/span><\/span><\/span><\/span><\/span><\/span><\/p>\n<p><span><span><span><strong><span><span>Governo de MG: Entre cr\u00edticas ao governo federal e aos governos municipais<\/span><\/span><\/strong><\/span><\/span><\/span><\/p>\n<p><span><span><span><span><span><span>Romeu Zema, o governador de Minas, permaneceu at\u00e9 o dia 16 de junho alinhado com o presidente da Rep\u00fablica Jair Bolsonaro [10]<\/span><\/span><\/span><\/span><\/span><\/span><span><span><span><span><span><span> nas quest\u00f5es relativas ao enfrentamento da&nbsp;Covid-19 no Brasil.&nbsp;<\/span><\/span><\/span><\/span><\/span><\/span><\/p>\n<p><span><span><span><span><span><span>Nos meses de mar\u00e7o e abril, Zema se contrap\u00f4s ao F\u00f3rum de Governadores e n\u00e3o subscreveu cartas que cobravam respostas mais precisas da Uni\u00e3o em rela\u00e7\u00e3o \u00e0 pandemia de Covid-19. Tamb\u00e9m em abril o governador mineiro chegou a visitar o presidente da Rep\u00fablica para discutir a situa\u00e7\u00e3o fiscal de Minas, a resultante dessa conversa foi, entre outras, a constru\u00e7\u00e3o de um protocolo de reabertura dos munic\u00edpios mineiros pelo governo estadual, o \u201cPrograma Minas Consciente\u201d.<\/span><\/span><\/span><\/span><\/span><\/span><\/p>\n<p><span><span><span><span><span><span>Contudo, a falsa sensa\u00e7\u00e3o de calmaria vivida por MG e insistentemente publicizada pelo governador mineiro, que salientamos em artigo para o Estad\u00e3o em 18 de junho de 2020 [11]<\/span><\/span><\/span><\/span><\/span><\/span><span><span><span><span><span><span>, parece ter passado.<\/span><\/span><\/span><\/span><\/span><\/span><span><span><span><span><span><span><span> <\/span><\/span><\/span><\/span><\/span><\/span><\/span><\/p>\n<p><span><span><span><span><span><span>Diante de uma situa\u00e7\u00e3o pr\u00f3xima ao colapso em Minas, em 17 de junho o governador mineiro reclamou da falta de coordena\u00e7\u00e3o nacional no combate \u00e0&nbsp;COVID-19, declarou que fazia falta um protocolo \u00fanico para todos os estados e munic\u00edpios e colocou que as sucessivas trocas de ministros da Sa\u00fade ao longo da pandemia prejudicaram as a\u00e7\u00f5es de combate ao coronav\u00edrus [12]<\/span><\/span><\/span><\/span><\/span><\/span><span><span><span><span><span><span>.<\/span><\/span><\/span><\/span><\/span><\/span><\/p>\n<p><span><span><span><span><span><span>Ao mesmo tempo Zema segue o ataque pol\u00edtico ao prefeito da capital mineira. Alexandre Kalil (PSD), que tem se distanciado das sugest\u00f5es da Uni\u00e3o e do governo estadual em rela\u00e7\u00e3o \u00e0 Covid-19, mantendo Belo Horizonte sob medidas mais r\u00edgidas durante a pandemia, tem sido criticado por Zema desde o in\u00edcio da pandemia por diversos motivos, se antes pela rigidez das medidas, agora por supostamente n\u00e3o abrir leitos de UTI suficientes.<\/span><\/span><\/span><\/span><\/span><\/span><\/p>\n<p><span><span><span><span><span><span>Fato \u00e9 que Zema, diante da situa\u00e7\u00e3o de caos pand\u00eamico sentida em Minas Gerais a partir de junho, vem tentando fazer com&nbsp;que a culpa pol\u00edtica da situa\u00e7\u00e3o que o estado come\u00e7a a viver n\u00e3o recaia sobre si.&nbsp;Para isso tem tensionado a cr\u00edtica aos inimigos, como Alexandre Kalil e tamb\u00e9m a seus aliados, como Jair Bolsonaro.<\/span><\/span><\/span><\/span><\/span><\/span><\/p>\n<p><strong>Refer\u00eancias bibliogr\u00e1ficas:<\/strong><\/p>\n<p><em>[1] Levantamento realizado pelo site https:\/\/covid19br.wcota.me\/, de pesquisadores da Universidade Federal de Vi\u00e7osa sob coordena\u00e7\u00e3o do pesquisador Dr. Wesley Costa, a partir de dados das secretarias de sa\u00fade estaduais.<br \/>\nAcesso em 10\/07\/2020.<\/em><\/p>\n<p><em>[2] Fonte: https:\/\/covid19br.wcota.me\/<\/em><\/p>\n<p><em>[3] https:\/\/www.nexojornal.com.br\/especial\/2020\/05\/10\/Como-os-governos-estaduais-lidam-com-a-pandemia<\/em><\/p>\n<p><em>[4] https:\/\/cienciapolitica.org.br\/noticias\/2020\/06\/especial-abcp-acoes-minas-gerais-enfrentamento-pandemia<\/em><\/p>\n<p><em>[5]&nbsp;https:\/\/cienciapolitica.org.br\/noticias\/2020\/06\/especial-abcp-acoes-minas-gerais-enfrentamento-pandemia<\/em><\/p>\n<p><em>[6]&nbsp;https:\/\/www.otempo.com.br\/cidades\/quase-quatro-a-cada-cinco-casos-de-covid-19-em-minas-foram-registrados-em-junho-1.2355336<\/em><\/p>\n<p><em>[7] Boletim Epidemiol\u00f3gico. Secretaria de Sa\u00fade de Minas Gerais. 11 de julho de 2020.<br \/>\nhttp:\/\/coronavirus.saude.mg.gov.br\/images\/boletim\/07-julho\/Boletim_Epidemiologico_COVID-<br \/>\n19_11.07.2020.pdf<\/em><\/p>\n<p><em>[8] Boletim Epidemiol\u00f3gico. Secretaria de Sa\u00fade de Minas Gerais. 11 de julho de<br \/>\n2020.http:\/\/coronavirus.saude.mg.gov.br\/images\/boletim\/07-julho\/Boletim_Epidemiologico_COVID-19_11.07.2020.pdf<\/em><\/p>\n<p><em>[9]&nbsp;Em 6 de julho de 2020 a Secretaria de Estado de Sa\u00fade de Minas Gerais modificou o procedimento para o registro de leitos ocupados no estado. O que reduziu quase em 20% as taxas de ocupa\u00e7\u00e3o registradas.https:\/\/g1.globo.com\/mg\/minas-gerais\/noticia\/2020\/07\/06\/ampliacao-de-leitos-e-mudanca-em-calculo-reduzem-<br \/>\ntaxa-de-ocupacao-hospitalar-em-mg-diz-governo.ghtml<\/em><\/p>\n<p><em>[10] https:\/\/politica.estadao.com.br\/blogs\/gestao-politica-e-sociedade\/minas-gerais-subnotificacao-baixa-testagem-<br \/>\ne-descoordenacao-entre-estado-municipios-e-uniao-no-enfrentamento-a-covid-19i\/<\/em><\/p>\n<p><em>[11]&nbsp;A falsa calmaria se devia principalmente a tr\u00eas elementos: i) mudan\u00e7as na forma de registro de casos; ii) subnotifica\u00e7\u00e3o de sintom\u00e1ticos e \u00f3bitos e; iii) baixa testagem https:\/\/politica.estadao.com.br\/blogs\/gestao-politica-e-sociedade\/minas-gerais-subnotificacao-baixa-testagem-e-descoordenacao-entre-estado-municipios-e-<br \/>\nuniao-no-enfrentamento-a-covid-19i\/<\/em><\/p>\n<p><em>[12]&nbsp;https:\/\/www.em.com.br\/app\/noticia\/politica\/2020\/06\/17\/interna_politica,1157428\/zema-reclama-por-falta-de-coordenacao-nacional-para-combate-a-covid.shtml<\/em><\/p>\n","protected":false},"excerpt":{"rendered":"<p>Este \u00e9 o sexto texto da 3\u00aa edi\u00e7\u00e3o do especial &#8220;Os governos estaduais e as a\u00e7\u00f5es de enfrentamento \u00e0 pandemia no Brasil&#8221;, publicado entre os dias 13 e 17 de julho na p\u00e1gina da ABCP. Acompanhe!<\/p>\n","protected":false},"author":3,"featured_media":0,"comment_status":"open","ping_status":"open","sticky":false,"template":"","format":"standard","meta":{"footnotes":""},"categories":[1],"tags":[],"class_list":["post-230","post","type-post","status-publish","format-standard","hentry","category-uncategorized"],"_links":{"self":[{"href":"https:\/\/cienciapolitica.org.br\/web\/wp-json\/wp\/v2\/posts\/230","targetHints":{"allow":["GET"]}}],"collection":[{"href":"https:\/\/cienciapolitica.org.br\/web\/wp-json\/wp\/v2\/posts"}],"about":[{"href":"https:\/\/cienciapolitica.org.br\/web\/wp-json\/wp\/v2\/types\/post"}],"author":[{"embeddable":true,"href":"https:\/\/cienciapolitica.org.br\/web\/wp-json\/wp\/v2\/users\/3"}],"replies":[{"embeddable":true,"href":"https:\/\/cienciapolitica.org.br\/web\/wp-json\/wp\/v2\/comments?post=230"}],"version-history":[{"count":0,"href":"https:\/\/cienciapolitica.org.br\/web\/wp-json\/wp\/v2\/posts\/230\/revisions"}],"wp:attachment":[{"href":"https:\/\/cienciapolitica.org.br\/web\/wp-json\/wp\/v2\/media?parent=230"}],"wp:term":[{"taxonomy":"category","embeddable":true,"href":"https:\/\/cienciapolitica.org.br\/web\/wp-json\/wp\/v2\/categories?post=230"},{"taxonomy":"post_tag","embeddable":true,"href":"https:\/\/cienciapolitica.org.br\/web\/wp-json\/wp\/v2\/tags?post=230"}],"curies":[{"name":"wp","href":"https:\/\/api.w.org\/{rel}","templated":true}]}}