{"id":236,"date":"2020-07-16T00:09:39","date_gmt":"2020-07-16T00:09:39","guid":{"rendered":"https:\/\/tmp.cienciapolitica.org.br\/2020\/07\/16\/especial-abcp-acoes-tocantins-enfrentamento-2\/"},"modified":"2020-07-16T00:09:39","modified_gmt":"2020-07-16T00:09:39","slug":"especial-abcp-acoes-tocantins-enfrentamento-2","status":"publish","type":"post","link":"https:\/\/cienciapolitica.org.br\/web\/especial-abcp-acoes-tocantins-enfrentamento-2\/","title":{"rendered":"ESPECIAL ABCP: As a\u00e7\u00f5es do Tocantins no enfrentamento \u00e0 pandemia"},"content":{"rendered":"<p>Este \u00e9 o d\u00e9cimo segundo texto da 3\u00aa edi\u00e7\u00e3o do especial &#8220;Os governos estaduais e as a\u00e7\u00f5es de enfrentamento \u00e0 pandemia no Brasil&#8221;, publicado entre os dias 13 e 17 de julho na p\u00e1gina da ABCP. Acompanhe!<br \/>\n<!--more--><\/p>\n<h4><em>Este \u00e9 o d\u00e9cimo segundo texto da 3\u00aa edi\u00e7\u00e3o do especial &#8220;Os governos estaduais e as a\u00e7\u00f5es de enfrentamento \u00e0 pandemia no Brasil&#8221;, publicado entre os dias 13 e 17 de julho na p\u00e1gina da ABCP. Acompanhe!<\/em><\/h4>\n<h4><em>Para ler a an\u00e1lise sobre o Tocantins publicada na \u00faltima edi\u00e7\u00e3o, clique&nbsp;<a href=\"https:\/\/tmp.cienciapolitica.org.br\/2020\/07\/12\/especial-abcp-acoes-tocantins-enfrentamento\/\">aqui<\/a>!<\/em><\/h4>\n<h4><em>Para saber mais detalhes sobre essa s\u00e9rie especial, clique&nbsp;<a href=\"https:\/\/cienciapolitica.org.br\/noticias\/2020\/07\/especial-abcp-governos-estaduais-e-acoes-enfrentamento\">aqui<\/a>!<\/em><\/h4>\n<hr \/>\n<p><span><span><span><strong><span><span>Tocantins epid\u00eamico: genoc\u00eddio iminente<\/span><\/span><\/strong><\/span><\/span><\/span><\/p>\n<p>Nome dos&nbsp;autores:&nbsp;<span><span><span><span><span><span>Andr\u00e9 Demarchi e&nbsp;<\/span><\/span><\/span><\/span><\/span><\/span><span><span><span><span><span><span>Marcelo de Souza Cleto<\/span><\/span><\/span><\/span><\/span><\/span><\/p>\n<p>Institui\u00e7\u00e3o&nbsp;\u00e0&nbsp;qual&nbsp;os&nbsp;autores&nbsp;est\u00e3o&nbsp;vinculados(as):&nbsp;Universidade Federal do Tocantins<\/p>\n<p>Titula\u00e7\u00e3o&nbsp;dos&nbsp;autores e institui\u00e7\u00e3o&nbsp;em que a&nbsp;obtiveram: (Andr\u00e9):&nbsp;<span><span><span><span><span><span>Doutor em Antropologia pela UFRJ.&nbsp;Docente do Bacharelado em Ci\u00eancias Sociais e do Programa de P\u00f3s-gradua\u00e7\u00e3o em Comunica\u00e7\u00e3o e Sociedade; (Marcelo):&nbsp;<\/span><\/span><\/span><\/span><\/span><\/span><span><span><span><span><span><span>Doutor em Filosofia pela PUC-SP. Docente do Bacharelado em Ci\u00eancias Sociais e do Programa de P\u00f3s-gradua\u00e7\u00e3o em Gest\u00e3o de Pol\u00edticas P\u00fablicas.<\/span><\/span><\/span><\/span><\/span><\/span><\/p>\n<p>Regi\u00e3o: Norte<\/p>\n<p>Governador (Partido):&nbsp;Mauro Carlesse (DEM)<\/p>\n<p>Popula\u00e7\u00e3o:&nbsp;1.572.866<\/p>\n<p>N\u00famero de munic\u00edpios:&nbsp;139<\/p>\n<p>Casos confirmados em <span><span><span><span><span><span>13\/07\/2020<\/span><\/span><\/span><\/span><\/span><\/span>:&nbsp;<span><span><span><span><span><span>15.307<\/span><\/span><\/span><\/span><\/span><\/span><\/p>\n<p>\u00d3bitos confirmados em <span><span><span><span><span><span>13\/07\/2020<\/span><\/span><\/span><\/span><\/span><\/span>:&nbsp;<span><span><span><span><span><span>259<\/span><\/span><\/span><\/span><\/span><\/span><\/p>\n<p>Casos por 100 mil hab.:&nbsp;<span><span><span><span><span><span>854,49<\/span><\/span><\/span><\/span><\/span><\/span><\/p>\n<p><span><span><span><span><span><span>\u00d3bitos por 100 mil hab.:&nbsp;<\/span>17,0<\/span><\/span><\/span><\/span><\/span><\/p>\n<hr \/>\n<p><strong>* Por:&nbsp;Andr\u00e9&nbsp;Demarchi e&nbsp;Marcelo de Souza Cleto<\/strong><\/p>\n<p><span><span><span><span><span><span>O trajeto da&nbsp;Covid-19 no Tocantins em junho de 2020 foi antecedido por um m\u00eas de maio no qual&nbsp;o alastramento da pandemia transcendeu o vetor principal do v\u00edrus no estado, a BR 153, atingindo agora territ\u00f3rios ind\u00edgenas e se alastrando para quase todos os munic\u00edpios do Estado, al\u00e9m de chegar ao sistema prisional. <\/span><\/span><\/span><\/span><\/span><\/span><\/p>\n<p><span><span><span><span><span><span>Por ser o canal de escoamento das commodities e dos gr\u00e3os, a BR 153 \u00e9 a principal via do Tocantins e \u00e9 encarada cotidianamente por milhares de pessoas trabalhadoras que mant\u00e9m sua trafegabilidade, bem como pelos milh\u00f5es de usu\u00e1rios que nela se locomovem. <\/span><\/span><\/span><\/span><\/span><\/span><\/p>\n<p><span><span><span><span><span><span>As condi\u00e7\u00f5es de vida, impostas pelo mundo do trabalho&nbsp;a&nbsp;caminhoneiros e sua rede de assist\u00eancia, e as precariedades das cidades e povoados que margeiam o asfalto foram o ambiente mais que favor\u00e1vel para a chegada e interioriza\u00e7\u00e3o viral, contribuindo para que o norte do Tocantins se consolidasse como o epicentro da doen\u00e7a.<\/span><\/span><\/span><\/span><\/span><\/span><\/p>\n<p><span><span><span><span><span><span>No m\u00eas de junho, se verifica um relaxamento no controle do distanciamento social, coincidindo com a reabertura dos estabelecimentos comerciais nos munic\u00edpios. <\/span><\/span><\/span><\/span><\/span><\/span><\/p>\n<p><span><span><span><span><span><span>Atualmente, 129 das 139 cidades do estado possuem casos confirmados da doen\u00e7a, reverberando para todas as inst\u00e2ncias e camadas sociais. Um dos efeitos pode ser identificado no sistema penitenci\u00e1rio, que possui 38 unidades prisionais distribu\u00eddas em todas as regi\u00f5es. <\/span><\/span><\/span><\/span><\/span><\/span><\/p>\n<p><span><span><span><span><span><span>No dia 27 de junho, a imprensa local [1]<\/span><\/span><\/span><\/span><\/span><\/span><span><span><span><span><span><span> publicou uma reportagem relatando um surto de Covid-19 na Cadeia P\u00fablica de Augustin\u00f3polis, que fica na regi\u00e3o norte do estado com 66 apenados e 4 servidores testados positivo. O v\u00edrus tamb\u00e9m foi identificado na Casa de Pris\u00e3o Provis\u00f3ria de Guara\u00ed, na regi\u00e3o centro-sul do estado, com 19 apenados e 2 servidores positivados.<\/span><\/span><\/span><\/span><\/span><\/span><\/p>\n<p><span><span><span><span><span><span>Outro foco preocupante da contamina\u00e7\u00e3o no m\u00eas de junho foi a chegada do v\u00edrus nas terras ind\u00edgenas presentes no Estado, j\u00e1 alcan\u00e7ando tr\u00eas povos: Xerente, Java\u00e9 e Apinaj\u00e9 e totalizando 216 casos, um aumento exponencial se comparado ao fato de que em fins de maio n\u00e3o havia nenhum registro do v\u00edrus entre os povos ind\u00edgenas do Estado. <\/span><\/span><\/span><\/span><\/span><\/span><\/p>\n<p><span><span><span><span><span><span>Entre o povo Xerente j\u00e1 foram contabilizados 46 casos, sendo que em 08 de julho eram apenas 19 confirma\u00e7\u00f5es. Tamb\u00e9m entre os Xerente foi registrada a morte por Covid-19 do anci\u00e3o Jo\u00e3o S\u00f5z\u00e9, uma refer\u00eancia nos conhecimentos tradicionais desse povo. A situa\u00e7\u00e3o est\u00e1 cr\u00edtica tamb\u00e9m entre os Java\u00e9, habitantes da Ilha do bananal. Em 07 de julho, havia&nbsp;65 casos confirmados. <\/span><\/span><\/span><\/span><\/span><\/span><\/p>\n<p><span><span><span><span><span><span>No dia 13 do mesmo m\u00eas foram constatados 103 casos a mais, chegando ao total de 168 ind\u00edgenas desse povo contaminados pela doen\u00e7a. Tamb\u00e9m entre os Java\u00e9 foi registrada a morte do cacique Juraci Wasari Java\u00e9. Essa grave situa\u00e7\u00e3o aponta para a triste possibilidade de um iminente genoc\u00eddio da popula\u00e7\u00e3o ind\u00edgena do Estado.&nbsp;<\/span><\/span><\/span><\/span><\/span><\/span><\/p>\n<p><img decoding=\"async\" alt=\"Edi\u00e7\u00e3o 2 - Junho de 2020\" data-entity-type=\"file\" data-entity-uuid=\"e5878d91-f9d3-4150-b017-ef19d7f8a575\" src=\"\/sites\/default\/files\/imagens\/wysiwyg\/to%201.jpg\" \/><\/p>\n<p><span><span><span><span><span><span>Al\u00e9m de ter que lidar com a pandemia em suas aldeias, os ind\u00edgenas t\u00eam denunciado casos de racismo por parte das prefeituras e secretarias municipais de sa\u00fade, al\u00e9m de certa inefici\u00eancia do Minist\u00e9rio P\u00fablico em investigar as situa\u00e7\u00f5es denunciadas. <\/span><\/span><\/span><\/span><\/span><\/span><\/p>\n<p><span><span><span><span><span><span>Na cidade de Formoso do Araguaia, que faz divisa com as aldeias Java\u00e9, a Secretaria de Sa\u00fade tomou a medida problem\u00e1tica de criar uma \u201cbarreira racial\u201d impedindo a circula\u00e7\u00e3o de ind\u00edgenas pela cidade [2]<\/span><\/span><\/span><\/span><\/span><\/span><span><span><span><span><span><span>. Al\u00e9m disso, \u00e1udios de m\u00e9dicos do hospital da cidade foram publicados na imprensa demonstrando a total falta de estrutura hospitalar para lidar com a pandemia das aldeias [3]<\/span><\/span><\/span><\/span><\/span><\/span><span><span><span><span><span><span>. <\/span><\/span><\/span><\/span><\/span><\/span><\/p>\n<p><span><span><span><span><span><span>Na cidade de Tocant\u00ednia, que faz fronteira com o territ\u00f3rio Xerente, lideran\u00e7as denunciaram que ind\u00edgenas contaminados foram colocados em isolamento em escolas da cidade, sem condi\u00e7\u00f5es de receb\u00ea-los adequadamente, bem como pr\u00e1ticas de racismo por parte da popula\u00e7\u00e3o n\u00e3o ind\u00edgena [4]<\/span><\/span><\/span><\/span><\/span><\/span><span><span><span><span><span><span>.&nbsp;Esses exemplos demonstram a dificuldade das prefeituras e do poder p\u00fablico em lidar com a diferen\u00e7a cultural, evidenciando tens\u00f5es hist\u00f3ricas entre as popula\u00e7\u00f5es ind\u00edgenas e n\u00e3o ind\u00edgenas nas cidades que circundam os territ\u00f3rios dos povos origin\u00e1rios.<\/span><\/span><\/span><\/span><\/span><\/span><\/p>\n<p><span><span><span><span><span><span>Segundo o Centro de Informa\u00e7\u00f5es Estrat\u00e9gicas de Vigil\u00e2ncia em Sa\u00fade, em 13 de julho, o n\u00famero de pacientes hospitalizados em unidades p\u00fablicas e privadas no estado era de 180 pessoas: 104 em leitos p\u00fablicos, sendo 38 em Unidade de Terapia Intensiva; e 76 em leitos privados, sendo 29 em UTI. <\/span><\/span><\/span><\/span><\/span><\/span><\/p>\n<p><span><span><span><span><span><span>O Hospital Regional de Aragua\u00edna atravessa neste momento uma taxa de ocupa\u00e7\u00e3o dos leitos de UTI de 100% [5]<\/span><\/span><\/span><\/span><\/span><\/span><span><span><span><span><span><span> e o com\u00e9rcio permanece aberto. Um levantamento do site G1 demonstra que a taxa de mortalidade subiu 67% nos \u00faltimos 30 dias e permanece em alta [6]<\/span><\/span><\/span><\/span><\/span><\/span><span><span><span><span><span><span>. Essa situa\u00e7\u00e3o \u00e9 de emerg\u00eancia em sa\u00fade p\u00fablica, e mais uma vez vemos a inani\u00e7\u00e3o das pol\u00edticas p\u00fablicas de combate \u00e0&nbsp;pandemia e a completa desarticula\u00e7\u00e3o entre as esferas estaduais e municipais.&nbsp;<\/span><\/span><\/span><\/span><\/span><\/span><\/p>\n<p><span><span><span><span><span><span>O mapa a seguir apresenta a taxa de crescimento dos casos de Covid-19 nos munic\u00edpios do Estado na \u00faltima semana de junho e na primeira semana de julho.<\/span><\/span><\/span><\/span><\/span><\/span><\/p>\n<p><img fetchpriority=\"high\" decoding=\"async\" alt=\"to\" data-entity-type=\"file\" data-entity-uuid=\"b6fbc1ad-9bea-4471-82ca-ced289976aaf\" height=\"1097\" src=\"\/sites\/default\/files\/imagens\/wysiwyg\/tocantins.jpg\" width=\"775\" \/><\/p>\n<p><img decoding=\"async\" alt=\"tabela\" data-entity-type=\"file\" data-entity-uuid=\"dc644112-1a37-4091-ac6a-ab9c7890ea1d\" height=\"1133\" src=\"\/sites\/default\/files\/imagens\/wysiwyg\/tabela%20tocantins.jpg\" width=\"801\" \/><\/p>\n<p><span><span><span><span><span><span>Durante os 30 dias do m\u00eas de junho, o Laborat\u00f3rio Central de Sa\u00fade P\u00fablica do Tocantins (LACEN-TO) efetuou 10.077 testes que identificam a presen\u00e7a da Covid-19, destes, 3.627 foram positivos. Segundo o LACEN-TO, sua capacidade de testagem \u00e9 de 700 testes por dia.&nbsp;Considerando que no m\u00eas de junho foram realizados em m\u00e9dia 335 testes\/dia, pode-se concluir que o laborat\u00f3rio opera em 50% de sua capacidade total. <\/span><\/span><\/span><\/span><\/span><\/span><\/p>\n<p><span><span><span><span><span><span>\u00c9 responsabilidade da gest\u00e3o p\u00fablica colocar em pr\u00e1tica uma opera\u00e7\u00e3o de testagem ampla; iniciando pelos trabalhadores da sa\u00fade e da seguran\u00e7a, parentes de pessoas positivas, popula\u00e7\u00f5es ind\u00edgenas e quilombolas, apenados, ampliando gradativamente para o restante da popula\u00e7\u00e3o. Concomitante \u00e0 testagem ampla, \u00e9 fundamental uma estrat\u00e9gia inteligente de mapeamento e rastreamento dos casos, de modo a produzir conhecimento sobre o fen\u00f4meno. <\/span><\/span><\/span><\/span><\/span><\/span><\/p>\n<p><span><span><span><span><span><span>A posse e o uso correto desse saber \u00e9 a t\u00e1tica para o enfrentamento desta pandemia. A reconsidera\u00e7\u00e3o da abertura dos estabelecimentos tendo em vista a possibilidade da transmiss\u00e3o do v\u00edrus por via a\u00e9rea, tal como tem reconhecido a Organiza\u00e7\u00e3o Mundial da Sa\u00fade (OMS) [7],<\/span><\/span><\/span><\/span><\/span><\/span><span><span><span><span><span><span> deve fazer parte da pauta dos gestores e dos comit\u00eas de gerenciamento da crise.<\/span><\/span><\/span><\/span><\/span><\/span><\/p>\n<p><span><span><span><span><span><span>Por fim, esta an\u00e1lise da conjuntura, formada em s\u00e9rie sob a coordena\u00e7\u00e3o de membros da Associa\u00e7\u00e3o Brasileira de Ci\u00eancia Pol\u00edtica, m\u00eas a m\u00eas, ponderando dados e memorizando o movimento da pandemia bem como as respostas dos gestores a ela, se coloca como uma das fontes para a\u00e7\u00f5es futuras de responsabiliza\u00e7\u00e3o dos gestores p\u00fablicos, nos tr\u00eas n\u00edveis de governan\u00e7a, municipal, estadual e federal.&nbsp;<\/span><\/span><\/span><\/span><\/span><\/span><\/p>\n<p><strong>Refer\u00eancias bibliogr\u00e1ficas:<\/strong><\/p>\n<p><em><span><span><span><span><span><span>[1] https:\/\/g1.globo.com\/to\/tocantins\/noticia\/2020\/06\/27\/cadeia-do-tocantins-tem-surto-de-covid-19-com-70-confirmacoes-entre-presos-e-funcionarios.ghtml<\/span><\/span><\/span><\/span><\/span><\/span><\/em><\/p>\n<p><em><span><span><span><span><span><span>[2]&nbsp;https:\/\/www1.folha.uol.com.br\/cotidiano\/2020\/07\/para-combater-covid-19-cidade-de-to-monta-barreira-racial-contra-indios.shtml?pwgt=kyzfcy97zq62nxlv21afpambbhvfsudgxnksbsn4352leosi&amp;utm_source=whatsapp&amp;utm_medium=social&amp;utm_campaign=compwagift<\/span><\/span><\/span><\/span><\/span><\/span><\/em><\/p>\n<p><em><span><span><span><span><span><span>[3]&nbsp;https:\/\/www.jornaldotocantins.com.br\/editorias\/vida-urbana\/m%C3%A9dicos-relatam-dilema-para-escolher-qual-ind%C3%ADgena-atender-em-formoso-vai-morrer-gente-na-porta-1.2083046<\/span><\/span><\/span><\/span><\/span><\/span><\/em><\/p>\n<p><em><span><span><span><span><span><span>[4]&nbsp;https:\/\/gazetadocerrado.com.br\/liderancas-repudiam-atitudes-preconceituosas-com-indigenas-recuperados-da-covid-noticias-do-tocantins\/<\/span><\/span><\/span><\/span><\/span><\/span><\/em><\/p>\n<p><em><span><span><span><span><span><span>[5]&nbsp;https:\/\/g1.globo.com\/to\/tocantins\/noticia\/2020\/07\/07\/taxa-de-ocupacao-de-leitos-de-uti-no-hospital-regional-de-araguaina-chega-a-100percent.ghtml<\/span><\/span><\/span><\/span><\/span><\/span><\/em><\/p>\n<p><em><span><span><span><span><span><span>[6]&nbsp;https:\/\/g1.globo.com\/bemestar\/coronavirus\/noticia\/2020\/07\/13\/casos-e-mortes-por-coronavirus-no-brasil-em-13-de-julho-segundo-consorcio-de-veiculos-de-imprensa.ghtml<\/span><\/span><\/span><\/span><\/span><\/span><\/em><\/p>\n<p><em><span><span><span><span><span><span>[7]&nbsp;https:\/\/brasil.elpais.com\/ciencia\/2020-07-08\/oms-reconhece-risco-de-transmissao-do-coronavirus-pelo-ar.html<\/span><\/span><\/span><\/span><\/span><\/span><\/em><\/p>\n","protected":false},"excerpt":{"rendered":"<p>Este \u00e9 o d\u00e9cimo segundo texto da 3\u00aa edi\u00e7\u00e3o do especial &#8220;Os governos estaduais e as a\u00e7\u00f5es de enfrentamento \u00e0 pandemia no Brasil&#8221;, publicado entre os dias 13 e 17 de julho na p\u00e1gina da ABCP. Acompanhe!<\/p>\n","protected":false},"author":3,"featured_media":0,"comment_status":"open","ping_status":"open","sticky":false,"template":"","format":"standard","meta":{"footnotes":""},"categories":[1],"tags":[],"class_list":["post-236","post","type-post","status-publish","format-standard","hentry","category-uncategorized"],"_links":{"self":[{"href":"https:\/\/cienciapolitica.org.br\/web\/wp-json\/wp\/v2\/posts\/236","targetHints":{"allow":["GET"]}}],"collection":[{"href":"https:\/\/cienciapolitica.org.br\/web\/wp-json\/wp\/v2\/posts"}],"about":[{"href":"https:\/\/cienciapolitica.org.br\/web\/wp-json\/wp\/v2\/types\/post"}],"author":[{"embeddable":true,"href":"https:\/\/cienciapolitica.org.br\/web\/wp-json\/wp\/v2\/users\/3"}],"replies":[{"embeddable":true,"href":"https:\/\/cienciapolitica.org.br\/web\/wp-json\/wp\/v2\/comments?post=236"}],"version-history":[{"count":0,"href":"https:\/\/cienciapolitica.org.br\/web\/wp-json\/wp\/v2\/posts\/236\/revisions"}],"wp:attachment":[{"href":"https:\/\/cienciapolitica.org.br\/web\/wp-json\/wp\/v2\/media?parent=236"}],"wp:term":[{"taxonomy":"category","embeddable":true,"href":"https:\/\/cienciapolitica.org.br\/web\/wp-json\/wp\/v2\/categories?post=236"},{"taxonomy":"post_tag","embeddable":true,"href":"https:\/\/cienciapolitica.org.br\/web\/wp-json\/wp\/v2\/tags?post=236"}],"curies":[{"name":"wp","href":"https:\/\/api.w.org\/{rel}","templated":true}]}}