{"id":237,"date":"2020-07-16T00:57:06","date_gmt":"2020-07-16T00:57:06","guid":{"rendered":"https:\/\/tmp.cienciapolitica.org.br\/2020\/07\/16\/especial-abcp-acoes-roraima-enfrentamento-2\/"},"modified":"2020-07-16T00:57:06","modified_gmt":"2020-07-16T00:57:06","slug":"especial-abcp-acoes-roraima-enfrentamento-2","status":"publish","type":"post","link":"https:\/\/cienciapolitica.org.br\/web\/especial-abcp-acoes-roraima-enfrentamento-2\/","title":{"rendered":"ESPECIAL ABCP: As a\u00e7\u00f5es de Roraima no enfrentamento \u00e0 pandemia"},"content":{"rendered":"<p>Este \u00e9 o d\u00e9cimo terceiro texto da 3\u00aa edi\u00e7\u00e3o do especial &#8220;Os governos estaduais e as a\u00e7\u00f5es de enfrentamento \u00e0 pandemia no Brasil&#8221;, publicado entre os dias 13 e 17 de julho na p\u00e1gina da ABCP. Acompanhe!<br \/>\n<!--more--><\/p>\n<h4><em>Este \u00e9 o d\u00e9cimo terceiro texto da 3\u00aa edi\u00e7\u00e3o do especial &#8220;Os governos estaduais e as a\u00e7\u00f5es de enfrentamento \u00e0 pandemia no Brasil&#8221;, publicado entre os dias 13 e 17 de julho na p\u00e1gina da ABCP. Acompanhe!<\/em><\/h4>\n<h4><em>Para ler a an\u00e1lise sobre Roraima publicada na \u00faltima edi\u00e7\u00e3o, clique&nbsp;<a href=\"https:\/\/tmp.cienciapolitica.org.br\/2020\/07\/12\/especial-abcp-acoes-roraima-enfrentamento\/\">aqui<\/a>!<\/em><\/h4>\n<h4><em>Para saber mais detalhes sobre essa s\u00e9rie especial, clique&nbsp;<a href=\"https:\/\/cienciapolitica.org.br\/noticias\/2020\/07\/especial-abcp-governos-estaduais-e-acoes-enfrentamento\">aqui<\/a>!<\/em><\/h4>\n<hr \/>\n<p><span><span><span><strong><span><span>Crise pol\u00edtica e as a\u00e7\u00f5es de enfrentamento da COVID-19 em Roraima<\/span><\/span><\/strong><\/span><\/span><\/span><\/p>\n<p>Nome dos(as)&nbsp;autores(as):&nbsp;Geyza Alves Pimentel;&nbsp;Cleber Batalha Franklin e&nbsp;Dorcilio Erik Cicero de Souza<\/p>\n<p>Institui\u00e7\u00e3o&nbsp;\u00e0&nbsp;qual&nbsp;os(as) autores(as) est\u00e3o&nbsp;vinculados(as):&nbsp;Universidade Federal de Roraima<\/p>\n<p>Titula\u00e7\u00e3o&nbsp;dos(as) autores(as) e institui\u00e7\u00e3o&nbsp;em que a&nbsp;obtiveram:&nbsp;Doutora em Ci\u00eancia Pol\u00edtica (UFRGS);&nbsp;Doutor em Rela\u00e7\u00f5es Internacionais e Desenvolvimento Regional (UnB);&nbsp;Mestre em Desenvolvimento Regional da Amaz\u00f4nia (UFRR)<\/p>\n<p>Regi\u00e3o: Norte<\/p>\n<p>Governador (Partido):&nbsp;Antonio Denarium (sem partido)<\/p>\n<p>Popula\u00e7\u00e3o:&nbsp;605.701 (IBGE, 2020)<\/p>\n<p>N\u00famero de munic\u00edpios:&nbsp;15<\/p>\n<p>Casos confirmados em <span><span><span><span><span><span>15\/07\/2020<\/span><\/span><\/span><\/span><\/span><\/span>:&nbsp;<span><span><span><span><span><span>22.968<\/span><\/span><\/span><\/span><\/span><\/span><\/p>\n<p>\u00d3bitos confirmados em <span><span><span><span><span><span>15\/07\/2020<\/span><\/span><\/span><\/span><\/span><\/span>:&nbsp;<span><span><span><span><span><span>398<\/span><\/span><\/span><\/span><\/span><\/span><\/p>\n<p>Casos por 100 mil hab.:&nbsp;<span><span><span><span><span><span>3.791,6<\/span><\/span><\/span><\/span><\/span><\/span><\/p>\n<p>\u00d3bitos por 100 mil hab.:&nbsp;<span><span><span><span><span><span>65,7<\/span><\/span><\/span><\/span><\/span><\/span><\/p>\n<hr \/>\n<p><strong>* Por:&nbsp;Geyza Alves Pimentel;&nbsp;Cleber Batalha Franklin e&nbsp;Dorcilio Erik Cicero de Souza<\/strong><\/p>\n<p><span><span><span><span><span><span>No processo de combate \u00e0 pandemia do coronav\u00edrus (COVID-19), o governador de Roraima \u2013 Antonio Denarium (sem partido)&nbsp;\u2013&nbsp;se deparou com um pedido de impeachment assinado por tr\u00eas deputados estaduais do \u201cBloco da Maioria\u201d da Assembleia Legislativa (ALE\/RR), na reuni\u00e3o realizada no dia 05 de maio de 2020, gerado por den\u00fancias de \u201cirregularidades na aquisi\u00e7\u00e3o de equipamentos para a Secretaria Estadual de Sa\u00fade (SESAU) como supervaloriza\u00e7\u00e3o de m\u00e1scaras e poss\u00edvel benef\u00edcio a&nbsp;empresas ligadas a&nbsp;assessores diretos de Denarium\u201d [1].<\/span><\/span><\/span><\/span><\/span><\/span><\/p>\n<p><span><span><span><span><span><span>No espa\u00e7o de tempo entre janeiro e junho de 2020, foram quatro secret\u00e1rios de sa\u00fade estadual, o que culminou na indica\u00e7\u00e3o acima de irregularidade. <\/span><\/span><\/span><\/span><\/span><\/span><\/p>\n<p><span><span><span><span><span><span>A falta de apoio pol\u00edtico do governador Denarium junto \u00e0 ALE\/RR levada a cabo pelo Bloco da Maioria, as crescentes den\u00fancias por conta da falta de leitos nos hospitais do Estado, falta de medicamentos, a inoper\u00e2ncia na inaugura\u00e7\u00e3o do Hospital de Campanha administrado pelo Ex\u00e9rcito Brasileiro, impulsionaram uma aproxima\u00e7\u00e3o do executivo estadual com a presid\u00eancia da Assembleia Legislativa.<\/span><\/span><\/span><\/span><\/span><\/span><\/p>\n<p><span><span><span><span><span><span>Essa \u201ctr\u00e9gua\u201d entre executivo e legislativo&nbsp;teve como ponto principal a indica\u00e7\u00e3o do atual secret\u00e1rio de Sa\u00fade do Estado, Marcelo Lopes, ent\u00e3o superintendente geral da ALE\/RR, o que permitiu ao governador o apoio do legislativo para sanar os problemas da sa\u00fade, principalmente os advindos da pandemia de&nbsp;COVID-19.<\/span><\/span><\/span><\/span><\/span><\/span><\/p>\n<p><span><span><span><span><span><span>Em meio \u00e0 CPI instaurada na ALE\/RR, a disputa pol\u00edtica entre Governo do Estado e a Prefeitura Municipal de Boa Vista, divulgada nas redes sociais, teve como foco a responsabiliza\u00e7\u00e3o do executivo municipal no cumprimento dos atendimentos nas Unidades B\u00e1sicas de Sa\u00fade (UBS) aos pacientes de COVID-19. <\/span><\/span><\/span><\/span><\/span><\/span><\/p>\n<p><span><span><span><span><span><span>V\u00e1rias den\u00fancias envolvendo os atendimentos prestados pelas UBS e a falta de posicionamento do executivo municipal&nbsp;corroboraram para o caos instalado na sa\u00fade em Roraima, afetando diretamente as unidades de urg\u00eancia e emerg\u00eancia do Estado.<\/span><\/span><\/span><\/span><\/span><\/span><\/p>\n<p><span><span><span><span><span><span>Nesta briga por responsabiliza\u00e7\u00e3o de atendimentos, outro fator foi marcante para o acirramento nessa disputa pol\u00edtica, a Prefeitura de Boa Vista pediu judicialmente que \u201co Governo do Estado repasse mais testes r\u00e1pidos e medicamentos ao munic\u00edpio durante a pandemia de coronav\u00edrus\u201d [2]<\/span><\/span><\/span><\/span><\/span><\/span><span><span><span><span><span><span>, sendo concedido.<\/span><\/span><\/span><\/span><\/span><\/span><\/p>\n<p><span><span><span><span><span><span>Com a nova administra\u00e7\u00e3o da SESAU, a\u00e7\u00f5es importantes foram executadas, como a inaugura\u00e7\u00e3o no dia 19 de junho do Hospital de Campanha da Opera\u00e7\u00e3o Acolhida, que inicialmente come\u00e7ou seus atendimentos com a abertura de 80 leitos (10 de UTI), al\u00e9m da enfermaria com o \u201cred\u00e1rio\u201d, especialmente desenvolvida para atendimento humanizado aos ind\u00edgenas.<\/span><\/span><\/span><\/span><\/span><\/span><\/p>\n<p><span><span><span><span><span><span>Tamb\u00e9m foram disponibilizados neste dia, mais 47 leitos de enfermaria no Hospital das Cl\u00ednicas, para atendimento de pacientes com COVID-19, desafogando o Hospital Geral de Roraima (HGR) com a transfer\u00eancia de pacientes j\u00e1 em fase de recupera\u00e7\u00e3o para finaliza\u00e7\u00e3o de tratamento, permitindo a libera\u00e7\u00e3o de leitos para novos pacientes.<\/span><\/span><\/span><\/span><\/span><\/span><\/p>\n<p><span><span><span><span><span><span>Outros 20 leitos de UTI foram instalados para os pacientes em tratamento de COVID-19 com c\u00e1psulas de ventila\u00e7\u00e3o, sendo a amplia\u00e7\u00e3o de mais dez&nbsp;leitos no Hospital de Campanha e dez&nbsp;leitos no Hospital das Cl\u00ednicas, que antes estava atendendo apenas pacientes na enfermaria, como suporte ao HGR em fase de recupera\u00e7\u00e3o.&nbsp;<\/span><\/span><\/span><\/span><\/span><\/span><\/p>\n<p><span><span><span><span><span><span>A SESAU emite diariamente o Boletim Epidemiol\u00f3gico com os dados sobre a COVID-19, o que permite o acompanhamento do n\u00famero de novos casos, \u00f3bitos e pacientes recuperados. <\/span><\/span><\/span><\/span><\/span><\/span><\/p>\n<p><span><span><span><span><span><span>Dando \u00eanfase aos pacientes recuperados, o governo do estado adotou tr\u00eas a\u00e7\u00f5es de marketing: na primeira, em rela\u00e7\u00e3o aos <\/span><\/span><\/span><\/span><\/span><\/span><span><span><span><span><em><span>posts<\/span><\/em><\/span><\/span><\/span><\/span><span><span><span><span><span><span> das redes sociais que aparecem as not\u00edcias di\u00e1rias e em rela\u00e7\u00e3o \u00e0 COVID-19, adotou-se na chamada das not\u00edcias a seguinte frase \u201cGoverno de Roraima est\u00e1 compartilhando uma atualiza\u00e7\u00e3o sobre a COVID-19\u201d; a segunda a\u00e7\u00e3o&nbsp;d\u00e1 destaque aos <\/span><\/span><\/span><\/span><\/span><\/span><span><span><span><span><em><span>posts<\/span><\/em><\/span><\/span><\/span><\/span><span><span><span><span><span><span> com o n\u00famero dos pacientes curados da COVID-19, agradecendo aos profissionais da sa\u00fade; e a terceira, amplamente disseminada nas redes sociais, \u00e9 o <\/span><\/span><\/span><\/span><\/span><\/span><span><span><span><span><em><span>post<\/span><\/em><\/span><\/span><\/span><\/span><span><span><span><span><span><span> da logomarca do Governo do Estado de m\u00e1scara, incentivando o uso de m\u00e1scaras pela popula\u00e7\u00e3o. <\/span><\/span><\/span><\/span><\/span><\/span><\/p>\n<p><span><span><span><span><span><span>Uma mudan\u00e7a de marketing que enaltece os esfor\u00e7os das equipes de profissionais da sa\u00fade, ao mesmo tempo que refor\u00e7a o n\u00famero de curados e os cuidados no uso da m\u00e1scara para preven\u00e7\u00e3o, numa a\u00e7\u00e3o positiva para o resultado de todo trabalho realizado.<\/span><\/span><\/span><\/span><\/span><\/span><\/p>\n<p><span><span><span><span><span><span>Buscando ainda por a\u00e7\u00f5es positivas de combate \u00e0 COVID-19, o Governo de Roraima firmou parceria com o Hospital Samel de Manaus, para disponibiliza\u00e7\u00e3o da t\u00e9cnica de uso das C\u00e1psulas Vanessa, uma tecnologia n\u00e3o invasiva que demonstrou efic\u00e1cia com alta taxa de cura dos pacientes no Amazonas e que foi repassada para uso pelos profissionais do Hospital de Campanha no combate \u00e0&nbsp;COVID-19.<\/span><\/span><\/span><\/span><\/span><\/span><\/p>\n<p><span><span><span><span><span><span>Como Roraima est\u00e1 distante dos centros de compra\/distribui\u00e7\u00e3o de equipamentos, insumos e medicamentos, foi necess\u00e1ria&nbsp;a contrata\u00e7\u00e3o de empresa a\u00e9rea para transporte das compras realizadas pelo governo do estado e assim diminuir o tempo na entrega. <\/span><\/span><\/span><\/span><\/span><\/span><\/p>\n<p><span><span><span><span><span><span>Esta a\u00e7\u00e3o, segundo o Jornal Folha de Boa Vista [3]<\/span><\/span><\/span><\/span><\/span><\/span><span><span><span><span><span><span>, ser\u00e1 feita semanalmente para que \u201cn\u00e3o falte nenhum tipo de produto no Hospital Geral de Roraima (HGR) e em todas as unidades hospitalares do Estado, al\u00e9m do Hospital de Campanha\u201d.<\/span><\/span><\/span><\/span><\/span><\/span><\/p>\n<p><span><span><span><span><span><span>Uma a\u00e7\u00e3o que tem alertado os profissionais da Casa da Mulher Brasileira, unidade da Secretaria de Trabalho e Bem-Estar Social&nbsp;(SETRABES), \u00e9 o aumento de casos de viol\u00eancia dom\u00e9stica registrado por conta do isolamento social, para conter o avan\u00e7o da&nbsp;COVID-19, no per\u00edodo de pandemia. <\/span><\/span><\/span><\/span><\/span><\/span><\/p>\n<p><span><span><span><span><span><span>A Coordena\u00e7\u00e3o Estadual de Pol\u00edticas P\u00fablicas para as Mulheres, com o apoio da Rede de Prote\u00e7\u00e3o \u00e0 Mulher, idealizou&nbsp;a campanha \u201cQuarentena sem Viol\u00eancia\u201d, para estimular a den\u00fancia, por meio de canais como o Disque 100, o ligue 180 e o n\u00famero disponibilizado pela Defensoria Especializada.<\/span><\/span><\/span><\/span><\/span><\/span><\/p>\n<p><span><span><span><span><span><span>Todas estas a\u00e7\u00f5es n\u00e3o foram suficientes para barrar um outro pedido de impeachment do governador apresentado na Assembleia Legislativa no dia 17 de junho, feito pelo deputado federal Ant\u00f4nio Nicoletti (PSL), ex-aliado de Denarium, do antigo partido de filia\u00e7\u00e3o do governador. Sob a alega\u00e7\u00e3o da \u201cincapacidade de governar\u201d, \u201cperda de controle\u201d, \u201cfalta de gest\u00e3o\u201d, \u201cfrente ao combate \u00e0 pandemia de coronav\u00edrus no estado\u201d [4]<\/span><\/span><\/span><\/span><\/span><\/span><span><span><span><span><span><span>, o pedido trata de repasses de recursos para o Estado noticiados na m\u00eddia nacional, depois de uma resposta do presidente da Rep\u00fablica a um questionamento de uma eleitora de Roraima para a transfer\u00eancia de pacientes com COVID-19 para o Amazonas.<\/span><\/span><\/span><\/span><\/span><\/span><\/p>\n<p><span><span><span><span><span><span>Segundo o Jornal Roraima em Tempo, em mat\u00e9ria veiculada com o t\u00edtulo \u201cUm m\u00eas ap\u00f3s den\u00fancia de impeachment, deputados de RR aguardam decis\u00e3o de Jalser Renier\u201d [5]<\/span><\/span><\/span><\/span><\/span><\/span><span><span><span><span><span><span>, \u00e9 mencionada&nbsp;a data (05 de maio) do primeiro pedido feito pelos deputados do \u201cBloco da Maioria\u201d na ALE\/RR, sem andamento ou manifesta\u00e7\u00e3o da Procuradoria Jur\u00eddica ou presid\u00eancia da casa. A mesma mat\u00e9ria&nbsp;fala em poss\u00edvel \u201cengavetamento\u201d do pedido!<\/span><\/span><\/span><\/span><\/span><\/span><\/p>\n<p><span><span><span><span><span><span>A crise pol\u00edtica aflorada com a pandemia da&nbsp;COVID-19, atrelada&nbsp;ao caos dos protocolos nacional, estadual e municipal, levou&nbsp;a um descaso com a preven\u00e7\u00e3o e uso de m\u00e1scaras por parte da popula\u00e7\u00e3o, acarretando um aumento expressivo no n\u00famero de \u00f3bitos em Roraima. Nos meses de mar\u00e7o, abril e maio, foram registrados 120 \u00f3bitos e, somente no m\u00eas de junho,&nbsp;registrou-se 198 \u00f3bitos. <\/span><\/span><\/span><\/span><\/span><\/span><\/p>\n<p><span><span><span><span><span><span>No dia 31 de maio a Secretaria de Sa\u00fade do estado de Roraima divulgou no Boletim Epidemiol\u00f3gico o registro de 116 \u00f3bitos, um m\u00eas depois, no dia 30 de junho registrou-se 314 \u00f3bitos. E esses n\u00fameros continuam crescendo no m\u00eas de julho. O estado possui 22.968 casos confirmados e 398 \u00f3bitos.&nbsp;<\/span><\/span><\/span><\/span><\/span><\/span><\/p>\n<p><span><span><span><span><span><span>Pesquisadores da Universidade Federal de Roraima estimam que, se o n\u00famero de contaminados por COVID-19 seguir crescendo, Roraima chegar\u00e1 ao pico de contamina\u00e7\u00e3o na segunda semana de agosto, podendo atingir at\u00e9 53 mil infectados em todo o estado [6]<\/span><\/span><\/span><\/span><\/span><\/span><span><span><span><span><span><span>.&nbsp;<\/span><\/span><\/span><\/span><\/span><\/span><\/p>\n<p><strong>Refer\u00eancias bibliogr\u00e1ficas:<\/strong><\/p>\n<p><em>[1]&nbsp;<span><span><span><span><span><span>Dispon\u00edvel em <\/span><\/span><\/span><\/span><\/span><\/span><a href=\"https:\/\/folhabv.com.br\/noticia\/POLITICA\/Roraima\/Tres-parlamentares-assinam-pedido-de-inpeachment-do-governador\/65274\"><span><span><span><span><span><span><span><span>https:\/\/folhabv.com.br\/noticia\/POLITICA\/Roraima\/Tres-parlamentares-assinam-pedido-de-inpeachment-do-governador\/65274<\/span><\/span><\/span><\/span><\/span><\/span><\/span><\/span><\/a><span><span><span><span><span><span>. Acesso em 10.07.2020<\/span><\/span><\/span><\/span><\/span><\/span><\/em><\/p>\n<p><em><span><span><span><span><span><span>[2]&nbsp;Dispon\u00edvel em <\/span><\/span><\/span><\/span><\/span><\/span><span><span><span><span><span><span><a href=\"https:\/\/g1-globo-com.cdn.ampproject.org\/v\/s\/g1.globo.com\/google\/amp\/rr\/roraima\/noticia\/2020\/05\/25\/prefeitura-de-boa-vista-pede-a-justica-que-obrigue-governo-a-repassar-medicamentos-e-testes-rapidos-do-coronavirus.ghtml?usqp=mq331AQFKAGwASA%3D&amp;amp_js_v=0.1#aoh=15946447167672&amp;referrer=https%3A%2F%2Fwww.google.com&amp;amp_tf=Fonte%3A%20%251$s&amp;ampshare=https%3A%2F%2Fg1.globo.com%2Frr%2Froraima%2Fnoticia%2F2020%2F05%2F25%2Fprefeitura-de-boa-vista-pede-a-justica-que-obrigue-governo-a-repassar-medicamentos-e-testes-rap\">https:\/\/g1-globo-com.cdn.ampproject.org\/v\/s\/g1.globo.com\/google\/amp\/rr\/roraima\/noticia\/2020\/05\/25\/prefeitura-de-boa-vista-pede-a-justica-que-obrigue-governo-a-repassar-medicamentos-e-testes-rapidos-do-coronavirus.ghtml?usqp=mq331AQFKAGwASA%3D&amp;amp_js_v=0.1#aoh=15946447167672&amp;referrer=https%3A%2F%2Fwww.google.com&amp;amp_tf=Fonte%3A%20%251%24s&amp;ampshare=https%3A%2F%2Fg1.globo.com%2Frr%2Froraima%2Fnoticia%2F2020%2F05%2F25%2Fprefeitura-de-boa-vista-pede-a-justica-que-obrigue-governo-a-repassar-medicamentos-e-testes-rapidos-do-coronavirus.ghtml<\/a>.<\/span><\/span><\/span><\/span><\/span><\/span><span><span><span><span><span><span>&nbsp;Acesso em 11.07.2020<\/span><\/span><\/span><\/span><\/span><\/span><span><span><span><span><span><span><span> <\/span><\/span><\/span><\/span><\/span><\/span><\/span><span><span><span><span><span><span> <\/span><\/span><\/span><\/span><\/span><\/span><\/em><\/p>\n<p><em><span><span><span><span><span><span><span>[3]&nbsp;<\/span>Dispon\u00edvel em&nbsp;<\/span><\/span><\/span><\/span><\/span><\/span><a href=\"https:\/\/folhabv.com.br\/noticia\/POLITICA\/Roraima\/Governo-contrata-aviao-para-transporte-de-medicamentos-e-materiais\/66583\"><span><span><span><span><span><span>https:\/\/folhabv.com.br\/noticia\/POLITICA\/Roraima\/Governo-contrata-aviao-para-transporte-de-medicamentos-e-materiais\/66583<\/span><\/span><\/span><\/span><\/span><\/span><\/a><span><span><span><span><span><span> Acesso em 12.07.2020<\/span><\/span><\/span><\/span><\/span><\/span><\/em><\/p>\n<p><em><span><span><span><span><span><span>[4]&nbsp;Dispon\u00edvel em <\/span><\/span><\/span><\/span><\/span><\/span><a href=\"https:\/\/www.roraima1.com.br\/2020\/06\/17\/deputado-federal-protocola-pedido-de-impeachment-contra-antonio-denarium\/\"><span><span><span><span><span><span>https:\/\/www.roraima1.com.br\/2020\/06\/17\/deputado-federal-protocola-pedido-de-impeachment-contra-antonio-denarium\/<\/span><\/span><\/span><\/span><\/span><\/span><\/a><span><span><span><span><span><span> Acesso em 12.07.2020<\/span><\/span><\/span><\/span><\/span><\/span><\/em><\/p>\n<p><em><span><span><span><span><span><span>[5]&nbsp;Dispon\u00edvel em <\/span><\/span><\/span><\/span><\/span><\/span><a href=\"https:\/\/roraimaemtempo.com\/ultimas-noticias\/um-mes-apos-denuncia-de-impeachment-deputados-de-rr-aguardam-decisao-de-jalser-renier,360257.jhtml\"><span><span><span><span><span><span>https:\/\/roraimaemtempo.com\/ultimas-noticias\/um-mes-apos-denuncia-de-impeachment-deputados-de-rr-aguardam-decisao-de-jalser-renier,360257.jhtml<\/span><\/span><\/span><\/span><\/span><\/span><\/a><span><span><span><span><span><span>&nbsp; Acesso em 12.07.2020<\/span><\/span><\/span><\/span><\/span><\/span><\/em><\/p>\n<p><em><span><span><span><span><span><span>[6]&nbsp;Dispon\u00edvel em&nbsp;<\/span><\/span><\/span><\/span><\/span><\/span><a href=\"https:\/\/g1.globo.com\/rr\/roraima\/noticia\/2020\/06\/23\/pesquisa-da-universidade-federal-estima-53-mil-infectados-por-coronavirus-ate-agosto-em-rr.ghtml\"><span><span><span><span><span><span><span><span>https:\/\/g1.globo.com\/rr\/roraima\/noticia\/2020\/06\/23\/pesquisa-da-universidade-federal-estima-53-mil-infectados-por-coronavirus-ate-agosto-em-rr.ghtml<\/span><\/span><\/span><\/span><\/span><\/span><\/span><\/span><\/a><span><span><span><span><span><span> Acesso em 12.07.2020<\/span><\/span><\/span><\/span><\/span><\/span><\/em><\/p>\n","protected":false},"excerpt":{"rendered":"<p>Este \u00e9 o d\u00e9cimo terceiro texto da 3\u00aa edi\u00e7\u00e3o do especial &#8220;Os governos estaduais e as a\u00e7\u00f5es de enfrentamento \u00e0 pandemia no Brasil&#8221;, publicado entre os dias 13 e 17 de julho na p\u00e1gina da ABCP. Acompanhe!<\/p>\n","protected":false},"author":3,"featured_media":0,"comment_status":"open","ping_status":"open","sticky":false,"template":"","format":"standard","meta":{"footnotes":""},"categories":[1],"tags":[],"class_list":["post-237","post","type-post","status-publish","format-standard","hentry","category-uncategorized"],"_links":{"self":[{"href":"https:\/\/cienciapolitica.org.br\/web\/wp-json\/wp\/v2\/posts\/237","targetHints":{"allow":["GET"]}}],"collection":[{"href":"https:\/\/cienciapolitica.org.br\/web\/wp-json\/wp\/v2\/posts"}],"about":[{"href":"https:\/\/cienciapolitica.org.br\/web\/wp-json\/wp\/v2\/types\/post"}],"author":[{"embeddable":true,"href":"https:\/\/cienciapolitica.org.br\/web\/wp-json\/wp\/v2\/users\/3"}],"replies":[{"embeddable":true,"href":"https:\/\/cienciapolitica.org.br\/web\/wp-json\/wp\/v2\/comments?post=237"}],"version-history":[{"count":0,"href":"https:\/\/cienciapolitica.org.br\/web\/wp-json\/wp\/v2\/posts\/237\/revisions"}],"wp:attachment":[{"href":"https:\/\/cienciapolitica.org.br\/web\/wp-json\/wp\/v2\/media?parent=237"}],"wp:term":[{"taxonomy":"category","embeddable":true,"href":"https:\/\/cienciapolitica.org.br\/web\/wp-json\/wp\/v2\/categories?post=237"},{"taxonomy":"post_tag","embeddable":true,"href":"https:\/\/cienciapolitica.org.br\/web\/wp-json\/wp\/v2\/tags?post=237"}],"curies":[{"name":"wp","href":"https:\/\/api.w.org\/{rel}","templated":true}]}}