{"id":238,"date":"2020-07-16T01:24:29","date_gmt":"2020-07-16T01:24:29","guid":{"rendered":"https:\/\/tmp.cienciapolitica.org.br\/2020\/07\/16\/especial-abcp-acoes-rondonia-enfrentamento-2\/"},"modified":"2020-07-16T01:24:29","modified_gmt":"2020-07-16T01:24:29","slug":"especial-abcp-acoes-rondonia-enfrentamento-2","status":"publish","type":"post","link":"https:\/\/cienciapolitica.org.br\/web\/especial-abcp-acoes-rondonia-enfrentamento-2\/","title":{"rendered":"ESPECIAL ABCP: As a\u00e7\u00f5es de Rond\u00f4nia no enfrentamento \u00e0 pandemia"},"content":{"rendered":"<p>Este \u00e9 o d\u00e9cimo quarto texto da 3\u00aa edi\u00e7\u00e3o do especial &#8220;Os governos estaduais e as a\u00e7\u00f5es de enfrentamento \u00e0 pandemia no Brasil&#8221;, publicado entre os dias 13 e 17 de julho na p\u00e1gina da ABCP. Acompanhe!<br \/>\n<!--more--><\/p>\n<h4><em>Este \u00e9 o d\u00e9cimo quarto texto da 3\u00aa edi\u00e7\u00e3o do especial &#8220;Os governos estaduais e as a\u00e7\u00f5es de enfrentamento \u00e0 pandemia no Brasil&#8221;, publicado entre os dias 13 e 17 de julho na p\u00e1gina da ABCP. Acompanhe!<\/em><\/h4>\n<h4><em>Para ler a an\u00e1lise sobre Rond\u00f4nia&nbsp;publicada na \u00faltima edi\u00e7\u00e3o, clique&nbsp;<a href=\"https:\/\/tmp.cienciapolitica.org.br\/2020\/07\/12\/especial-abcp-acoes-rondonia-enfrentamento\/\">aqui<\/a>!<\/em><\/h4>\n<h4><em>Para saber mais detalhes sobre essa s\u00e9rie especial, clique&nbsp;<a href=\"https:\/\/cienciapolitica.org.br\/noticias\/2020\/07\/especial-abcp-governos-estaduais-e-acoes-enfrentamento\">aqui<\/a>!<\/em><\/h4>\n<hr \/>\n<p><span><span><span><strong><span><span>COVID-19 em Rond\u00f4nia: interioriza\u00e7\u00e3o, flexibiliza\u00e7\u00e3o e desigualdade <\/span><\/span><\/strong><\/span><\/span><\/span><\/p>\n<p>Nome dos(as) autores(as): Luis Fernando Novoa Garzon e&nbsp;Patr\u00edcia Mara Cabral de Vasconcellos<\/p>\n<p>Institui\u00e7\u00e3o&nbsp;\u00e0&nbsp;qual&nbsp;os(as) autores(as) est\u00e3o&nbsp;vinculados(as):&nbsp;<span><span><span><span><span><span>Professor da Universidade Federal de Rond\u00f4nia (DCS\/UNIR);&nbsp;<\/span><\/span><\/span><\/span><\/span><\/span><span><span><span><span><span><span>Professora da Universidade Federal de Rond\u00f4nia (DCS\/DHJUS\/UNIR)<\/span><\/span><\/span><\/span><\/span><\/span><\/p>\n<p>Titula\u00e7\u00e3o&nbsp;dos(as) autores(as) e institui\u00e7\u00e3o&nbsp;em que a&nbsp;obtiveram:&nbsp;Doutor em Planejamento Urbano e Regional pela UFRJ; Doutora em Rela\u00e7\u00f5es Internacionais pela UnB.<\/p>\n<p>Regi\u00e3o: Norte<\/p>\n<p>Governador (Partido):&nbsp;Marcos Rocha (PSL)<\/p>\n<p>Popula\u00e7\u00e3o:&nbsp;1.777.225&nbsp;(est. IBGE, 01\/07\/2019)<\/p>\n<p>N\u00famero de munic\u00edpios:&nbsp;52<\/p>\n<p>Casos confirmados em <span><span><span><span><span><span>13\/07\/2020<\/span><\/span><\/span><\/span><\/span><\/span>:&nbsp;<span><span><span><span><span><span>27.050<\/span><\/span><\/span><\/span><\/span><\/span><\/p>\n<p>\u00d3bitos confirmados em <span><span><span><span><span><span>13\/07\/2020<\/span><\/span><\/span><\/span><\/span><\/span>:&nbsp;<span><span><span><span><span><span>647<\/span><\/span><\/span><\/span><\/span><\/span><\/p>\n<p>Casos por 100 mil hab.:&nbsp;<span><span><span><span><span><span>1.522<\/span><\/span><\/span><\/span><\/span><\/span><\/p>\n<p>\u00d3bitos por 100 mil hab.:&nbsp;<span><span><span><span><span><span>36,4<\/span><\/span><\/span><\/span><\/span><\/span><\/p>\n<hr \/>\n<p><strong>* Por:&nbsp;Patr\u00edcia Mara Cabral de Vasconcellos e&nbsp;Lu\u00eds Fernando Novoa Garzon<\/strong><\/p>\n<p><span><span><span><span><span><span>Em 18 de junho de 2020, completaram-se 90 dias desde o primeiro caso de Covid-19 em Rond\u00f4nia. Desde ent\u00e3o, tr\u00eas fatos ilustram a complexidade social do enfrentamento \u00e0 pandemia e os impasses pol\u00edtico-econ\u00f4micos. <\/span><\/span><\/span><\/span><\/span><\/span><\/p>\n<p><span><span><span><span><span><span>Primeiro: o avan\u00e7o do processo de interioriza\u00e7\u00e3o dos casos de COVID-19, atingindo todos os munic\u00edpios do estado. Segundo: as mudan\u00e7as nos crit\u00e9rios que embasam a classifica\u00e7\u00e3o dos munic\u00edpios em cada uma das fases de distanciamento social. Terceiro: a distribui\u00e7\u00e3o geogr\u00e1fica dos casos dentro da capital do estado.&nbsp;<\/span><\/span><\/span><\/span><\/span><\/span><\/p>\n<p><span><span><span><span><span><span>No dia 12 de julho, o total de casos confirmados em Rond\u00f4nia era de 26.728, dos quais 56,8% estavam localizados em Porto Velho [1]<\/span><\/span><\/span><\/span><\/span><\/span><span><span><span><span><span><span>. Depois da capital, os seis munic\u00edpios com maior n\u00famero de casos confirmados eram Guajar\u00e1-Mirim, Ariquemes, Jaru, Candeias do Jamari, S\u00e3o Miguel do Guapor\u00e9 e Ji-Paran\u00e1, representando juntos 24,2% do total de casos.&nbsp;<\/span><\/span><\/span><\/span><\/span><\/span><\/p>\n<p><span><span><span><span><span><span>Relembra-se que, em 14 de maio, o decreto n. 25.049 [2]<\/span><\/span><\/span><\/span><\/span><\/span><span><span><span><span><span><span> do governo estadual estabeleceu quais seriam os crit\u00e9rios que determinariam o distanciamento social.&nbsp;Haveria 4 fases e o estado estaria dividido em duas macrorregi\u00f5es hospitalares. <\/span><\/span><\/span><\/span><\/span><\/span><\/p>\n<p><span><span><span><span><span><span>Para a classifica\u00e7\u00e3o nas fases, havia dois crit\u00e9rios. Um era a taxa de incid\u00eancia de&nbsp;COVID-19 por 100 mil&nbsp;habitantes e o outro era a propor\u00e7\u00e3o de leitos de UTI adultos ocupados por casos de COVID-19 por macrorregi\u00e3o de sa\u00fade. Enquadrar-se-iam na fase 1, por exemplo, a macrorregi\u00e3o cuja propor\u00e7\u00e3o de leitos ocupados fosse acima de 50% e cuja taxa de casos novos nos \u00faltimos sete dias fosse maior ou igual a 20. <\/span><\/span><\/span><\/span><\/span><\/span><\/p>\n<p><span><span><span><span><span><span>Contudo, partindo da hip\u00f3tese de que atingir tais condi\u00e7\u00f5es tornou-se imprevis\u00edvel, em 15 de junho, um novo decreto [3]<\/span><\/span><\/span><\/span><\/span><\/span><span><span><span><span><span><span> alterou os crit\u00e9rios. Para a fase 1, a propor\u00e7\u00e3o de leitos ocupados deveria estar acima de 80% e menor que 90% e a taxa de incid\u00eancia em valor maior ou igual a 30. <\/span><\/span><\/span><\/span><\/span><\/span><\/p>\n<p><span><span><span><span><span><span>A altera\u00e7\u00e3o da diretriz certamente permitiu que munic\u00edpios flexibilizassem suas atividades, contudo, a legisla\u00e7\u00e3o ainda tinha como refer\u00eancia a macrorregi\u00e3o. Assim, em 6 de julho, em mais um decreto [4]<\/span><\/span><\/span><\/span><\/span><\/span><span><span><span><span><span><span>, passou-se a considerar a taxa de ocupa\u00e7\u00e3o de leitos do munic\u00edpio \u2013 ao inv\u00e9s da macrorregi\u00e3o. <\/span><\/span><\/span><\/span><\/span><\/span><\/p>\n<p><span><span><span><span><span><span>Adicionalmente, em 10 de julho, outro decreto [5]<\/span><\/span><\/span><\/span><\/span><\/span><span><span><span><span><span><span> estipulou que, em substitui\u00e7\u00e3o \u00e0 taxa de casos novos, devia-se considerar a taxa de crescimento de casos ativos da COVID-19, contabilizando, assim, somente os casos que pudessem indicar utiliza\u00e7\u00e3o de leitos de UTI.&nbsp;<\/span><\/span><\/span><\/span><\/span><\/span><\/p>\n<p><span><span><span><span><span><span>Dessa forma, paralelamente ao processo de interioriza\u00e7\u00e3o dos casos, ocorre a adequa\u00e7\u00e3o da legisla\u00e7\u00e3o para flexibilizar o isolamento social. Ariquemes e Jaru, por exemplo, foram classificados na fase 2 a partir de 8 de julho. No decreto de 10 de julho, houve novo enquadramento e, a partir de 14 de julho, Porto Velho e mais 36 mun\u00edcipios passaram para a fase 3, ou seja, para a amplia\u00e7\u00e3o do funcionamento das atividades econ\u00f4micas.&nbsp;<\/span><\/span><\/span><\/span><\/span><\/span><\/p>\n<p><span><span><span><span><span><span>Em contexto de combina\u00e7\u00e3o de crise sanit\u00e1ria, econ\u00f4mica e pol\u00edtico-institucional, a escala nacional sequer foi agenciada como escopo de atua\u00e7\u00e3o coordenada entre Uni\u00e3o, Estados e Munic\u00edpios no combate \u00e0 pandemia. <\/span><\/span><\/span><\/span><\/span><\/span><\/p>\n<p><span><span><span><span><span><span>Diante da supress\u00e3o do papel coordenador do Minist\u00e9rio da Sa\u00fade e da atua\u00e7\u00e3o desatinada da Presid\u00eancia da Rep\u00fablica em nome do retorno incondicional \u00e0 \u201cnormalidade\u201d, cada unidade federativa ficou \u00e0 merc\u00ea da press\u00e3o do poder econ\u00f4mico.&nbsp;<\/span><\/span><\/span><\/span><\/span><\/span><\/p>\n<p><span><span><span><span><span><span>Movimenta\u00e7\u00f5es e <\/span><\/span><\/span><\/span><\/span><\/span><span><span><span><span><em><span>lobbies<\/span><\/em><\/span><\/span><\/span><\/span><span><span><span><span><span><span> empresariais como o Grupo \u201cPensar Rond\u00f4nia\u201d [6]<\/span><\/span><\/span><\/span><\/span><\/span><span><span><span><span><span><span> promovem carreatas e pressionam os agentes pol\u00edticos. Em manifesto recente, o grupo lan\u00e7ou a invectiva do \u201c<\/span><\/span><\/span><\/span><\/span><\/span><span><span><span><span><em><span>at\u00e9 quando<\/span><\/em><\/span><\/span><\/span><\/span><span><span><span><span><span><span>\u201d se manteria a quebradeira de empresas e as demiss\u00f5es em massa, <\/span><\/span><\/span><\/span><\/span><\/span><span><span><span><span><em><span>\u201cimpedindo as pessoas de ganhar o p\u00e3o de cada dia, o seu sustento<\/span><\/em><\/span><\/span><\/span><\/span><span><span><span><span><span><span>?\u201d. <\/span><\/span><\/span><\/span><\/span><\/span><\/p>\n<p><span><span><span><span><span><span>V\u00ea-se que h\u00e1 uma rela\u00e7\u00e3o direta entre o negacionismo da pandemia e de seus efeitos e pr\u00e1ticas empresariais nada afeitas \u00e0 regula\u00e7\u00e3o social e a contrapartidas para a sociedade em termos de seguran\u00e7a \u00e0 vida e prote\u00e7\u00e3o ao meio ambiente.<\/span><\/span><\/span><\/span><\/span><\/span><\/p>\n<p><span><span><span><span><span><span>Com rela\u00e7\u00e3o \u00e0 capital do estado, a dispers\u00e3o dos casos em bairros considerados de baixa renda ilustra a desigualdade social, tanto nas condi\u00e7\u00f5es para manter o isolamento social, quanto nas condi\u00e7\u00f5es sanit\u00e1rias e de acesso \u00e0 sa\u00fade. <\/span><\/span><\/span><\/span><\/span><\/span><\/p>\n<p><span><span><span><span><span><span>Acopla-se o primeiro est\u00e1gio de dissemina\u00e7\u00e3o, iniciado em bairros melhor munidos de servi\u00e7os urbanos, com o segundo est\u00e1gio de dispers\u00e3o em dire\u00e7\u00e3o \u00e0s zonas perif\u00e9ricas da cidade (Zona Sul e Zona Leste), que passam a concentrar o maior n\u00famero de ocorr\u00eancias e de \u00f3bitos [7]<\/span><\/span><\/span><\/span><\/span><\/span><span><span><span><span><span><span>. <\/span><\/span><\/span><\/span><\/span><\/span><\/p>\n<p><span><span><span><span><span><span>As varia\u00e7\u00f5es acompanham a densidade demogr\u00e1fica dos bairros dessas zonas, o que \u00e9 um marcador (considerada a subnotifica\u00e7\u00e3o dos casos) da extensividade do cont\u00e1gio nesses territ\u00f3rios periurbanos.&nbsp;<\/span><\/span><\/span><\/span><\/span><\/span><\/p>\n<p><span><span><span><span><span><span>Quanto \u00e0s atividades econ\u00f4micas em que se verificou maior incid\u00eancia do v\u00edrus, a exemplo do ramo frigor\u00edfico, mudan\u00e7as dr\u00e1sticas nas condi\u00e7\u00f5es de trabalho, que j\u00e1 eram requisitadas antes da pandemia, dever\u00e3o agora se tornar inadi\u00e1veis para que seja admiss\u00edvel a retomada de suas atividades. <\/span><\/span><\/span><\/span><\/span><\/span><\/p>\n<p><span><span><span><span><span><span>\u00c9 preciso considerar que as din\u00e2micas de propaga\u00e7\u00e3o da COVID-19 est\u00e3o vinculadas tanto a fluxos comerciais como de trabalho no tocante \u00e0s redes de contatos cotidianos entre as pessoas.&nbsp;<\/span><\/span><\/span><\/span><\/span><\/span><\/p>\n<p><span><span><span><span><span><span>O aprofundamento e o refinamento da an\u00e1lise das diferencia\u00e7\u00f5es espaciais e sociais da letalidade da COVID-19 em cada pa\u00eds, estado e munic\u00edpio poder\u00e1 proporcionar a visualiza\u00e7\u00e3o de vari\u00e1veis determinantes e, consequentemente, uma expans\u00e3o calibrada de pol\u00edticas p\u00fablicas e de normas trabalhistas. <\/span><\/span><\/span><\/span><\/span><\/span><\/p>\n<p><span><span><span><span><span><span>\u00c9 incerto qual ser\u00e1 o aprendizado social oriundo dessa pandemia, mas \u00e9 certo que somente haver\u00e1 sa\u00edda se soubermos conjugar esfor\u00e7os nas distintas esferas para que sociedade, Estado e mercado possam ser reinventados \u00e0 luz dessa dram\u00e1tica experi\u00eancia.&nbsp;<\/span><\/span><\/span><\/span><\/span><\/span><\/p>\n<p><strong>Refer\u00eancias bibliogr\u00e1ficas:<\/strong><\/p>\n<p><em>[1]&nbsp;<span><span><span><span><span><span>A dispers\u00e3o para o interior do estado acentuou-se nos \u00faltimos meses. Em termos comparativos, em 12 de maio Porto Velho centralizava 75,9% dos casos, 30 dias depois, em 12 de junho, eram 63,2% casos. <\/span><\/span><\/span><\/span><\/span><\/span><\/em><\/p>\n<p><em><span><span><span><span><span><span>[2]&nbsp;ROND\u00d4NIA. DECRETO N\u00b0 25.049, DE 14 DE MAIO DE 2020. Dispon\u00edvel em: &lt;<\/span><\/span><\/span><\/span><\/span><\/span><a href=\"about:blank\"><span><span><span><span><span><span><span><span>http:\/\/www.rondonia.ro.gov.br\/publicacao\/decreto-n-25-049-de-14-de-maio-de-2020\/<\/span><\/span><\/span><\/span><\/span><\/span><\/span><\/span><\/a><span><span><span><span><span><span>&gt;. Acesso em 15 mai. 2020. <\/span><\/span><\/span><\/span><\/span><\/span><\/em><\/p>\n<p><em><span><span><span><span><span><span>[3]&nbsp;ROND\u00d4NIA. DECRETO N\u00b0 25.138, DE 15 DE JUNHO DE 2020. Dispon\u00edvel em: &lt;<\/span><\/span><\/span><\/span><\/span><\/span><a href=\"about:blank\"><span><span><span><span><span><span><span><span>http:\/\/www.rondonia.ro.gov.br\/publicacao\/decreto-n-25-138-de-15-de-junho-de-2020-reabertura-comercial\/<\/span><\/span><\/span><\/span><\/span><\/span><\/span><\/span><\/a><span><span><span><span><span><span>&gt;. Acesso em 8 jul. 2020.<\/span><\/span><\/span><\/span><\/span><\/span><\/em><\/p>\n<p><em><span><span><span><span><span><span>[4]&nbsp;ROND\u00d4NIA. DECRETO N\u00b0 25.195, DE 6 DE JULHO DE 2020. Dispon\u00edvel em:&nbsp; &lt;<\/span><\/span><\/span><\/span><\/span><\/span><a href=\"about:blank\"><span><span><span><span><span><span>http:\/\/www.rondonia.ro.gov.br\/publicacao\/decreto-no-25-195-de-6-de-julho-de-2020\/<\/span><\/span><\/span><\/span><\/span><\/span><\/a><span><span><span><span><span><span>&gt;. Acesso em 8 jul. 2020.<\/span><\/span><\/span><\/span><\/span><\/span><\/em><\/p>\n<p><em><span><span><span><span><span><span>[5] ROND\u00d4NIA. DECRETO N\u00b0 25.220, DE 10 DE JULHO DE 2020. Dispon\u00edvel em: &lt;<\/span><\/span><\/span><\/span><\/span><\/span><a href=\"about:blank\"><span><span><span><span><span><span><span><span>http:\/\/www.rondonia.ro.gov.br\/publicacao\/decreto-n-25-220-de-10-de-julho-de-2020\/<\/span><\/span><\/span><\/span><\/span><\/span><\/span><\/span><\/a><span><span><span><span><span><span>&gt;. Acesso em 12 jul. 2020<\/span><\/span><\/span><\/span><\/span><\/span><\/em><\/p>\n<p><em><span><span><span><span><span><span>[6] GRUPO PENSAR ROND\u00d4NIA. Comunicado do Grupo Pensar Rond\u00f4nia. Dispon\u00edvel em: <\/span><\/span><\/span><\/span><\/span><\/span><a href=\"about:blank\"><span><span><span><span><span><span><span><span>https:\/\/fecomercio-ro.websiteseguro.com\/site\/index.php\/2016-09-02-06-09-26\/noticias-fecomercio\/item\/1264-comunicado-do-grupo-pensar-rondonia<\/span><\/span><\/span><\/span><\/span><\/span><\/span><\/span><\/a><span><span><span><span><span><span>. Acesso em 12 jun. 2020<\/span><\/span><\/span><\/span><\/span><\/span><\/em><\/p>\n<p><em><span><span><span><span><span><span>[7]&nbsp;Em 12 de julho, os dez bairros com mais casos confirmados em Porto Velho eram: Socialista (409); Aponia (395); Agenor de Carvalho (394); Nova Floresta (370); Nova Porto Velho (365); Caladinho (349); Embratel (339); Castanheira (333); Nacional (332) e Tancredo Neves (306). Fonte: SESAU\/RO. <\/span><\/span><\/span><\/span><\/span><\/span><\/em><\/p>\n","protected":false},"excerpt":{"rendered":"<p>Este \u00e9 o d\u00e9cimo quarto texto da 3\u00aa edi\u00e7\u00e3o do especial &#8220;Os governos estaduais e as a\u00e7\u00f5es de enfrentamento \u00e0 pandemia no Brasil&#8221;, publicado entre os dias 13 e 17 de julho na p\u00e1gina da ABCP. Acompanhe!<\/p>\n","protected":false},"author":3,"featured_media":0,"comment_status":"open","ping_status":"open","sticky":false,"template":"","format":"standard","meta":{"footnotes":""},"categories":[1],"tags":[],"class_list":["post-238","post","type-post","status-publish","format-standard","hentry","category-uncategorized"],"_links":{"self":[{"href":"https:\/\/cienciapolitica.org.br\/web\/wp-json\/wp\/v2\/posts\/238","targetHints":{"allow":["GET"]}}],"collection":[{"href":"https:\/\/cienciapolitica.org.br\/web\/wp-json\/wp\/v2\/posts"}],"about":[{"href":"https:\/\/cienciapolitica.org.br\/web\/wp-json\/wp\/v2\/types\/post"}],"author":[{"embeddable":true,"href":"https:\/\/cienciapolitica.org.br\/web\/wp-json\/wp\/v2\/users\/3"}],"replies":[{"embeddable":true,"href":"https:\/\/cienciapolitica.org.br\/web\/wp-json\/wp\/v2\/comments?post=238"}],"version-history":[{"count":0,"href":"https:\/\/cienciapolitica.org.br\/web\/wp-json\/wp\/v2\/posts\/238\/revisions"}],"wp:attachment":[{"href":"https:\/\/cienciapolitica.org.br\/web\/wp-json\/wp\/v2\/media?parent=238"}],"wp:term":[{"taxonomy":"category","embeddable":true,"href":"https:\/\/cienciapolitica.org.br\/web\/wp-json\/wp\/v2\/categories?post=238"},{"taxonomy":"post_tag","embeddable":true,"href":"https:\/\/cienciapolitica.org.br\/web\/wp-json\/wp\/v2\/tags?post=238"}],"curies":[{"name":"wp","href":"https:\/\/api.w.org\/{rel}","templated":true}]}}