{"id":239,"date":"2020-07-16T01:46:12","date_gmt":"2020-07-16T01:46:12","guid":{"rendered":"https:\/\/tmp.cienciapolitica.org.br\/2020\/07\/16\/especial-abcp-acoes-para-enfrentamento-2\/"},"modified":"2020-07-16T01:46:12","modified_gmt":"2020-07-16T01:46:12","slug":"especial-abcp-acoes-para-enfrentamento-2","status":"publish","type":"post","link":"https:\/\/cienciapolitica.org.br\/web\/especial-abcp-acoes-para-enfrentamento-2\/","title":{"rendered":"ESPECIAL ABCP: As a\u00e7\u00f5es do Par\u00e1 no enfrentamento \u00e0 pandemia"},"content":{"rendered":"<p>Este \u00e9 o d\u00e9cimo quinto texto da 3\u00aa edi\u00e7\u00e3o do especial &#8220;Os governos estaduais e as a\u00e7\u00f5es de enfrentamento \u00e0 pandemia no Brasil&#8221;, publicado entre os dias 13 e 17 de julho na p\u00e1gina da ABCP. Acompanhe!<br \/>\n<!--more--><\/p>\n<h4><em>Este \u00e9 o d\u00e9cimo quinto&nbsp;texto da 3\u00aa edi\u00e7\u00e3o do especial &#8220;Os governos estaduais e as a\u00e7\u00f5es de enfrentamento \u00e0 pandemia no Brasil&#8221;, publicado entre os dias 13 e 17 de julho na p\u00e1gina da ABCP. Acompanhe!<\/em><\/h4>\n<h4><em>Para ler a an\u00e1lise sobre o Par\u00e1&nbsp;publicada na \u00faltima edi\u00e7\u00e3o, clique&nbsp;<a href=\"https:\/\/tmp.cienciapolitica.org.br\/2020\/07\/12\/especial-abcp-acoes-para-enfrentamento\/\">aqui<\/a>!<\/em><\/h4>\n<h4><em>Para saber mais detalhes sobre essa s\u00e9rie especial, clique&nbsp;<a href=\"https:\/\/cienciapolitica.org.br\/noticias\/2020\/07\/especial-abcp-governos-estaduais-e-acoes-enfrentamento\">aqui<\/a>!<\/em><\/h4>\n<hr \/>\n<p><span><span><span><strong><span><span>Par\u00e1: Interioriza\u00e7\u00e3o da pandemia e o sistema de sa\u00fade<\/span><\/span><\/strong><\/span><\/span><\/span><\/p>\n<p>Nome do&nbsp;autor:&nbsp;Bruno de Castro Rubiatti<\/p>\n<p>Institui\u00e7\u00e3o&nbsp;\u00e0&nbsp;qual&nbsp;o&nbsp;autor&nbsp;est\u00e1&nbsp;vinculado:&nbsp;Universidade Federal do Par\u00e1<\/p>\n<p>Titula\u00e7\u00e3o&nbsp;do&nbsp;autor&nbsp;e institui\u00e7\u00e3o&nbsp;em que a&nbsp;obteve:&nbsp;Doutor em Ci\u00eancia Pol\u00edtica (Unicamp)<\/p>\n<p>Regi\u00e3o: Norte<\/p>\n<p>Governador (Partido):&nbsp;Helder Barbalho (MDB)<\/p>\n<p>Popula\u00e7\u00e3o:&nbsp;8.602.865<\/p>\n<p>N\u00famero de munic\u00edpios:&nbsp;144<\/p>\n<p>Casos confirmados em <span><span><span><span><span><span>13\/07\/2020:<\/span><\/span><\/span><\/span><\/span><\/span>&nbsp;<span><span><span><span><span><span>128.570<\/span><\/span><\/span><\/span><\/span><\/span><\/p>\n<p>\u00d3bitos confirmados em <span><span><span><span><span><span>13\/07\/2020: 5.318<\/span><\/span><\/span><\/span><\/span><\/span><\/p>\n<p>Casos por 100 mil hab.:&nbsp;<span><span><span><span><span><span>1.494,5<\/span><\/span><\/span><\/span><\/span><\/span><\/p>\n<p>\u00d3bitos por 100 mil hab.:&nbsp;<span><span><span><span><span><span>61,8<\/span><\/span><\/span><\/span><\/span><\/span><\/p>\n<hr \/>\n<p><strong>* Por:&nbsp;Bruno de Castro Rubiatti<\/strong><\/p>\n<p><span><span><span><span><span><span>Apesar de adotar medidas de flexibiliza\u00e7\u00e3o do isolamento social e retorno das atividades econ\u00f4micas, a pandemia parece longe de estar controlada no estado do Par\u00e1. Contabilizando mais de 128 mil casos e mais de 5 mil mortos, o estado agora enfrenta uma chance de maior e mais r\u00e1pida propaga\u00e7\u00e3o da&nbsp;Covid-19, devido a abertura de servi\u00e7os n\u00e3o essenciais e a volta da circula\u00e7\u00e3o intermunicipal e interestadual. Com isso, surge uma quest\u00e3o: qual a capacidade do sistema de sa\u00fade instalado no estado de suportar o aumento da demanda gerada pela pandemia?&nbsp;<\/span><\/span><\/span><\/span><\/span><\/span><\/p>\n<p><span><span><span><span><span><span>Um fator que aumenta os desafios para o enfrentamento dessa pandemia \u00e9 a forma como os recursos f\u00edsicos do sistema de sa\u00fade se distribuem pelo estado, havendo concentra\u00e7\u00e3o na capital e regi\u00e3o metropolitana, criando uma grande fragilidade no sistema de sa\u00fade em outras regi\u00f5es.<\/span><\/span><\/span><\/span><\/span><\/span><\/p>\n<p>\n<img decoding=\"async\" alt=\"pa\" data-entity-type=\"file\" data-entity-uuid=\"fcafaedf-7614-4655-8ee6-f24a4a8cd022\" src=\"\/sites\/default\/files\/imagens\/wysiwyg\/pa%201_0.png\" \/><\/p>\n<p><span><span><span><span><span><span>Para tratar dessa quest\u00e3o, um primeiro ponto a se observar \u00e9 a interioriza\u00e7\u00e3o da pandemia, isto \u00e9, como os casos se distribuem pelas regi\u00f5es e munic\u00edpios do estado. <\/span><\/span><\/span><\/span><\/span><\/span><\/p>\n<p><span><span><span><span><span><span>A tabela 1 mostra como se encontra a distribui\u00e7\u00e3o de casos e \u00f3bitos pelas regi\u00f5es de sa\u00fade do estado. Nota-se que, apesar da Regi\u00e3o Metropolitana I apresentar o maior n\u00famero de casos e \u00f3bitos, h\u00e1 uma distribui\u00e7\u00e3o de casos por todo o estado, sendo que os 144 munic\u00edpios possuem casos confirmados e 138 apresentam \u00f3bitos. <\/span><\/span><\/span><\/span><\/span><\/span><\/p>\n<p><span><span><span><span><span><span>Somado a isso, dos 10 munic\u00edpios com maior n\u00famero de casos, tr\u00eas se encontram na regi\u00e3o do Caraj\u00e1s, dois na regi\u00e3o do Tocantins, dois na regi\u00e3o Metropolitana I e as regi\u00f5es do Xingu, Tapaj\u00f3s e Baixo Amazonas apresentam cada uma um munic\u00edpio entre os com maior n\u00famero de casos. Al\u00e9m disso, as sete maiores taxas de mortalidade \u2013 que ficam entre 7,3% e 9,6% \u2013 se distribuem entre seis regi\u00f5es do estado&nbsp;<\/span><\/span><\/span><\/span><\/span><\/span><\/p>\n<p><img decoding=\"async\" alt=\"pa 2\" data-entity-type=\"file\" data-entity-uuid=\"5c5690f2-d324-4036-b5ce-5f6d83bd5855\" src=\"\/sites\/default\/files\/imagens\/wysiwyg\/pa%202.png\" \/><\/p>\n<p><span><span><span><span><span><span>Outra forma de visualizar essa distribui\u00e7\u00e3o da pandemia pelo estado \u00e9 a partir das faixas populacionais dos munic\u00edpios. Como se pode ver na tabela 2, 43,3% dos casos confirmados e 28,5% dos \u00f3bitos se concentram em munic\u00edpios de at\u00e9 100 mil habitantes. <\/span><\/span><\/span><\/span><\/span><\/span><\/p>\n<p><span><span><span><span><span><span>Cabe notar que esses munic\u00edpios representam 87,5% do estado (sendo que 67,4% possuem menos de 50 mil habitantes), isto \u00e9, poucos munic\u00edpios do Par\u00e1 apresentam mais de 100 mil habitantes e apenas dois possuem mais de 500 mil \u2013 Bel\u00e9m e Ananindeua, ambos da Regi\u00e3o Metropolitana I. Dessa forma, a interioriza\u00e7\u00e3o da Covid 19 no estado atinge em cheio munic\u00edpios de pequeno porte, que, em geral, possuem menores recursos f\u00edsicos para a sa\u00fade instalados.<\/span><\/span><\/span><\/span><\/span><\/span><\/p>\n<p><img decoding=\"async\" alt=\"pa 3\" data-entity-type=\"file\" data-entity-uuid=\"361ec6b9-165b-4ea4-b2eb-18e6bce7b141\" src=\"\/sites\/default\/files\/imagens\/wysiwyg\/pa%203.png\" \/><\/p>\n<p><span><span><span><span><span><span>Cabe ainda notar a participa\u00e7\u00e3o da capital no total de casos e \u00f3bitos. O gr\u00e1fico 1 mostra que,&nbsp;no in\u00edcio da pandemia \u2013 o primeiro caso registrado no estado foi dia 18 de mar\u00e7o \u2013, Bel\u00e9m concentrava a maior parte dos casos do estado. <\/span><\/span><\/span><\/span><\/span><\/span><\/p>\n<p><span><span><span><span><span><span>Por\u00e9m, esse quadro muda a partir de 9 de maio: a capital deixa de concentrar mais da metade dos casos e diminui paulatinamente sua participa\u00e7\u00e3o no n\u00famero de casos at\u00e9 menos de 20% em julho. <\/span><\/span><\/span><\/span><\/span><\/span><\/p>\n<p><span><span><span><span><span><span>Vale notar que Bel\u00e9m concentra 17,3% da popula\u00e7\u00e3o do estado. Cabe destacar que essa diminui\u00e7\u00e3o da participa\u00e7\u00e3o da capital no total de casos n\u00e3o se deve apenas a uma diminui\u00e7\u00e3o de novos casos na cidade, mas sim a um crescimento de casos em outros munic\u00edpios do estado.&nbsp;<\/span><\/span><\/span><\/span><\/span><\/span><\/p>\n<p><span><span><span><span><span><span>De forma semelhante, tamb\u00e9m h\u00e1 uma diminui\u00e7\u00e3o na participa\u00e7\u00e3o da capital no n\u00famero de \u00f3bitos, por\u00e9m bem menos acentuada, sendo Bel\u00e9m ainda respons\u00e1vel por pouco menos de 40% dos \u00f3bitos por Covid-19 do estado.<\/span><\/span><\/span><\/span><\/span><\/span><\/p>\n<p><span><span><span><span><span><span>Sendo assim, se h\u00e1 essa interioriza\u00e7\u00e3o da pandemia, cabe perguntar se o sistema de sa\u00fade no interior do estado est\u00e1 equipado para enfrent\u00e1-la. Para tanto, podemos observar a capacidade de leitos instalados nos diferentes munic\u00edpios do estado. A tabela 3 apresenta os leitos distribu\u00eddos a partir do tipo \u2013 leitos de interna\u00e7\u00e3o [1]<\/span><\/span><\/span><\/span><\/span><\/span><span><span><span><span><span><span> e leitos complementares [2]<\/span><\/span><\/span><\/span><\/span><\/span><span><span><span><span><span><span> \u2013 e&nbsp;da regi\u00e3o de sa\u00fade.&nbsp;<\/span><\/span><\/span><\/span><\/span><\/span><\/p>\n<p><img decoding=\"async\" alt=\"pa 4\" data-entity-type=\"file\" data-entity-uuid=\"832b24c2-31cb-495a-8a3c-14d06fa01045\" src=\"\/sites\/default\/files\/imagens\/wysiwyg\/pa%204.png\" \/><\/p>\n<p><span><span><span><span><span><span>Como fica claro na tabela 3, h\u00e1 uma concentra\u00e7\u00e3o de leitos na Regi\u00e3o Metropolitana I (que inclui a capital). Essa concentra\u00e7\u00e3o \u00e9 mais impactante quando se observa a distribui\u00e7\u00e3o dos leitos complementares: as cinco cidades que comp\u00f5em essa regi\u00e3o de sa\u00fade concentram 25,9% da popula\u00e7\u00e3o do estado e mais de 50% dos leitos complementares (o que inclui as UTIs). <\/span><\/span><\/span><\/span><\/span><\/span><\/p>\n<p><span><span><span><span><span><span>Ao mesmo tempo que essa regi\u00e3o concentra essa capacidade instalada, outras \u00e1reas do estado acabam com n\u00famero extremamente baixo de leitos. Dessa forma, essas regi\u00f5es com baixo n\u00famero de leitos&nbsp;n\u00e3o ter\u00e3o condi\u00e7\u00f5es de atender a um crescimento de demanda gerada por uma pandemia.<\/span><\/span><\/span><\/span><\/span><\/span><\/p>\n<p><img decoding=\"async\" alt=\"pa 5\" data-entity-type=\"file\" data-entity-uuid=\"fb0cc3af-fe25-45fe-ab8e-888f247270eb\" src=\"\/sites\/default\/files\/imagens\/wysiwyg\/pa%205.png\" \/><\/p>\n<p><span><span><span><span><span><span>De forma complementar, a tabela 4 mostra que na distribui\u00e7\u00e3o dos leitos por faixa populacional tamb\u00e9m se nota uma concentra\u00e7\u00e3o de leitos nos maiores munic\u00edpios, em especial os leitos complementares na faixa de munic\u00edpios com mais 500 mil habitantes que, como foi dito anteriormente, se resumem a Bel\u00e9m e Ananindeua no caso do Par\u00e1. <\/span><\/span><\/span><\/span><\/span><\/span><\/p>\n<p><span><span><span><span><span><span>Se observarmos esses dados junto com os da tabela 2, notamos que os munic\u00edpios que concentram mais de 43% dos casos confirmados e 28,5% dos \u00f3bitos possuem apenas 37,5% dos leitos de interna\u00e7\u00e3o e 12,3% dos leitos complementares. Dessa forma, o enfrentamento da pandemia requer a\u00e7\u00f5es que visem uma melhor distribui\u00e7\u00e3o e aumento dos recursos f\u00edsicos do sistema de sa\u00fade.<\/span><\/span><\/span><\/span><\/span><\/span><\/p>\n<p><span><span><span><span><span><span>Uma \u00faltima informa\u00e7\u00e3o sobre leitos se refere \u00e0s UTIs exclusivas para adultos com COVID-19. No total, o estado conta com 548 leitos nessa categoria. A capital concentra 48,9% desses leitos e Ananindeua fica com outros 6,6%, totalizando 55,5% dessas UTIs na regi\u00e3o metropolitana I. Outros 12 munic\u00edpios espalhados pelo estado dividem os 44,5% restantes.<\/span><\/span><\/span><\/span><\/span><\/span><\/p>\n<p><span><span><span><span><span><span>Nesse quadro, o papel do SUS \u00e9 fundamental para enfrentar a atual pandemia: 64,5% dos leitos complementares e 78,7% dos leitos de interna\u00e7\u00e3o no estado do Par\u00e1 s\u00e3o vinculados ao SUS. Se excluirmos a capital, 73% dos complementares e 80,3% dos de interna\u00e7\u00e3o presentes no interior s\u00e3o vinculados ao SUS.<\/span><\/span><\/span><\/span><\/span><\/span><\/p>\n<p><span><span><span><span><span><span>Por fim, um elemento importante a se destacar \u00e9 o crescimento dessa estrutura f\u00edsica no estado: de janeiro a maio de 2020 houve um aumento de 625 leitos complementares e 944 leitos de interna\u00e7\u00e3o no estado. Por\u00e9m, esses novos leitos n\u00e3o alteraram a concentra\u00e7\u00e3o de leitos na capital, mantendo a fragilidade do sistema de sa\u00fade no interior, principalmente nas cidades de menor porte, agravando os riscos da interioriza\u00e7\u00e3o da pandemia.<\/span><\/span><\/span><\/span><\/span><\/span><\/p>\n<p><strong>Refer\u00eancias bibliogr\u00e1ficas:<\/strong><\/p>\n<p><em>[1]&nbsp;<span><span><span><span><span><span>Pela tipologia do SUS, leitos de Interna\u00e7\u00e3o incluem: os leitos cl\u00ednicos, cir\u00fargicos, obst\u00e9tricos e pedi\u00e1tricos.<\/span><\/span><\/span><\/span><\/span><\/span><\/em><\/p>\n<p><em><span><span><span><span><span><span>[2]&nbsp;Leitos Complementares incluem: leitos de Isolamento, Isolamento reverso, Cuidados Intensivos (UTIs) e Cuidados Intermedi\u00e1rios (UCI)<\/span><\/span><\/span><\/span><\/span><\/span><\/em><\/p>\n","protected":false},"excerpt":{"rendered":"<p>Este \u00e9 o d\u00e9cimo quinto texto da 3\u00aa edi\u00e7\u00e3o do especial &#8220;Os governos estaduais e as a\u00e7\u00f5es de enfrentamento \u00e0 pandemia no Brasil&#8221;, publicado entre os dias 13 e 17 de julho na p\u00e1gina da ABCP. Acompanhe!<\/p>\n","protected":false},"author":3,"featured_media":0,"comment_status":"open","ping_status":"open","sticky":false,"template":"","format":"standard","meta":{"footnotes":""},"categories":[1],"tags":[],"class_list":["post-239","post","type-post","status-publish","format-standard","hentry","category-uncategorized"],"_links":{"self":[{"href":"https:\/\/cienciapolitica.org.br\/web\/wp-json\/wp\/v2\/posts\/239","targetHints":{"allow":["GET"]}}],"collection":[{"href":"https:\/\/cienciapolitica.org.br\/web\/wp-json\/wp\/v2\/posts"}],"about":[{"href":"https:\/\/cienciapolitica.org.br\/web\/wp-json\/wp\/v2\/types\/post"}],"author":[{"embeddable":true,"href":"https:\/\/cienciapolitica.org.br\/web\/wp-json\/wp\/v2\/users\/3"}],"replies":[{"embeddable":true,"href":"https:\/\/cienciapolitica.org.br\/web\/wp-json\/wp\/v2\/comments?post=239"}],"version-history":[{"count":0,"href":"https:\/\/cienciapolitica.org.br\/web\/wp-json\/wp\/v2\/posts\/239\/revisions"}],"wp:attachment":[{"href":"https:\/\/cienciapolitica.org.br\/web\/wp-json\/wp\/v2\/media?parent=239"}],"wp:term":[{"taxonomy":"category","embeddable":true,"href":"https:\/\/cienciapolitica.org.br\/web\/wp-json\/wp\/v2\/categories?post=239"},{"taxonomy":"post_tag","embeddable":true,"href":"https:\/\/cienciapolitica.org.br\/web\/wp-json\/wp\/v2\/tags?post=239"}],"curies":[{"name":"wp","href":"https:\/\/api.w.org\/{rel}","templated":true}]}}