{"id":2802,"date":"2024-03-20T11:59:12","date_gmt":"2024-03-20T11:59:12","guid":{"rendered":"https:\/\/cienciapolitica.org.br\/web\/?p=2802"},"modified":"2024-03-20T11:59:12","modified_gmt":"2024-03-20T11:59:12","slug":"programacao-de-seminarios-do-dcp-usp-1s-2024","status":"publish","type":"post","link":"https:\/\/cienciapolitica.org.br\/web\/programacao-de-seminarios-do-dcp-usp-1s-2024\/","title":{"rendered":"Programa\u00e7\u00e3o\u00a0de\u00a0Semin\u00e1rios\u00a0do DCP-USP\u00a0| 1\u00b0s 2024"},"content":{"rendered":"\n<p>Caras e caros colegas<\/p>\n\n\n\n<p>\u00c9 com grande satisfa\u00e7\u00e3o e entusiasmo que divulgamos a&nbsp;<strong>Programa\u00e7\u00e3o&nbsp;de&nbsp;Semin\u00e1rios&nbsp;do DCP-USP&nbsp;do primeiro semestre de 2024.<\/strong><\/p>\n\n\n\n<p>Uma vez mais teremos uma&nbsp;programa\u00e7\u00e3o&nbsp;forte, diversificada em linhas e abordagens, internacionalizada e com pesquisas instigantes.<br>Teremos nove&nbsp;semin\u00e1rios&nbsp;presenciais e tr\u00eas realizados por meio do Zoom, com convidados do exterior. Dentre os presenciais, sete ter\u00e3o transmiss\u00e3o pelo Youtube, enquanto outros dois ocorrer\u00e3o em ambiente mais reservado, sem transmiss\u00e3o.&nbsp;&nbsp;<\/p>\n\n\n\n<p>Aqui e no anexo voc\u00eas encontram o cartaz principal, e abaixo dele a rela\u00e7\u00e3o de&nbsp;semin\u00e1rios, incluindo os&nbsp;<strong>links de transmiss\u00e3o e do&nbsp;Zoom.<\/strong><\/p>\n\n\n\n<p>Esperamos ter um \u00f3timo semestre, respirando novos ares e pleno de \u00f3timas discuss\u00f5es.<\/p>\n\n\n\n<p>Ser\u00e1 um prazer contar com voc\u00eas.<\/p>\n\n\n\n<p>Rog\u00e9rio Arantes<br><em>Coordena\u00e7\u00e3o de\u00a0Semin\u00e1rios<br>DCP-USP<\/em><\/p>\n\n\n\n<figure class=\"wp-block-image aligncenter size-large is-resized\"><img fetchpriority=\"high\" decoding=\"async\" width=\"576\" height=\"1024\" src=\"https:\/\/cienciapolitica.org.br\/web\/wp-content\/uploads\/2024\/03\/unnamed-576x1024.png\" alt=\"\" class=\"wp-image-2803\" style=\"width:355px;height:auto\" srcset=\"https:\/\/cienciapolitica.org.br\/web\/wp-content\/uploads\/2024\/03\/unnamed-576x1024.png 576w, https:\/\/cienciapolitica.org.br\/web\/wp-content\/uploads\/2024\/03\/unnamed-169x300.png 169w, https:\/\/cienciapolitica.org.br\/web\/wp-content\/uploads\/2024\/03\/unnamed-768x1365.png 768w, https:\/\/cienciapolitica.org.br\/web\/wp-content\/uploads\/2024\/03\/unnamed-864x1536.png 864w, https:\/\/cienciapolitica.org.br\/web\/wp-content\/uploads\/2024\/03\/unnamed.png 1080w\" sizes=\"(max-width: 576px) 100vw, 576px\" \/><\/figure>\n","protected":false},"excerpt":{"rendered":"<p>Caras e caros colegas \u00c9 com grande satisfa\u00e7\u00e3o e entusiasmo que divulgamos a&nbsp;Programa\u00e7\u00e3o&nbsp;de&nbsp;Semin\u00e1rios&nbsp;do DCP-USP&nbsp;do primeiro semestre de 2024. Uma vez mais teremos uma&nbsp;programa\u00e7\u00e3o&nbsp;forte, diversificada em linhas e abordagens, internacionalizada e com pesquisas instigantes.Teremos nove&nbsp;semin\u00e1rios&nbsp;presenciais e tr\u00eas realizados por meio do Zoom, com convidados do exterior. Dentre os presenciais, sete ter\u00e3o transmiss\u00e3o pelo Youtube, enquanto outros dois ocorrer\u00e3o em ambiente mais reservado, sem transmiss\u00e3o.&nbsp;&nbsp; Aqui e no anexo voc\u00eas encontram o cartaz principal, e abaixo dele a rela\u00e7\u00e3o de&nbsp;semin\u00e1rios, incluindo os&nbsp;links de transmiss\u00e3o e do&nbsp;Zoom. Esperamos ter um \u00f3timo semestre, respirando novos ares e pleno de \u00f3timas discuss\u00f5es. Ser\u00e1 um prazer contar com voc\u00eas. Rog\u00e9rio ArantesCoordena\u00e7\u00e3o de\u00a0Semin\u00e1riosDCP-USP<\/p>\n","protected":false},"author":1,"featured_media":0,"comment_status":"open","ping_status":"open","sticky":false,"template":"","format":"standard","meta":{"footnotes":""},"categories":[5],"tags":[50,179,204],"class_list":["post-2802","post","type-post","status-publish","format-standard","hentry","category-eventos","tag-ciencia-politica","tag-seminario","tag-usp"],"_links":{"self":[{"href":"https:\/\/cienciapolitica.org.br\/web\/wp-json\/wp\/v2\/posts\/2802","targetHints":{"allow":["GET"]}}],"collection":[{"href":"https:\/\/cienciapolitica.org.br\/web\/wp-json\/wp\/v2\/posts"}],"about":[{"href":"https:\/\/cienciapolitica.org.br\/web\/wp-json\/wp\/v2\/types\/post"}],"author":[{"embeddable":true,"href":"https:\/\/cienciapolitica.org.br\/web\/wp-json\/wp\/v2\/users\/1"}],"replies":[{"embeddable":true,"href":"https:\/\/cienciapolitica.org.br\/web\/wp-json\/wp\/v2\/comments?post=2802"}],"version-history":[{"count":1,"href":"https:\/\/cienciapolitica.org.br\/web\/wp-json\/wp\/v2\/posts\/2802\/revisions"}],"predecessor-version":[{"id":2804,"href":"https:\/\/cienciapolitica.org.br\/web\/wp-json\/wp\/v2\/posts\/2802\/revisions\/2804"}],"wp:attachment":[{"href":"https:\/\/cienciapolitica.org.br\/web\/wp-json\/wp\/v2\/media?parent=2802"}],"wp:term":[{"taxonomy":"category","embeddable":true,"href":"https:\/\/cienciapolitica.org.br\/web\/wp-json\/wp\/v2\/categories?post=2802"},{"taxonomy":"post_tag","embeddable":true,"href":"https:\/\/cienciapolitica.org.br\/web\/wp-json\/wp\/v2\/tags?post=2802"}],"curies":[{"name":"wp","href":"https:\/\/api.w.org\/{rel}","templated":true}]}}