{"id":2806,"date":"2024-03-20T12:32:15","date_gmt":"2024-03-20T12:32:15","guid":{"rendered":"https:\/\/cienciapolitica.org.br\/web\/?p=2806"},"modified":"2024-03-20T12:32:15","modified_gmt":"2024-03-20T12:32:15","slug":"premio-de-melhor-tese-de-doutorado-da-abcp-edicao-2024","status":"publish","type":"post","link":"https:\/\/cienciapolitica.org.br\/web\/premio-de-melhor-tese-de-doutorado-da-abcp-edicao-2024\/","title":{"rendered":"Pr\u00eamio de Melhor Tese de Doutorado da ABCP| Edi\u00e7\u00e3o &#8211; 2024"},"content":{"rendered":"\n<p class=\"has-black-color has-text-color has-link-color wp-elements-e18fb3d59943a8ac6cb524aecb063660\" style=\"font-size:18px\">Com o objetivo de dar maior visibilidade \u00e0 produ\u00e7\u00e3o de qualidade desenvolvida nos Programas de P\u00f3s-Gradua\u00e7\u00e3o do pa\u00eds, a Associa\u00e7\u00e3o Brasileira de Ci\u00eancia Pol\u00edtica (ABCP) lan\u00e7a chamada p\u00fablica para o Pr\u00eamio de Melhor Tese de Doutorado | Edi\u00e7\u00e3o 2024.<\/p>\n\n\n\n<p class=\"has-black-color has-text-color has-link-color wp-elements-04f191b6f17b4b487fc6da2b43c21f84\" style=\"font-size:18px\"><\/p>\n\n\n\n<p class=\"has-black-color has-text-color has-link-color wp-elements-58bd0162ceb2bb431364b7b98b5f3008\" style=\"font-size:18px\"><strong>1 \u2013 Das Inscri\u00e7\u00f5es<\/strong><\/p>\n\n\n\n<p class=\"has-black-color has-text-color has-link-color wp-elements-82667e565ca6870d7202583ec7fd8fc0\" style=\"font-size:18px\">1.1. Poder\u00e3o ser inscritas teses que tenham sido defendidas entre janeiro de 2022 e dezembro 2023 em qualquer programa de p\u00f3s-gradua\u00e7\u00e3o que esteja vinculado \u00e0 \u00e1rea de Ci\u00eancia Pol\u00edtica e Rela\u00e7\u00f5es Internacionais da Coordena\u00e7\u00e3o de Aperfei\u00e7oamento de Pessoal de N\u00edvel Superior (Capes) do Minist\u00e9rio da Educa\u00e7\u00e3o.<\/p>\n\n\n\n<p class=\"has-black-color has-text-color has-link-color wp-elements-9eba2d681dd038212c7a6e4e399cf1a1\" style=\"font-size:18px\">1.2. Cada <strong>Programa de P\u00f3s-Gradua\u00e7\u00e3o poder\u00e1 indicar 1 (uma) tese<\/strong>.<\/p>\n\n\n\n<p class=\"has-black-color has-text-color has-link-color wp-elements-8f5e4e2b6877aaa0ee8cdf4a62d79576\" style=\"font-size:18px\">1.3.&nbsp;N\u00e3o ser\u00e3o aceitas indica\u00e7\u00f5es de teses que tenham, no momento da inscri\u00e7\u00e3o, acordo de publica\u00e7\u00e3o com qualquer editora.<\/p>\n\n\n\n<p class=\"has-black-color has-text-color has-link-color wp-elements-d69db88bc2d47d2abbd8bdd10cb12955\" style=\"font-size:18px\">1.4. As inscri\u00e7\u00f5es dever\u00e3o ser feitas pelas coordena\u00e7\u00f5es de programa de p\u00f3s-gradua\u00e7\u00e3o pelo e-mail abcp@cienciapolitica.org.br entre os dias <strong>25 de mar\u00e7o e 25 de abril de 2024 <\/strong>e devem constar de:<\/p>\n\n\n\n<p class=\"has-black-color has-text-color has-link-color wp-elements-860b65c6a5f69526e5cd542ba2351a74\" style=\"font-size:18px\">(a) Arquivo em formato PDF com a vers\u00e3o final da tese indicada;<\/p>\n\n\n\n<p class=\"has-black-color has-text-color has-link-color wp-elements-0e4f6d802c0d53344f74c202124daf4e\" style=\"font-size:18px\">(b) Carta da coordena\u00e7\u00e3o do PPG assinada atestando a indica\u00e7\u00e3o e a data de defesa;<\/p>\n\n\n\n<p class=\"has-black-color has-text-color has-link-color wp-elements-4f1e3a428398bbe2b1f06847989b74c2\" style=\"font-size:18px\">(c) Termo em que o(a) autor(a) atesta n\u00e3o haver acordo de publica\u00e7\u00e3o da tese com qualquer editora.<\/p>\n\n\n\n<p class=\"has-black-color has-text-color has-link-color wp-elements-04f191b6f17b4b487fc6da2b43c21f84\" style=\"font-size:18px\"><\/p>\n\n\n\n<p class=\"has-black-color has-text-color has-link-color wp-elements-d512cf30b44e75538fbe9b1de8a4d554\" style=\"font-size:18px\"><strong>2 \u2013 Da Avalia\u00e7\u00e3o<\/strong><\/p>\n\n\n\n<p class=\"has-black-color has-text-color has-link-color wp-elements-2c4aff5da9a78f35bb89371375e644ff\" style=\"font-size:18px\">2.1. O processo de avalia\u00e7\u00e3o ser\u00e1 conduzido por uma comiss\u00e3o que ser\u00e1 formada por tr\u00eas membros da diretoria da ABCP.<\/p>\n\n\n\n<p class=\"has-black-color has-text-color has-link-color wp-elements-85274ab3df53a36bc7c56c47363c9a78\" style=\"font-size:18px\">2.2. Ap\u00f3s a an\u00e1lise da documenta\u00e7\u00e3o enviada, a comiss\u00e3o vai encaminhar cada tese para dois avaliadores externos, que dever\u00e3o ser doutores h\u00e1 pelo menos sete anos nas \u00e1reas dos respectivos trabalhos e que n\u00e3o poder\u00e3o possuir v\u00ednculos acad\u00eamicos e pessoais com os candidatos. Os avaliadores ter\u00e3o 40 dias para a leitura dos trabalhos e para o envio de parecer circunstanciado.<\/p>\n\n\n\n<p class=\"has-black-color has-text-color has-link-color wp-elements-ea7140f79ff9c7f666adf6bd80733db2\" style=\"font-size:18px\">2.3. A comiss\u00e3o de avalia\u00e7\u00e3o ir\u00e1 se reunir em prazo de at\u00e9 20 dias ap\u00f3s o envio dos pareceres para definir o resultado do pr\u00eamio.<\/p>\n\n\n\n<p class=\"has-black-color has-text-color has-link-color wp-elements-ae607ec0c1fb0d64339bb14207bb288e\" style=\"font-size:18px\">2.4. O resultado da premia\u00e7\u00e3o ser\u00e1 divulgado no site da <strong>ABCP at\u00e9 31 de julho de 2024<\/strong>.<\/p>\n\n\n\n<p class=\"has-black-color has-text-color has-link-color wp-elements-04f191b6f17b4b487fc6da2b43c21f84\" style=\"font-size:18px\"><\/p>\n\n\n\n<p class=\"has-black-color has-text-color has-link-color wp-elements-3d0842ed21618612096cfdaea25a9a2b\" style=\"font-size:18px\"><strong>3 \u2013 Da Premia\u00e7\u00e3o<\/strong><\/p>\n\n\n\n<p class=\"has-black-color has-text-color has-link-color wp-elements-07439bbb468e816d48685cf73e491284\" style=\"font-size:18px\">3.1. Ser\u00e3o concedidas at\u00e9 duas men\u00e7\u00f5es honrosas e um pr\u00eamio de melhor tese de doutorado na Assembleia Geral da ABCP, a se realizar no 14\u00ba Encontro da ABCP, em Salvador, em agosto de 2024.<\/p>\n\n\n\n<p class=\"has-black-color has-text-color has-link-color wp-elements-dafca00eff045a51bc80d92d4d524389\" style=\"font-size:18px\">3.2. As(Os) vencedoras(es) ser\u00e3o convidadas(os) pela ABCP a apresentarem os resultados das pesquisas no 14\u00ba Encontro da ABCP.<\/p>\n\n\n\n<p class=\"has-black-color has-text-color has-link-color wp-elements-80ffc859fe77cb71efebb3159543427e\" style=\"font-size:18px\">3.3. A ABCP se compromete a buscar formas de financiamento para a publica\u00e7\u00e3o da tese vencedora em formato de e-book.<\/p>\n\n\n\n<p class=\"has-black-color has-text-color has-link-color wp-elements-04f191b6f17b4b487fc6da2b43c21f84\" style=\"font-size:18px\"><\/p>\n\n\n\n<p class=\"has-text-align-center has-black-color has-text-color has-link-color wp-elements-c21831c6c69e4ebe98b7ca3969db31b0\" style=\"font-size:18px\">Rio de Janeiro, 18&nbsp;mar\u00e7o de 2024<\/p>\n","protected":false},"excerpt":{"rendered":"<p>Com o objetivo de dar maior visibilidade \u00e0 produ\u00e7\u00e3o de qualidade desenvolvida nos Programas de P\u00f3s-Gradua\u00e7\u00e3o do pa\u00eds, a Associa\u00e7\u00e3o Brasileira de Ci\u00eancia Pol\u00edtica (ABCP) lan\u00e7a chamada p\u00fablica para o Pr\u00eamio de Melhor Tese de Doutorado | Edi\u00e7\u00e3o 2024. 1 \u2013 Das Inscri\u00e7\u00f5es 1.1. Poder\u00e3o ser inscritas teses que tenham sido defendidas entre janeiro de 2022 e dezembro 2023 em qualquer programa de p\u00f3s-gradua\u00e7\u00e3o que esteja vinculado \u00e0 \u00e1rea de Ci\u00eancia Pol\u00edtica e Rela\u00e7\u00f5es Internacionais da Coordena\u00e7\u00e3o de Aperfei\u00e7oamento de Pessoal de N\u00edvel Superior (Capes) do Minist\u00e9rio da Educa\u00e7\u00e3o. 1.2. Cada Programa de P\u00f3s-Gradua\u00e7\u00e3o poder\u00e1 indicar 1 (uma) tese. 1.3.&nbsp;N\u00e3o ser\u00e3o aceitas indica\u00e7\u00f5es de teses que tenham, no momento da inscri\u00e7\u00e3o, acordo de publica\u00e7\u00e3o com qualquer editora. 1.4. As inscri\u00e7\u00f5es dever\u00e3o ser feitas pelas coordena\u00e7\u00f5es de programa de p\u00f3s-gradua\u00e7\u00e3o pelo e-mail abcp@cienciapolitica.org.br entre os dias 25 de mar\u00e7o e 25 de abril de 2024 e devem constar de: (a) Arquivo em formato PDF com a vers\u00e3o final da tese indicada; (b) Carta da coordena\u00e7\u00e3o do PPG assinada atestando a indica\u00e7\u00e3o e a data de defesa; (c) Termo em que o(a) autor(a) atesta n\u00e3o haver acordo de publica\u00e7\u00e3o da tese com qualquer editora. 2 \u2013 Da Avalia\u00e7\u00e3o 2.1. O processo de avalia\u00e7\u00e3o ser\u00e1 conduzido por uma comiss\u00e3o que ser\u00e1 formada por tr\u00eas membros da diretoria da ABCP. 2.2. Ap\u00f3s a an\u00e1lise da documenta\u00e7\u00e3o enviada, a comiss\u00e3o vai encaminhar cada tese para dois avaliadores externos, que dever\u00e3o ser doutores h\u00e1 pelo menos sete anos nas \u00e1reas dos respectivos trabalhos e que n\u00e3o poder\u00e3o possuir v\u00ednculos acad\u00eamicos e pessoais com os candidatos. Os avaliadores ter\u00e3o 40 dias para a leitura dos trabalhos e para o envio de parecer circunstanciado. 2.3. A comiss\u00e3o de avalia\u00e7\u00e3o ir\u00e1 se reunir em prazo de at\u00e9 20 dias ap\u00f3s o envio dos pareceres para definir o resultado do pr\u00eamio. 2.4. O resultado da premia\u00e7\u00e3o ser\u00e1 divulgado no site da ABCP at\u00e9 31 de julho de 2024. 3 \u2013 Da Premia\u00e7\u00e3o 3.1. Ser\u00e3o concedidas at\u00e9 duas men\u00e7\u00f5es honrosas e um pr\u00eamio de melhor tese de doutorado na Assembleia Geral da ABCP, a se realizar no 14\u00ba Encontro da ABCP, em Salvador, em agosto de 2024. 3.2. As(Os) vencedoras(es) ser\u00e3o convidadas(os) pela ABCP a apresentarem os resultados das pesquisas no 14\u00ba Encontro da ABCP. 3.3. A ABCP se compromete a buscar formas de financiamento para a publica\u00e7\u00e3o da tese vencedora em formato de e-book. Rio de Janeiro, 18&nbsp;mar\u00e7o de 2024<\/p>\n","protected":false},"author":1,"featured_media":0,"comment_status":"open","ping_status":"open","sticky":false,"template":"","format":"standard","meta":{"footnotes":""},"categories":[3],"tags":[],"class_list":["post-2806","post","type-post","status-publish","format-standard","hentry","category-blog"],"_links":{"self":[{"href":"https:\/\/cienciapolitica.org.br\/web\/wp-json\/wp\/v2\/posts\/2806","targetHints":{"allow":["GET"]}}],"collection":[{"href":"https:\/\/cienciapolitica.org.br\/web\/wp-json\/wp\/v2\/posts"}],"about":[{"href":"https:\/\/cienciapolitica.org.br\/web\/wp-json\/wp\/v2\/types\/post"}],"author":[{"embeddable":true,"href":"https:\/\/cienciapolitica.org.br\/web\/wp-json\/wp\/v2\/users\/1"}],"replies":[{"embeddable":true,"href":"https:\/\/cienciapolitica.org.br\/web\/wp-json\/wp\/v2\/comments?post=2806"}],"version-history":[{"count":1,"href":"https:\/\/cienciapolitica.org.br\/web\/wp-json\/wp\/v2\/posts\/2806\/revisions"}],"predecessor-version":[{"id":2807,"href":"https:\/\/cienciapolitica.org.br\/web\/wp-json\/wp\/v2\/posts\/2806\/revisions\/2807"}],"wp:attachment":[{"href":"https:\/\/cienciapolitica.org.br\/web\/wp-json\/wp\/v2\/media?parent=2806"}],"wp:term":[{"taxonomy":"category","embeddable":true,"href":"https:\/\/cienciapolitica.org.br\/web\/wp-json\/wp\/v2\/categories?post=2806"},{"taxonomy":"post_tag","embeddable":true,"href":"https:\/\/cienciapolitica.org.br\/web\/wp-json\/wp\/v2\/tags?post=2806"}],"curies":[{"name":"wp","href":"https:\/\/api.w.org\/{rel}","templated":true}]}}