{"id":2823,"date":"2024-04-08T12:31:04","date_gmt":"2024-04-08T12:31:04","guid":{"rendered":"https:\/\/cienciapolitica.org.br\/web\/?p=2823"},"modified":"2024-06-05T17:29:42","modified_gmt":"2024-06-05T17:29:42","slug":"gt-sistemas-e-reformas-eleitorais-abcp","status":"publish","type":"post","link":"https:\/\/cienciapolitica.org.br\/web\/gt-sistemas-e-reformas-eleitorais-abcp\/","title":{"rendered":"GT Sistemas e Reformas Eleitorais &#8211; ABCP"},"content":{"rendered":"\n<p class=\"has-black-color has-text-color has-link-color has-medium-font-size wp-elements-039e8bdadffe9120d9113ca736c956e5\">A Presidenta da Associa\u00e7\u00e3o Brasileira de Ci\u00eancia Pol\u00edtica, no uso das atribui\u00e7\u00f5es que lhe conferem o Estatuto, visando \u00e0 promo\u00e7\u00e3o do debate sobre o tema \u201cSistemas e Reformas Eleitorais\u201d, nomeia para o Grupo de Trabalho, para atuar no per\u00edodo de 05\/04\/2024 a 31\/12\/2024.<\/p>\n\n\n\n<p class=\"has-black-color has-text-color has-link-color has-medium-font-size wp-elements-3331c22b94d2c7c493a34864a5692dda\">Membros do GT:<\/p>\n\n\n\n<p class=\"has-black-color has-text-color has-link-color has-medium-font-size wp-elements-cb403d73071a5544bce55dfb92be5244\">George Avelino Filho (FGV-SP)<\/p>\n\n\n\n<p class=\"has-black-color has-text-color has-link-color has-medium-font-size wp-elements-991923a1f18fa0e1c7ac5502293d77b7\">Lara Mesquita (FGV-SP)<\/p>\n\n\n\n<p class=\"has-black-color has-text-color has-link-color has-medium-font-size wp-elements-fc138faff00f3b448aef4f976a34e6b1\">Lucio Remuzat Renn\u00f3 Junior (UNB)<\/p>\n\n\n\n<p class=\"has-black-color has-text-color has-link-color has-medium-font-size wp-elements-b07f9dded5bb8082df7b9eee1b3b7731\">Silvana Krause (UFRGS)<\/p>\n\n\n\n<div data-wp-interactive=\"core\/file\" class=\"wp-block-file\"><object data-wp-bind--hidden=\"!state.hasPdfPreview\" hidden class=\"wp-block-file__embed\" data=\"https:\/\/cienciapolitica.org.br\/web\/wp-content\/uploads\/2024\/04\/Portaria-01-GT-Sistemas-e-Reformas-Eleitorais-1.pdf\" type=\"application\/pdf\" style=\"width:100%;height:600px\" aria-label=\"Incorporado de Portaria-01-GT-Sistemas-e-Reformas-Eleitorais-1.\"><\/object><a id=\"wp-block-file--media-5f5ab378-ad6c-4479-8a2f-15be521a2e5d\" href=\"https:\/\/cienciapolitica.org.br\/web\/wp-content\/uploads\/2024\/04\/Portaria-01-GT-Sistemas-e-Reformas-Eleitorais-1.pdf\">Portaria-01-GT-Sistemas-e-Reformas-Eleitorais-1<\/a><a href=\"https:\/\/cienciapolitica.org.br\/web\/wp-content\/uploads\/2024\/04\/Portaria-01-GT-Sistemas-e-Reformas-Eleitorais-1.pdf\" class=\"wp-block-file__button wp-element-button\" download aria-describedby=\"wp-block-file--media-5f5ab378-ad6c-4479-8a2f-15be521a2e5d\">Baixar<\/a><\/div>\n\n\n\n<p><br><\/p>\n","protected":false},"excerpt":{"rendered":"<p>A Presidenta da Associa\u00e7\u00e3o Brasileira de Ci\u00eancia Pol\u00edtica, no uso das atribui\u00e7\u00f5es que lhe conferem o Estatuto, visando \u00e0 promo\u00e7\u00e3o do debate sobre o tema \u201cSistemas e Reformas Eleitorais\u201d, nomeia para o Grupo de Trabalho, para atuar no per\u00edodo de 05\/04\/2024 a 31\/12\/2024. Membros do GT: George Avelino Filho (FGV-SP) Lara Mesquita (FGV-SP) Lucio Remuzat Renn\u00f3 Junior (UNB) Silvana Krause (UFRGS)<\/p>\n","protected":false},"author":1,"featured_media":0,"comment_status":"closed","ping_status":"closed","sticky":false,"template":"","format":"standard","meta":{"footnotes":""},"categories":[3],"tags":[],"class_list":["post-2823","post","type-post","status-publish","format-standard","hentry","category-blog"],"_links":{"self":[{"href":"https:\/\/cienciapolitica.org.br\/web\/wp-json\/wp\/v2\/posts\/2823","targetHints":{"allow":["GET"]}}],"collection":[{"href":"https:\/\/cienciapolitica.org.br\/web\/wp-json\/wp\/v2\/posts"}],"about":[{"href":"https:\/\/cienciapolitica.org.br\/web\/wp-json\/wp\/v2\/types\/post"}],"author":[{"embeddable":true,"href":"https:\/\/cienciapolitica.org.br\/web\/wp-json\/wp\/v2\/users\/1"}],"replies":[{"embeddable":true,"href":"https:\/\/cienciapolitica.org.br\/web\/wp-json\/wp\/v2\/comments?post=2823"}],"version-history":[{"count":4,"href":"https:\/\/cienciapolitica.org.br\/web\/wp-json\/wp\/v2\/posts\/2823\/revisions"}],"predecessor-version":[{"id":2829,"href":"https:\/\/cienciapolitica.org.br\/web\/wp-json\/wp\/v2\/posts\/2823\/revisions\/2829"}],"wp:attachment":[{"href":"https:\/\/cienciapolitica.org.br\/web\/wp-json\/wp\/v2\/media?parent=2823"}],"wp:term":[{"taxonomy":"category","embeddable":true,"href":"https:\/\/cienciapolitica.org.br\/web\/wp-json\/wp\/v2\/categories?post=2823"},{"taxonomy":"post_tag","embeddable":true,"href":"https:\/\/cienciapolitica.org.br\/web\/wp-json\/wp\/v2\/tags?post=2823"}],"curies":[{"name":"wp","href":"https:\/\/api.w.org\/{rel}","templated":true}]}}