{"id":2840,"date":"2024-05-22T14:21:38","date_gmt":"2024-05-22T14:21:38","guid":{"rendered":"https:\/\/cienciapolitica.org.br\/web\/?p=2840"},"modified":"2024-05-22T14:25:03","modified_gmt":"2024-05-22T14:25:03","slug":"writing-academy-inscricoes-abertas-para-doutorandos-em-ciencia-politica","status":"publish","type":"post","link":"https:\/\/cienciapolitica.org.br\/web\/writing-academy-inscricoes-abertas-para-doutorandos-em-ciencia-politica\/","title":{"rendered":"Writing Academy: Inscri\u00e7\u00f5es abertas para doutorandos em Ci\u00eancia Pol\u00edtica"},"content":{"rendered":"\n<p class=\"has-black-color has-text-color has-link-color has-medium-font-size wp-elements-fbecbb3bdfc30fdf375b6a3b0b823537\">\u00c9 com prazer que divulgamos a iniciativa &#8220;Writing Academy&#8221;, um programa de mentoria para promover a internacionaliza\u00e7\u00e3o da carreira de estudantes de doutorado matriculados em programas de p\u00f3s-gradua\u00e7\u00e3o em Ci\u00eancia Pol\u00edtica ou \u00e1reas afins (e.g., pol\u00edticas p\u00fablicas, administra\u00e7\u00e3o p\u00fablica) no Brasil e que desenvolvam pesquisas em uma das seguintes \u00e1reas:<\/p>\n\n\n\n<ul class=\"wp-block-list\">\n<li class=\"has-medium-font-size\">Comportamento pol\u00edtico e opini\u00e3o p\u00fablica;<\/li>\n\n\n\n<li class=\"has-medium-font-size\">Institui\u00e7\u00f5es pol\u00edticas;<\/li>\n\n\n\n<li class=\"has-medium-font-size\">Estado, pol\u00edticas p\u00fablicas e desigualdade;<\/li>\n\n\n\n<li class=\"has-medium-font-size\">Pol\u00edtica externa, meio ambiente e sustentabilidade;<\/li>\n\n\n\n<li class=\"has-medium-font-size\">Participa\u00e7\u00e3o, movimentos sociais e ativismos;<\/li>\n\n\n\n<li class=\"has-medium-font-size\">G\u00eanero, ra\u00e7a, etnicidade e representa\u00e7\u00e3o pol\u00edtica.<\/li>\n\n\n\n<li class=\"has-medium-font-size\"><\/li>\n<\/ul>\n\n\n\n<p class=\"has-black-color has-text-color has-link-color has-medium-font-size wp-elements-7b36874264b6462d8f8641f32f41d728\">Ser\u00e3o selecionados 16 doutorandos, vinculados a PGs de todo o pa\u00eds, que receber\u00e3o forma\u00e7\u00e3o e mentoria presenciais e online para a elabora\u00e7\u00e3o, desenvolvimento e finaliza\u00e7\u00e3o de um projeto acad\u00eamico. Durante as sess\u00f5es presenciais, os participantes ter\u00e3o a oportunidade de participar de uma s\u00e9rie de sess\u00f5es sobre internacionaliza\u00e7\u00e3o de carreira e escrita acad\u00eamica.<\/p>\n\n\n\n<p class=\"has-black-color has-text-color has-link-color has-medium-font-size wp-elements-0b7d1b62a2bff083bb1bc2fce66001ac\">Os participantes tamb\u00e9m ter\u00e3o a oportunidade de apresentar os seus projetos e receber feedback de um time composto por mentoras e mentores.<\/p>\n\n\n\n<p class=\"has-black-color has-text-color has-link-color has-medium-font-size wp-elements-536fc2f79b48e1ffa3fc845d599db13c\">Mais informa\u00e7\u00f5es sobre o Programa de Mentoria est\u00e3o dispon\u00edveis em<\/p>\n\n\n\n<p class=\"has-black-color has-text-color has-link-color has-medium-font-size wp-elements-6485923986dbf95eb73e6dc297d8a043\"><a href=\"https:\/\/sites.google.com\/view\/writing-academy\/in\u00edcio\">https:\/\/sites.google.com\/view\/writing-academy\/in\u00edcio<\/a><\/p>\n\n\n\n<p class=\"has-black-color has-text-color has-link-color has-medium-font-size wp-elements-6a3f0f260571c438435e5c884f4ab38e\">Este programa \u00e9 organizado por Victor Ara\u00fajo (University of Reading) e Malu A. C. Gatto (University College London), com colabora\u00e7\u00e3o de Magna In\u00e1cio (PPGCP &#8211; Universidade Federal de Minas Gerais) e financiamento da British Academy (IWW23100338).<\/p>\n\n\n\n<figure class=\"wp-block-image size-large is-resized\"><img fetchpriority=\"high\" decoding=\"async\" width=\"1024\" height=\"1024\" src=\"https:\/\/cienciapolitica.org.br\/web\/wp-content\/uploads\/2024\/05\/unnamed-1024x1024.jpg\" alt=\"\" class=\"wp-image-2841\" style=\"width:423px;height:auto\" srcset=\"https:\/\/cienciapolitica.org.br\/web\/wp-content\/uploads\/2024\/05\/unnamed-1024x1024.jpg 1024w, https:\/\/cienciapolitica.org.br\/web\/wp-content\/uploads\/2024\/05\/unnamed-300x300.jpg 300w, https:\/\/cienciapolitica.org.br\/web\/wp-content\/uploads\/2024\/05\/unnamed-150x150.jpg 150w, https:\/\/cienciapolitica.org.br\/web\/wp-content\/uploads\/2024\/05\/unnamed-768x768.jpg 768w, https:\/\/cienciapolitica.org.br\/web\/wp-content\/uploads\/2024\/05\/unnamed.jpg 1080w\" sizes=\"(max-width: 1024px) 100vw, 1024px\" \/><\/figure>\n","protected":false},"excerpt":{"rendered":"<p>Inscri\u00e7\u00f5es abertas para o programa de mentoria para doutorandos Writing Academy!<\/p>\n","protected":false},"author":1,"featured_media":2841,"comment_status":"closed","ping_status":"closed","sticky":false,"template":"","format":"standard","meta":{"footnotes":""},"categories":[3],"tags":[50,184],"class_list":["post-2840","post","type-post","status-publish","format-standard","has-post-thumbnail","hentry","category-blog","tag-ciencia-politica","tag-textos-academicos"],"_links":{"self":[{"href":"https:\/\/cienciapolitica.org.br\/web\/wp-json\/wp\/v2\/posts\/2840","targetHints":{"allow":["GET"]}}],"collection":[{"href":"https:\/\/cienciapolitica.org.br\/web\/wp-json\/wp\/v2\/posts"}],"about":[{"href":"https:\/\/cienciapolitica.org.br\/web\/wp-json\/wp\/v2\/types\/post"}],"author":[{"embeddable":true,"href":"https:\/\/cienciapolitica.org.br\/web\/wp-json\/wp\/v2\/users\/1"}],"replies":[{"embeddable":true,"href":"https:\/\/cienciapolitica.org.br\/web\/wp-json\/wp\/v2\/comments?post=2840"}],"version-history":[{"count":3,"href":"https:\/\/cienciapolitica.org.br\/web\/wp-json\/wp\/v2\/posts\/2840\/revisions"}],"predecessor-version":[{"id":2847,"href":"https:\/\/cienciapolitica.org.br\/web\/wp-json\/wp\/v2\/posts\/2840\/revisions\/2847"}],"wp:featuredmedia":[{"embeddable":true,"href":"https:\/\/cienciapolitica.org.br\/web\/wp-json\/wp\/v2\/media\/2841"}],"wp:attachment":[{"href":"https:\/\/cienciapolitica.org.br\/web\/wp-json\/wp\/v2\/media?parent=2840"}],"wp:term":[{"taxonomy":"category","embeddable":true,"href":"https:\/\/cienciapolitica.org.br\/web\/wp-json\/wp\/v2\/categories?post=2840"},{"taxonomy":"post_tag","embeddable":true,"href":"https:\/\/cienciapolitica.org.br\/web\/wp-json\/wp\/v2\/tags?post=2840"}],"curies":[{"name":"wp","href":"https:\/\/api.w.org\/{rel}","templated":true}]}}