{"id":2849,"date":"2024-05-29T16:47:20","date_gmt":"2024-05-29T16:47:20","guid":{"rendered":"https:\/\/cienciapolitica.org.br\/web\/?p=2849"},"modified":"2024-07-10T18:37:13","modified_gmt":"2024-07-10T18:37:13","slug":"edital-de-convocacao-de-eleicoes-diretoria-nacional-e-conselho-fiscal-2024-2026","status":"publish","type":"post","link":"https:\/\/cienciapolitica.org.br\/web\/edital-de-convocacao-de-eleicoes-diretoria-nacional-e-conselho-fiscal-2024-2026\/","title":{"rendered":"Edital de Convoca\u00e7\u00e3o de Elei\u00e7\u00f5es Diretoria Nacional e Conselho Fiscal 2024-2026"},"content":{"rendered":"\n<p class=\"has-black-color has-white-background-color has-text-color has-background has-link-color has-medium-font-size wp-elements-5af2494677a579d4d6bbb1fe80b1ec57\">COMISS\u00c3O ELEITORAL 2024<\/p>\n\n\n\n<p class=\"has-black-color has-white-background-color has-text-color has-background has-link-color has-medium-font-size wp-elements-1674dd526c451a3dfb36dc4778bb7239\">Edital de Convoca\u00e7\u00e3o de Elei\u00e7\u00f5es Diretoria Nacional e Conselho Fiscal 2024-2026<\/p>\n\n\n\n<p class=\"has-black-color has-white-background-color has-text-color has-background has-link-color has-medium-font-size wp-elements-76c0a4273286196aa5240f3a1dae1443\">Edital n. 01\/2024<\/p>\n\n\n\n<p class=\"has-black-color has-white-background-color has-text-color has-background has-link-color has-medium-font-size wp-elements-43a817734d60379fe9f0b86cfc964e85\">A Associa\u00e7\u00e3o Brasileira de Ci\u00eancia Pol\u00edtica &#8211; ABCP, atrav\u00e9s da Comiss\u00e3o Eleitoral constitu\u00edda nos termos do art. 38 de seu Estatuto, vem convocar todos os\/as associados\/as para participa\u00e7\u00e3o no processo de elei\u00e7\u00e3o para Diretoria Nacional e Conselho Fiscal, Gest\u00e3o 2024-2026, a realizar-se em conson\u00e2ncia com as seguintes regras e diretrizes.<\/p>\n\n\n\n<p class=\"has-black-color has-white-background-color has-text-color has-background has-link-color has-medium-font-size wp-elements-f47938c0d653b41f5ffa7e94e5c8a396\">Art. 1\u00ba &#8211; Conforme previsto no art. 36 do Estatuto est\u00e3o aptos a votar os\/as s\u00f3cios\/as efetivos\/as, com suas anuidades em dia e tempo m\u00ednimo de filia\u00e7\u00e3o de, pelo menos, seis meses completos, at\u00e9 31 de julho de 2024.<\/p>\n\n\n\n<p class=\"has-black-color has-white-background-color has-text-color has-background has-link-color has-medium-font-size wp-elements-1b8ce59b4fd7f04b9db014e00881491a\">Par\u00e1grafo \u00danico \u2013 A secretaria ir\u00e1 extrair lista dos associados aptos a votar, que ficar\u00e1 de posse da Comiss\u00e3o Eleitoral para fins de homologa\u00e7\u00e3o do resultado.<\/p>\n\n\n\n<p class=\"has-black-color has-white-background-color has-text-color has-background has-link-color has-medium-font-size wp-elements-a6eed460187f2b698649a785773a10fe\">Art. 2\u00ba &#8211; Conforme previsto no art. 37 do Estatuto podem candidatar-se os s\u00f3cios\/as efetivos\/as, e titula\u00e7\u00e3o de doutorado, com anuidade em dia e pelo menos dezoito meses completos de filia\u00e7\u00e3o, na data da inscri\u00e7\u00e3o das chapas.<\/p>\n\n\n\n<p class=\"has-black-color has-white-background-color has-text-color has-background has-link-color has-medium-font-size wp-elements-546875c88695b3a4a1ee59a2373cbf9a\">Art. 3 \u00ba &#8211; A disputa eleitoral ser\u00e1 realizada apenas por meio de chapas compostas pelo n\u00famero de membros correspondente ao n\u00famero cargos em disputa, conforme disp\u00f5em os artigos 17 (Diretoria Nacional) e 28 (Conselho Fiscal) do Estatuto, mais 02 suplentes, nos termos do par\u00e1grafo 2\u00ba, artigo 17.<\/p>\n\n\n\n<p class=\"has-black-color has-white-background-color has-text-color has-background has-link-color has-medium-font-size wp-elements-90ebe97630ee1266f88965e2add5842f\">\u00a71\u00ba &#8211; A Diretoria Nacional deve ter pelo menos 4 (quatro) cargos ocupados por mulheres e, desses, ao menos um ser o da Presid\u00eancia ou da Secretaria Executiva ou Adjunta.<\/p>\n\n\n\n<p class=\"has-black-color has-white-background-color has-text-color has-background has-link-color has-medium-font-size wp-elements-b655b2daded37ab26bd5a8df356b178d\">\u00a72\u00ba &#8211; Todas as vezes em que a Presid\u00eancia da ABCP for ocupada por um homem, dever\u00e1 ser sucedida por uma mulher, exceto em casos de reelei\u00e7\u00e3o, o que s\u00f3 poder\u00e1 ocorrer uma vez consecutiva.<\/p>\n\n\n\n<p class=\"has-black-color has-white-background-color has-text-color has-background has-link-color has-medium-font-size wp-elements-3ed2aae754e51e70317621349a300c58\">\u00a73\u00ba &#8211; O Conselho Fiscal deve ter pelo menos um cargo ocupado por uma mulher e seus membros s\u00e3o reeleg\u00edveis apenas 1 (uma) vez consecutiva.<\/p>\n\n\n\n<p class=\"has-black-color has-white-background-color has-text-color has-background has-link-color has-medium-font-size wp-elements-b8f1d6a91c63f2142697a7332d4d9b9a\">\u00a74\u00ba &#8211; Incentiva-se fortemente, na composi\u00e7\u00e3o das chapas, a mobiliza\u00e7\u00e3o de crit\u00e9rios de diversidade racial e regional na aloca\u00e7\u00e3o dos cargos da Diretoria Nacional e do Conselho Fiscal.<\/p>\n\n\n\n<p class=\"has-black-color has-white-background-color has-text-color has-background has-link-color has-medium-font-size wp-elements-b0eb99a35304a85a0caa3f6b8bd44b54\">\u00a75\u00ba &#8211; A\/Os Diretores da Nacional est\u00e3o limitados a 3 (tr\u00eas) mandatos consecutivos, podendo ser reconduzidos para o mesmo cargo 1 (uma) \u00fanica vez.<\/p>\n\n\n\n<p class=\"has-black-color has-white-background-color has-text-color has-background has-link-color has-medium-font-size wp-elements-ca4cd7fd7e798bd4c3d98aa28220d1e4\">\u00a7 6\u00b0 &#8211; Presidente e Secret\u00e1ria\/o Executiva\/o poder\u00e3o ser reeleitas\/os 1 (uma) \u00fanica vez para os mesmos cargos, n\u00e3o podendo exceder 4 (quatro) mandatos consecutivos, incluindo cumulativamente cargos de diretoria<\/p>\n\n\n\n<p class=\"has-black-color has-white-background-color has-text-color has-background has-link-color has-medium-font-size wp-elements-d233904a91265f4e49eaf935ff5213c2\">Art. 4\u00ba &#8211; A inscri\u00e7\u00e3o das chapas dever\u00e1 ser realizada, exclusivamente, atrav\u00e9s do endere\u00e7o eletr\u00f4nico <a href=\"mailto:abcp@cienciapolitica.org.br\">abcp@cienciapolitica.org.br<\/a> em formul\u00e1rio pr\u00f3prio, Anexo I, em que conste obrigatoriamente a assinatura de cada candidato\/a, no per\u00edodo de 10 de junho a 10 de julho de 2024.<\/p>\n\n\n\n<p class=\"has-black-color has-white-background-color has-text-color has-background has-link-color has-medium-font-size wp-elements-114ddaf81d16af0d9d336e1ebeec52ff\">\u00a71\u00ba &#8211; A homologa\u00e7\u00e3o das chapas ser\u00e1 realizada pela Comiss\u00e3o Eleitoral, nos termos do Estatuto da ABCP, com divulga\u00e7\u00e3o prevista para o dia 11 de julho 2024.<\/p>\n\n\n\n<p class=\"has-black-color has-white-background-color has-text-color has-background has-link-color has-medium-font-size wp-elements-ae3cae3f82c6ec49a2250cdcf4e23928\">\u00a72\u00ba &#8211; Cabe recurso da decis\u00e3o de homologa\u00e7\u00e3o das chapas at\u00e9 o dia 15 de julho de 2024, mediante apresenta\u00e7\u00e3o de raz\u00f5es, por s\u00f3cio efetivo, devidamente qualificado\/a, adimplente, endere\u00e7ado \u00e0 Comiss\u00e3o Eleitoral, por meio do e-mail <a href=\"mailto:abcp@cienciapol\u00edtica.org.br\">abcp@cienciapol\u00edtica.org.br<\/a><\/p>\n\n\n\n<p class=\"has-black-color has-white-background-color has-text-color has-background has-link-color has-medium-font-size wp-elements-12a6e64cb801e0e847e58ba2e30f438d\">\u00a73\u00ba &#8211; A decis\u00e3o da Comiss\u00e3o Eleitoral sobre eventual recurso ser\u00e1 divulgada at\u00e9 o dia 16 de julho de 2024.<\/p>\n\n\n\n<p class=\"has-black-color has-white-background-color has-text-color has-background has-link-color has-medium-font-size wp-elements-bd9c298498219ce3fd80e6fede0b103b\">Art. 5\u00ba &#8211; O per\u00edodo de campanha eleitoral se estende do dia 17 ao dia 31 de julho de 2024.<\/p>\n\n\n\n<p class=\"has-black-color has-white-background-color has-text-color has-background has-link-color has-medium-font-size wp-elements-e450d871af55fc52fdcecb0cae0825c2\">Art. 6\u00ba &#8211; A vota\u00e7\u00e3o ser\u00e1 realizada de modo remoto (on-line), na p\u00e1gina da ABCP nacional (<a href=\"http:\/\/www.cienciapol\u00edtica.org.br\">www.cienciapol\u00edtica.org.br<\/a>) de 9h do dia 02 de agosto at\u00e9 \u00e0s 17h do dia 07 de agosto de 2024.<\/p>\n\n\n\n<p class=\"has-black-color has-white-background-color has-text-color has-background has-link-color has-medium-font-size wp-elements-22894b35f4ea2d734122bca3daaac211\">Art. 7\u00ba &#8211; A chapa que receber o maior n\u00famero de votos ser\u00e1 eleita.<\/p>\n\n\n\n<p class=\"has-black-color has-white-background-color has-text-color has-background has-link-color has-medium-font-size wp-elements-d7847662398b0b5b182f6fd788352382\">Par\u00e1grafo \u00danico &#8211; Em caso de empate ser\u00e1 adotado como crit\u00e9rio de desempate a maior soma das idades dos membros das chapas.<\/p>\n\n\n\n<p class=\"has-black-color has-white-background-color has-text-color has-background has-link-color has-medium-font-size wp-elements-b6273f9b64849cb5cbb72f42c45469ea\">Art. 8\u00ba &#8211; A Comiss\u00e3o Eleitoral fica respons\u00e1vel por dirimir d\u00favidas e receber eventuais recursos relativos ao processo eleitoral que dever\u00e3o ser encaminhados para o endere\u00e7o eletr\u00f4nico da ABCP (abcp@cienciapolitica.org.br)<\/p>\n\n\n\n<p class=\"has-black-color has-white-background-color has-text-color has-background has-link-color has-medium-font-size wp-elements-3bf3e71a0c9021e86d9b4f8b5a63611c\">Art. 9\u00ba &#8211; A Comiss\u00e3o Eleitoral homologar\u00e1 o resultado das elei\u00e7\u00f5es em Assembleia Geral Ordin\u00e1ria, conforme determina\u00e7\u00e3o estatut\u00e1ria, dando posse \u00e0 chapa vencedora, ao lado da atual Diretoria Nacional da Associa\u00e7\u00e3o de Ci\u00eancia Pol\u00edtica \u2013 ABCP.<\/p>\n\n\n\n<p class=\"has-black-color has-white-background-color has-text-color has-background has-link-color has-medium-font-size wp-elements-ffb5793a7b664a7ede5496111135d5e8\">Par\u00e1grafo \u00danico \u2013 A Comiss\u00e3o Eleitoral se desfaz automaticamente findo o processo eleitoral.<\/p>\n\n\n\n<p class=\"has-black-color has-white-background-color has-text-color has-background has-link-color has-medium-font-size wp-elements-deceb3986569767f37fe8b4ca54571e0\">Rio de Janeiro,&nbsp;29 de maio de 2024.<\/p>\n\n\n\n<p class=\"has-text-align-center has-black-color has-white-background-color has-text-color has-background has-link-color has-medium-font-size wp-elements-c9650dc6a49a84091d9365c9b1f097ec\">Comiss\u00e3o Eleitoral 2024<\/p>\n\n\n\n<p class=\"has-text-align-center has-black-color has-white-background-color has-text-color has-background has-link-color has-medium-font-size wp-elements-e6ae66ba18e6887fd118abaa5d0064af\">Rayza Sarmento (UFPA) <br><em>Presidenta<\/em><br>Vitor Sandes (UFPI)<br>Klaus Frey (UFABC)<\/p>\n\n\n\n<p class=\"has-text-align-left has-black-color has-white-background-color has-text-color has-background has-link-color has-medium-font-size wp-elements-6f68ed95a851a134241deb63ac1e5d68\">Ficha de inscri\u00e7\u00e3o<\/p>\n\n\n\n<div class=\"wp-block-file\"><a id=\"wp-block-file--media-0fcb59b0-fe42-418c-80eb-2d919bc1a6f9\" href=\"https:\/\/cienciapolitica.org.br\/web\/wp-content\/uploads\/2024\/05\/Anexo-1-Ficha-de-inscricao-1.docx\">Anexo-1-Ficha-de-inscricao-1<\/a><a href=\"https:\/\/cienciapolitica.org.br\/web\/wp-content\/uploads\/2024\/05\/Anexo-1-Ficha-de-inscricao-1.docx\" class=\"wp-block-file__button wp-element-button\" download aria-describedby=\"wp-block-file--media-0fcb59b0-fe42-418c-80eb-2d919bc1a6f9\">Baixar<\/a><\/div>\n\n\n\n<div data-wp-interactive=\"core\/file\" class=\"wp-block-file\"><object data-wp-bind--hidden=\"!state.hasPdfPreview\" hidden class=\"wp-block-file__embed\" data=\"https:\/\/cienciapolitica.org.br\/web\/wp-content\/uploads\/2024\/07\/Edital-Eleicao-Nacional-2024.pdf\" type=\"application\/pdf\" style=\"width:100%;height:600px\" aria-label=\"Incorporado de Edital-Eleicao-Nacional-2024.\"><\/object><a id=\"wp-block-file--media-e75a0d5b-d838-4e0a-89c2-4fd1f95e72c4\" href=\"https:\/\/cienciapolitica.org.br\/web\/wp-content\/uploads\/2024\/07\/Edital-Eleicao-Nacional-2024.pdf\">Edital-Eleicao-Nacional-2024<\/a><a href=\"https:\/\/cienciapolitica.org.br\/web\/wp-content\/uploads\/2024\/07\/Edital-Eleicao-Nacional-2024.pdf\" class=\"wp-block-file__button wp-element-button\" download aria-describedby=\"wp-block-file--media-e75a0d5b-d838-4e0a-89c2-4fd1f95e72c4\">Baixar<\/a><\/div>\n","protected":false},"excerpt":{"rendered":"<p>COMISS\u00c3O ELEITORAL 2024 Edital de Convoca\u00e7\u00e3o de Elei\u00e7\u00f5es Diretoria Nacional e Conselho Fiscal 2024-2026 Edital n. 01\/2024 A Associa\u00e7\u00e3o Brasileira de Ci\u00eancia Pol\u00edtica &#8211; ABCP, atrav\u00e9s da Comiss\u00e3o Eleitoral constitu\u00edda nos termos do art. 38 de seu Estatuto, vem convocar todos os\/as associados\/as para participa\u00e7\u00e3o no processo de elei\u00e7\u00e3o para Diretoria Nacional e Conselho Fiscal, Gest\u00e3o 2024-2026, a realizar-se em conson\u00e2ncia com as seguintes regras e diretrizes. Art. 1\u00ba &#8211; Conforme previsto no art. 36 do Estatuto est\u00e3o aptos a votar os\/as s\u00f3cios\/as efetivos\/as, com suas anuidades em dia e tempo m\u00ednimo de filia\u00e7\u00e3o de, pelo menos, seis meses completos, at\u00e9 31 de julho de 2024. Par\u00e1grafo \u00danico \u2013 A secretaria ir\u00e1 extrair lista dos associados aptos a votar, que ficar\u00e1 de posse da Comiss\u00e3o Eleitoral para fins de homologa\u00e7\u00e3o do resultado. Art. 2\u00ba &#8211; Conforme previsto no art. 37 do Estatuto podem candidatar-se os s\u00f3cios\/as efetivos\/as, e titula\u00e7\u00e3o de doutorado, com anuidade em dia e pelo menos dezoito meses completos de filia\u00e7\u00e3o, na data da inscri\u00e7\u00e3o das chapas. Art. 3 \u00ba &#8211; A disputa eleitoral ser\u00e1 realizada apenas por meio de chapas compostas pelo n\u00famero de membros correspondente ao n\u00famero cargos em disputa, conforme disp\u00f5em os artigos 17 (Diretoria Nacional) e 28 (Conselho Fiscal) do Estatuto, mais 02 suplentes, nos termos do par\u00e1grafo 2\u00ba, artigo 17. \u00a71\u00ba &#8211; A Diretoria Nacional deve ter pelo menos 4 (quatro) cargos ocupados por mulheres e, desses, ao menos um ser o da Presid\u00eancia ou da Secretaria Executiva ou Adjunta. \u00a72\u00ba &#8211; Todas as vezes em que a Presid\u00eancia da ABCP for ocupada por um homem, dever\u00e1 ser sucedida por uma mulher, exceto em casos de reelei\u00e7\u00e3o, o que s\u00f3 poder\u00e1 ocorrer uma vez consecutiva. \u00a73\u00ba &#8211; O Conselho Fiscal deve ter pelo menos um cargo ocupado por uma mulher e seus membros s\u00e3o reeleg\u00edveis apenas 1 (uma) vez consecutiva. \u00a74\u00ba &#8211; Incentiva-se fortemente, na composi\u00e7\u00e3o das chapas, a mobiliza\u00e7\u00e3o de crit\u00e9rios de diversidade racial e regional na aloca\u00e7\u00e3o dos cargos da Diretoria Nacional e do Conselho Fiscal. \u00a75\u00ba &#8211; A\/Os Diretores da Nacional est\u00e3o limitados a 3 (tr\u00eas) mandatos consecutivos, podendo ser reconduzidos para o mesmo cargo 1 (uma) \u00fanica vez. \u00a7 6\u00b0 &#8211; Presidente e Secret\u00e1ria\/o Executiva\/o poder\u00e3o ser reeleitas\/os 1 (uma) \u00fanica vez para os mesmos cargos, n\u00e3o podendo exceder 4 (quatro) mandatos consecutivos, incluindo cumulativamente cargos de diretoria Art. 4\u00ba &#8211; A inscri\u00e7\u00e3o das chapas dever\u00e1 ser realizada, exclusivamente, atrav\u00e9s do endere\u00e7o eletr\u00f4nico abcp@cienciapolitica.org.br em formul\u00e1rio pr\u00f3prio, Anexo I, em que conste obrigatoriamente a assinatura de cada candidato\/a, no per\u00edodo de 10 de junho a 10 de julho de 2024. \u00a71\u00ba &#8211; A homologa\u00e7\u00e3o das chapas ser\u00e1 realizada pela Comiss\u00e3o Eleitoral, nos termos do Estatuto da ABCP, com divulga\u00e7\u00e3o prevista para o dia 11 de julho 2024. \u00a72\u00ba &#8211; Cabe recurso da decis\u00e3o de homologa\u00e7\u00e3o das chapas at\u00e9 o dia 15 de julho de 2024, mediante apresenta\u00e7\u00e3o de raz\u00f5es, por s\u00f3cio efetivo, devidamente qualificado\/a, adimplente, endere\u00e7ado \u00e0 Comiss\u00e3o Eleitoral, por meio do e-mail abcp@cienciapol\u00edtica.org.br \u00a73\u00ba &#8211; A decis\u00e3o da Comiss\u00e3o Eleitoral sobre eventual recurso ser\u00e1 divulgada at\u00e9 o dia 16 de julho de 2024. Art. 5\u00ba &#8211; O per\u00edodo de campanha eleitoral se estende do dia 17 ao dia 31 de julho de 2024. Art. 6\u00ba &#8211; A vota\u00e7\u00e3o ser\u00e1 realizada de modo remoto (on-line), na p\u00e1gina da ABCP nacional (www.cienciapol\u00edtica.org.br) de 9h do dia 02 de agosto at\u00e9 \u00e0s 17h do dia 07 de agosto de 2024. Art. 7\u00ba &#8211; A chapa que receber o maior n\u00famero de votos ser\u00e1 eleita. Par\u00e1grafo \u00danico &#8211; Em caso de empate ser\u00e1 adotado como crit\u00e9rio de desempate a maior soma das idades dos membros das chapas. Art. 8\u00ba &#8211; A Comiss\u00e3o Eleitoral fica respons\u00e1vel por dirimir d\u00favidas e receber eventuais recursos relativos ao processo eleitoral que dever\u00e3o ser encaminhados para o endere\u00e7o eletr\u00f4nico da ABCP (abcp@cienciapolitica.org.br) Art. 9\u00ba &#8211; A Comiss\u00e3o Eleitoral homologar\u00e1 o resultado das elei\u00e7\u00f5es em Assembleia Geral Ordin\u00e1ria, conforme determina\u00e7\u00e3o estatut\u00e1ria, dando posse \u00e0 chapa vencedora, ao lado da atual Diretoria Nacional da Associa\u00e7\u00e3o de Ci\u00eancia Pol\u00edtica \u2013 ABCP. Par\u00e1grafo \u00danico \u2013 A Comiss\u00e3o Eleitoral se desfaz automaticamente findo o processo eleitoral. Rio de Janeiro,&nbsp;29 de maio de 2024. Comiss\u00e3o Eleitoral 2024 Rayza Sarmento (UFPA) PresidentaVitor Sandes (UFPI)Klaus Frey (UFABC) Ficha de inscri\u00e7\u00e3o<\/p>\n","protected":false},"author":1,"featured_media":0,"comment_status":"closed","ping_status":"closed","sticky":false,"template":"","format":"standard","meta":{"footnotes":""},"categories":[3],"tags":[],"class_list":["post-2849","post","type-post","status-publish","format-standard","hentry","category-blog"],"_links":{"self":[{"href":"https:\/\/cienciapolitica.org.br\/web\/wp-json\/wp\/v2\/posts\/2849","targetHints":{"allow":["GET"]}}],"collection":[{"href":"https:\/\/cienciapolitica.org.br\/web\/wp-json\/wp\/v2\/posts"}],"about":[{"href":"https:\/\/cienciapolitica.org.br\/web\/wp-json\/wp\/v2\/types\/post"}],"author":[{"embeddable":true,"href":"https:\/\/cienciapolitica.org.br\/web\/wp-json\/wp\/v2\/users\/1"}],"replies":[{"embeddable":true,"href":"https:\/\/cienciapolitica.org.br\/web\/wp-json\/wp\/v2\/comments?post=2849"}],"version-history":[{"count":5,"href":"https:\/\/cienciapolitica.org.br\/web\/wp-json\/wp\/v2\/posts\/2849\/revisions"}],"predecessor-version":[{"id":2920,"href":"https:\/\/cienciapolitica.org.br\/web\/wp-json\/wp\/v2\/posts\/2849\/revisions\/2920"}],"wp:attachment":[{"href":"https:\/\/cienciapolitica.org.br\/web\/wp-json\/wp\/v2\/media?parent=2849"}],"wp:term":[{"taxonomy":"category","embeddable":true,"href":"https:\/\/cienciapolitica.org.br\/web\/wp-json\/wp\/v2\/categories?post=2849"},{"taxonomy":"post_tag","embeddable":true,"href":"https:\/\/cienciapolitica.org.br\/web\/wp-json\/wp\/v2\/tags?post=2849"}],"curies":[{"name":"wp","href":"https:\/\/api.w.org\/{rel}","templated":true}]}}