{"id":2862,"date":"2024-06-05T17:28:02","date_gmt":"2024-06-05T17:28:02","guid":{"rendered":"https:\/\/cienciapolitica.org.br\/web\/?p=2862"},"modified":"2024-06-05T17:29:06","modified_gmt":"2024-06-05T17:29:06","slug":"dinamicas-de-erosion-democratica-los-ataques-al-poder-judicial-en-mexico","status":"publish","type":"post","link":"https:\/\/cienciapolitica.org.br\/web\/dinamicas-de-erosion-democratica-los-ataques-al-poder-judicial-en-mexico\/","title":{"rendered":"Din\u00e1micas de erosi\u00f3n democr\u00e1tica: los ataques al poder judicial en M\u00e9xico"},"content":{"rendered":"\n<p>Caras e Caros Colegas:<\/p>\n\n\n\n<p>Convidamos a todas e todos para o semin\u00e1rio com\u00a0<strong>Azul A. Aguiar-Aguilar \u00a0<\/strong>(ITESO, Universidad Jesuita de Guadalajara) sob o t\u00edtulo &#8220;<strong>Din\u00e1micas de erosi\u00f3n democr\u00e1tica: los ataques al poder judicial en M\u00e9xico<\/strong>&#8220;, no dia 06 de junho de 2024, \u00e0s 17h30.<\/p>\n\n\n\n<p>O semin\u00e1rio ser\u00e1 virtual, pelo Zoom:<\/p>\n\n\n\n<figure class=\"wp-block-embed\"><div class=\"wp-block-embed__wrapper\">\nhttps:\/\/us02web.zoom.us\/j\/82088456211\n<\/div><\/figure>\n\n\n\n<p>A media\u00e7\u00e3o ficar\u00e1 a cargo de&nbsp;<strong>Rog\u00e9rio Arantes<\/strong>&nbsp;(DCP-USP)<\/p>\n\n\n\n<p>Sobre a conferencista:<\/p>\n\n\n\n<p><strong>Azul A. Aguiar-Aguilar<\/strong><br>Azul A. Aguiar-Aguilar is Professor of political science in the Department of Sociopolitical and Legal Studies at ITESO, the Jesuit University of Guadalajara. She holds a Ph.D. in Political Science from the University of Florence. She teaches courses of political science, judicial politics and comparative methodology in undergraduate and graduate programs at ITESO and the University of Guadalajara. Her research interests include comparative judicial politics, democratization processes and political science methodology. She is editor of the volume Government and Judicial Politics in Mexico (in Spanish). Fontamara-IIJ-UNAM-TEPJF (2019), several articles in peer review journals and book chapters on studies of Courts, reforms to the Public Prosecutor\u2019s Office, Public Defenders and the Police. She has been an active member of the Mexican Political Science Association (AMECIP) since 2012 and currently performs the role of secretary of AMECIP National Board Council and coordinates the section of \u201cJudicial Power, Judicialization of Politics and Transitional Justice\u201d of the Association. She has been distinguished as a member of the National Researchers System (SNI, CONACyT) in Mexico.<\/p>\n\n\n\n<figure class=\"wp-block-image size-large is-resized\"><img fetchpriority=\"high\" decoding=\"async\" width=\"1024\" height=\"1024\" src=\"https:\/\/cienciapolitica.org.br\/web\/wp-content\/uploads\/2024\/06\/10-Azul-Aguilar-1-1024x1024.png\" alt=\"\" class=\"wp-image-2863\" style=\"width:325px;height:auto\" srcset=\"https:\/\/cienciapolitica.org.br\/web\/wp-content\/uploads\/2024\/06\/10-Azul-Aguilar-1-1024x1024.png 1024w, https:\/\/cienciapolitica.org.br\/web\/wp-content\/uploads\/2024\/06\/10-Azul-Aguilar-1-300x300.png 300w, https:\/\/cienciapolitica.org.br\/web\/wp-content\/uploads\/2024\/06\/10-Azul-Aguilar-1-150x150.png 150w, https:\/\/cienciapolitica.org.br\/web\/wp-content\/uploads\/2024\/06\/10-Azul-Aguilar-1-768x768.png 768w, https:\/\/cienciapolitica.org.br\/web\/wp-content\/uploads\/2024\/06\/10-Azul-Aguilar-1-1536x1536.png 1536w, https:\/\/cienciapolitica.org.br\/web\/wp-content\/uploads\/2024\/06\/10-Azul-Aguilar-1-2048x2048.png 2048w\" sizes=\"(max-width: 1024px) 100vw, 1024px\" \/><\/figure>\n","protected":false},"excerpt":{"rendered":"<p>Semin\u00e1rio DCP\/USP: Din\u00e1micas de erosi\u00f3n democr\u00e1tica: los ataques al poder judicial en M\u00e9xico<\/p>\n","protected":false},"author":1,"featured_media":2863,"comment_status":"closed","ping_status":"closed","sticky":false,"template":"","format":"standard","meta":{"footnotes":""},"categories":[3],"tags":[179,204],"class_list":["post-2862","post","type-post","status-publish","format-standard","has-post-thumbnail","hentry","category-blog","tag-seminario","tag-usp"],"_links":{"self":[{"href":"https:\/\/cienciapolitica.org.br\/web\/wp-json\/wp\/v2\/posts\/2862","targetHints":{"allow":["GET"]}}],"collection":[{"href":"https:\/\/cienciapolitica.org.br\/web\/wp-json\/wp\/v2\/posts"}],"about":[{"href":"https:\/\/cienciapolitica.org.br\/web\/wp-json\/wp\/v2\/types\/post"}],"author":[{"embeddable":true,"href":"https:\/\/cienciapolitica.org.br\/web\/wp-json\/wp\/v2\/users\/1"}],"replies":[{"embeddable":true,"href":"https:\/\/cienciapolitica.org.br\/web\/wp-json\/wp\/v2\/comments?post=2862"}],"version-history":[{"count":2,"href":"https:\/\/cienciapolitica.org.br\/web\/wp-json\/wp\/v2\/posts\/2862\/revisions"}],"predecessor-version":[{"id":2865,"href":"https:\/\/cienciapolitica.org.br\/web\/wp-json\/wp\/v2\/posts\/2862\/revisions\/2865"}],"wp:featuredmedia":[{"embeddable":true,"href":"https:\/\/cienciapolitica.org.br\/web\/wp-json\/wp\/v2\/media\/2863"}],"wp:attachment":[{"href":"https:\/\/cienciapolitica.org.br\/web\/wp-json\/wp\/v2\/media?parent=2862"}],"wp:term":[{"taxonomy":"category","embeddable":true,"href":"https:\/\/cienciapolitica.org.br\/web\/wp-json\/wp\/v2\/categories?post=2862"},{"taxonomy":"post_tag","embeddable":true,"href":"https:\/\/cienciapolitica.org.br\/web\/wp-json\/wp\/v2\/tags?post=2862"}],"curies":[{"name":"wp","href":"https:\/\/api.w.org\/{rel}","templated":true}]}}