{"id":2867,"date":"2024-06-05T17:32:33","date_gmt":"2024-06-05T17:32:33","guid":{"rendered":"https:\/\/cienciapolitica.org.br\/web\/?p=2867"},"modified":"2024-06-05T17:32:42","modified_gmt":"2024-06-05T17:32:42","slug":"regional-nordeste-abcp-promove-a-mesa-redonda-mercado-de-trabalho-em-ciencias-sociais","status":"publish","type":"post","link":"https:\/\/cienciapolitica.org.br\/web\/regional-nordeste-abcp-promove-a-mesa-redonda-mercado-de-trabalho-em-ciencias-sociais\/","title":{"rendered":"Regional Nordeste da ABCP promove a mesa redonda:  Mercado de trabalho em Ci\u00eancias Sociais"},"content":{"rendered":"\n<p>Convidamos voc\u00eas para um papo dia 08\/06 (s\u00e1bado), onde falaremos sobre as possibilidades de atua\u00e7\u00e3o para o Cientista Social no Brasil. O evento ser\u00e1 uma excelente oportunidade para discutir as perspectivas e desafios da \u00e1rea, bem como explorar as possibilidades de carreira para profissionais formados em Ci\u00eancias Sociais.<\/p>\n\n\n\n<p>O encontro \u00e9 promovido pelo Centro de Estudos em Institui\u00e7\u00f5es, Participa\u00e7\u00e3o e Cultura Pol\u00edtica (POLITIK) da Universidade Federal do Vale do S\u00e3o Francisco e pela Associa\u00e7\u00e3o Brasileira de Ci\u00eancia Pol\u00edtica (ABCP) Regional Nordeste, em parceria com o Colegiado de Ci\u00eancias Sociais da UNIVASF.<\/p>\n\n\n\n<p>Media\u00e7\u00e3o: Prof\u00aa Dra. Simone Viscarra (UNIVASF)<\/p>\n\n\n\n<p>Condu\u00e7\u00e3o: Bruna Barbosa (USP) e Tha\u00eds Nunes (UERJ)<\/p>\n\n\n\n<p>Como rec\u00e9m graduadas em Ci\u00eancias Sociais pela UNIVASF entendemos as inseguran\u00e7as que permeiam o per\u00edodo da gradua\u00e7\u00e3o, sobretudo quando se trata das perspectivas de futuro na profiss\u00e3o. Nesse sentido, pensamos esse bate papo como uma forma de fornecer insights a partir das nossas experi\u00eancias e desmitificar processos importantes para o crescimento acad\u00eamico e profissional.<\/p>\n\n\n\n<p>Informa\u00e7\u00f5es: Mercado de trabalho em Ci\u00eancias Sociais<\/p>\n\n\n\n<p>S\u00e1bado, 8 de junho \u00b7 9:00 at\u00e9 11:00am<\/p>\n\n\n\n<p>Fuso hor\u00e1rio: Am\u00e9rica\/Bahia<\/p>\n\n\n\n<p>Como participar do Google Meet<\/p>\n\n\n\n<p>Link da videochamada:&nbsp;<a href=\"https:\/\/meet.google.com\/wrx-gffp-erp\" target=\"_blank\" rel=\"noreferrer noopener\">https:\/\/meet.google.com\/wrx-gffp-erp<\/a><\/p>\n\n\n\n<p>Esperamos voc\u00eas!<\/p>\n\n\n\n<figure class=\"wp-block-image size-full is-resized\"><img fetchpriority=\"high\" decoding=\"async\" width=\"637\" height=\"633\" src=\"https:\/\/cienciapolitica.org.br\/web\/wp-content\/uploads\/2024\/06\/image.png\" alt=\"\" class=\"wp-image-2868\" style=\"width:477px;height:auto\" srcset=\"https:\/\/cienciapolitica.org.br\/web\/wp-content\/uploads\/2024\/06\/image.png 637w, https:\/\/cienciapolitica.org.br\/web\/wp-content\/uploads\/2024\/06\/image-300x298.png 300w, https:\/\/cienciapolitica.org.br\/web\/wp-content\/uploads\/2024\/06\/image-150x150.png 150w\" sizes=\"(max-width: 637px) 100vw, 637px\" \/><\/figure>\n","protected":false},"excerpt":{"rendered":"<p>Convidamos voc\u00eas para um papo dia 08\/06 (s\u00e1bado), onde falaremos sobre as possibilidades de atua\u00e7\u00e3o para o Cientista Social no Brasil. O evento ser\u00e1 uma excelente oportunidade para discutir as perspectivas e desafios da \u00e1rea, bem como explorar as possibilidades de carreira para profissionais formados em Ci\u00eancias Sociais. O encontro \u00e9 promovido pelo Centro de Estudos em Institui\u00e7\u00f5es, Participa\u00e7\u00e3o e Cultura Pol\u00edtica (POLITIK) da Universidade Federal do Vale do S\u00e3o Francisco e pela Associa\u00e7\u00e3o Brasileira de Ci\u00eancia Pol\u00edtica (ABCP) Regional Nordeste, em parceria com o Colegiado de Ci\u00eancias Sociais da UNIVASF. Media\u00e7\u00e3o: Prof\u00aa Dra. Simone Viscarra (UNIVASF) Condu\u00e7\u00e3o: Bruna Barbosa (USP) e Tha\u00eds Nunes (UERJ) Como rec\u00e9m graduadas em Ci\u00eancias Sociais pela UNIVASF entendemos as inseguran\u00e7as que permeiam o per\u00edodo da gradua\u00e7\u00e3o, sobretudo quando se trata das perspectivas de futuro na profiss\u00e3o. Nesse sentido, pensamos esse bate papo como uma forma de fornecer insights a partir das nossas experi\u00eancias e desmitificar processos importantes para o crescimento acad\u00eamico e profissional. Informa\u00e7\u00f5es: Mercado de trabalho em Ci\u00eancias Sociais S\u00e1bado, 8 de junho \u00b7 9:00 at\u00e9 11:00am Fuso hor\u00e1rio: Am\u00e9rica\/Bahia Como participar do Google Meet Link da videochamada:&nbsp;https:\/\/meet.google.com\/wrx-gffp-erp Esperamos voc\u00eas!<\/p>\n","protected":false},"author":1,"featured_media":2868,"comment_status":"closed","ping_status":"closed","sticky":false,"template":"","format":"standard","meta":{"footnotes":""},"categories":[3],"tags":[50],"class_list":["post-2867","post","type-post","status-publish","format-standard","has-post-thumbnail","hentry","category-blog","tag-ciencia-politica"],"_links":{"self":[{"href":"https:\/\/cienciapolitica.org.br\/web\/wp-json\/wp\/v2\/posts\/2867","targetHints":{"allow":["GET"]}}],"collection":[{"href":"https:\/\/cienciapolitica.org.br\/web\/wp-json\/wp\/v2\/posts"}],"about":[{"href":"https:\/\/cienciapolitica.org.br\/web\/wp-json\/wp\/v2\/types\/post"}],"author":[{"embeddable":true,"href":"https:\/\/cienciapolitica.org.br\/web\/wp-json\/wp\/v2\/users\/1"}],"replies":[{"embeddable":true,"href":"https:\/\/cienciapolitica.org.br\/web\/wp-json\/wp\/v2\/comments?post=2867"}],"version-history":[{"count":2,"href":"https:\/\/cienciapolitica.org.br\/web\/wp-json\/wp\/v2\/posts\/2867\/revisions"}],"predecessor-version":[{"id":2870,"href":"https:\/\/cienciapolitica.org.br\/web\/wp-json\/wp\/v2\/posts\/2867\/revisions\/2870"}],"wp:featuredmedia":[{"embeddable":true,"href":"https:\/\/cienciapolitica.org.br\/web\/wp-json\/wp\/v2\/media\/2868"}],"wp:attachment":[{"href":"https:\/\/cienciapolitica.org.br\/web\/wp-json\/wp\/v2\/media?parent=2867"}],"wp:term":[{"taxonomy":"category","embeddable":true,"href":"https:\/\/cienciapolitica.org.br\/web\/wp-json\/wp\/v2\/categories?post=2867"},{"taxonomy":"post_tag","embeddable":true,"href":"https:\/\/cienciapolitica.org.br\/web\/wp-json\/wp\/v2\/tags?post=2867"}],"curies":[{"name":"wp","href":"https:\/\/api.w.org\/{rel}","templated":true}]}}