{"id":2872,"date":"2024-06-05T17:36:20","date_gmt":"2024-06-05T17:36:20","guid":{"rendered":"https:\/\/cienciapolitica.org.br\/web\/?p=2872"},"modified":"2024-06-05T17:36:20","modified_gmt":"2024-06-05T17:36:20","slug":"a-regional-centro-oeste-da-abcp-promove-a-mesa-redonda-cenarios-e-perspectivas-das-eleicoes-municipais-de-2024-no-centro-oeste","status":"publish","type":"post","link":"https:\/\/cienciapolitica.org.br\/web\/a-regional-centro-oeste-da-abcp-promove-a-mesa-redonda-cenarios-e-perspectivas-das-eleicoes-municipais-de-2024-no-centro-oeste\/","title":{"rendered":"A Regional Centro-Oeste da ABCP promove a mesa redonda: Cen\u00e1rios e perspectivas das elei\u00e7\u00f5es municipais de 2024 no Centro-Oeste"},"content":{"rendered":"\n<p><br>T\u00edtulo: Cen\u00e1rios e perspectivas das elei\u00e7\u00f5es municipais de 2024 no Centro-Oeste<br>Data: <strong>6 de junho de 2024 \u2013 19h<\/strong> (hor\u00e1rio de Bras\u00edlia)<br>Local: Canal do YouTube da ABCP<\/p>\n\n\n\n<p><a href=\"https:\/\/www.youtube.com\/watch?v=hDM39q6ylUQ\">https:\/\/www.youtube.com\/watch?v=hDM39q6ylUQ <\/a><br><\/p>\n\n\n\n<p>Expositores:<\/p>\n\n\n\n<p><strong>Natacha Chabalin Ferraz<\/strong><br>Doutora e Mestre em Ci\u00eancia Pol\u00edtica (DCP\/UFPE). Professora Colaboradora do Programa de<br>P\u00f3s-Gradua\u00e7\u00e3o em Sociologia (PPGS) da Universidade Federal de Mato Grosso (UFMT). \u00c9<br>membra do Laborat\u00f3rio de Estudos Geopol\u00edticos da Amaz\u00f4nia Legal (UERJ). Atua na \u00e1rea de<br>Ci\u00eancia Pol\u00edtica, Pol\u00edticas P\u00fablicas e Processos Legislativos.<\/p>\n\n\n\n<p><strong>Guilherme Carvalho<\/strong><br>Mestre em Ci\u00eancia Pol\u00edtica (UFG) e Doutorando em Ci\u00eancia Pol\u00edtica (UnB). Professor Assistente<br>de Ci\u00eancia Pol\u00edtica da PUC \u2013 Goi\u00e1s<br><\/p>\n\n\n\n<p><strong>Marcos Antonio da Silva<\/strong><br>Doutor em Estudos sobre a Integra\u00e7\u00e3o da Am\u00e9rica Latina (PROLAM\/USP). Professor do<br>Programa de P\u00f3s-Gradua\u00e7\u00e3o em Sociologia\u00a0(PPGS) e do curso de Ci\u00eancias Sociais da<br>Universidade Federal da Grande Dourados (UFGD). Foi membro do Laborat\u00f3rio Interdisciplinar<br>de Estudos sobre a Am\u00e9rica Latina (LIAL). Atua na \u00e1rea de Ci\u00eancia Pol\u00edtica e Rela\u00e7\u00f5es<br>Internacionais discutindo temas relacionados a Partidos Pol\u00edticos, Elei\u00e7\u00f5es e Conjuntura<br>Pol\u00edtica, Migra\u00e7\u00f5es Internacionais e Am\u00e9rica Latina (Revolu\u00e7\u00e3o Cubana, Pensamento latino-<br>americano e Integra\u00e7\u00e3o Regional).<\/p>\n","protected":false},"excerpt":{"rendered":"<p>T\u00edtulo: Cen\u00e1rios e perspectivas das elei\u00e7\u00f5es municipais de 2024 no Centro-OesteData: 6 de junho de 2024 \u2013 19h (hor\u00e1rio de Bras\u00edlia)Local: Canal do YouTube da ABCP https:\/\/www.youtube.com\/watch?v=hDM39q6ylUQ Expositores: Natacha Chabalin FerrazDoutora e Mestre em Ci\u00eancia Pol\u00edtica (DCP\/UFPE). Professora Colaboradora do Programa deP\u00f3s-Gradua\u00e7\u00e3o em Sociologia (PPGS) da Universidade Federal de Mato Grosso (UFMT). \u00c9membra do Laborat\u00f3rio de Estudos Geopol\u00edticos da Amaz\u00f4nia Legal (UERJ). Atua na \u00e1rea deCi\u00eancia Pol\u00edtica, Pol\u00edticas P\u00fablicas e Processos Legislativos. Guilherme CarvalhoMestre em Ci\u00eancia Pol\u00edtica (UFG) e Doutorando em Ci\u00eancia Pol\u00edtica (UnB). Professor Assistentede Ci\u00eancia Pol\u00edtica da PUC \u2013 Goi\u00e1s Marcos Antonio da SilvaDoutor em Estudos sobre a Integra\u00e7\u00e3o da Am\u00e9rica Latina (PROLAM\/USP). Professor doPrograma de P\u00f3s-Gradua\u00e7\u00e3o em Sociologia\u00a0(PPGS) e do curso de Ci\u00eancias Sociais daUniversidade Federal da Grande Dourados (UFGD). Foi membro do Laborat\u00f3rio Interdisciplinarde Estudos sobre a Am\u00e9rica Latina (LIAL). Atua na \u00e1rea de Ci\u00eancia Pol\u00edtica e Rela\u00e7\u00f5esInternacionais discutindo temas relacionados a Partidos Pol\u00edticos, Elei\u00e7\u00f5es e ConjunturaPol\u00edtica, Migra\u00e7\u00f5es Internacionais e Am\u00e9rica Latina (Revolu\u00e7\u00e3o Cubana, Pensamento latino-americano e Integra\u00e7\u00e3o Regional).<\/p>\n","protected":false},"author":1,"featured_media":2873,"comment_status":"open","ping_status":"open","sticky":false,"template":"","format":"standard","meta":{"footnotes":""},"categories":[3],"tags":[50,179],"class_list":["post-2872","post","type-post","status-publish","format-standard","has-post-thumbnail","hentry","category-blog","tag-ciencia-politica","tag-seminario"],"_links":{"self":[{"href":"https:\/\/cienciapolitica.org.br\/web\/wp-json\/wp\/v2\/posts\/2872","targetHints":{"allow":["GET"]}}],"collection":[{"href":"https:\/\/cienciapolitica.org.br\/web\/wp-json\/wp\/v2\/posts"}],"about":[{"href":"https:\/\/cienciapolitica.org.br\/web\/wp-json\/wp\/v2\/types\/post"}],"author":[{"embeddable":true,"href":"https:\/\/cienciapolitica.org.br\/web\/wp-json\/wp\/v2\/users\/1"}],"replies":[{"embeddable":true,"href":"https:\/\/cienciapolitica.org.br\/web\/wp-json\/wp\/v2\/comments?post=2872"}],"version-history":[{"count":1,"href":"https:\/\/cienciapolitica.org.br\/web\/wp-json\/wp\/v2\/posts\/2872\/revisions"}],"predecessor-version":[{"id":2874,"href":"https:\/\/cienciapolitica.org.br\/web\/wp-json\/wp\/v2\/posts\/2872\/revisions\/2874"}],"wp:featuredmedia":[{"embeddable":true,"href":"https:\/\/cienciapolitica.org.br\/web\/wp-json\/wp\/v2\/media\/2873"}],"wp:attachment":[{"href":"https:\/\/cienciapolitica.org.br\/web\/wp-json\/wp\/v2\/media?parent=2872"}],"wp:term":[{"taxonomy":"category","embeddable":true,"href":"https:\/\/cienciapolitica.org.br\/web\/wp-json\/wp\/v2\/categories?post=2872"},{"taxonomy":"post_tag","embeddable":true,"href":"https:\/\/cienciapolitica.org.br\/web\/wp-json\/wp\/v2\/tags?post=2872"}],"curies":[{"name":"wp","href":"https:\/\/api.w.org\/{rel}","templated":true}]}}