{"id":2901,"date":"2024-06-12T12:48:12","date_gmt":"2024-06-12T12:48:12","guid":{"rendered":"https:\/\/cienciapolitica.org.br\/web\/?p=2901"},"modified":"2024-06-12T12:48:13","modified_gmt":"2024-06-12T12:48:13","slug":"9a-escola-de-inverno-iesp-uerj","status":"publish","type":"post","link":"https:\/\/cienciapolitica.org.br\/web\/9a-escola-de-inverno-iesp-uerj\/","title":{"rendered":"9\u00aa Escola de Inverno IESP-UERJ"},"content":{"rendered":"\n<p class=\"has-black-color has-white-background-color has-text-color has-background has-link-color has-medium-font-size wp-elements-66524a5814afa4d8d2d4c2a5227267a7\">Entre os dias 1\u00ba e 12 de julho de 2024, o Instituto de Estudos Sociais e Pol\u00edticos realiza a 9\u00aa Escola de Inverno IESP-UERJ, que consiste em um programa de forma\u00e7\u00e3o intensiva em m\u00e9todos, conceitos e teorias sociais.<\/p>\n\n\n\n<p class=\"has-black-color has-white-background-color has-text-color has-background has-link-color wp-elements-add062e3083ca05853a61ee90017ff40\">At\u00e9 26 de junho, interessados podem fazer sua inscri\u00e7\u00e3o em cada um dos 13 m\u00f3dulos oferecidos pela Escola, entre cursos intensivos e workshops com aulas remotas (online) ou h\u00edbridas. Seguindo a experi\u00eancia pioneira da UERJ em a\u00e7\u00f5es afirmativas, o processo de inscri\u00e7\u00f5es reservar\u00e1 30% das vagas para pessoas negras. Ao final de cada curso, ser\u00e3o emitidos certificados de conclus\u00e3o atestando a carga hor\u00e1ria cursada para todos os concluintes.<\/p>\n\n\n\n<p class=\"has-black-color has-white-background-color has-text-color has-background has-link-color wp-elements-4ff18add7a1a7f3715a49049bf4ea06c\">Com o prop\u00f3sito de elevar a qualidade da produ\u00e7\u00e3o e do consumo de pesquisa social no pa\u00eds, a edi\u00e7\u00e3o de 2024 apresenta dois grandes eixos de forma\u00e7\u00e3o: treinamento intensivo em m\u00e9todos quantitativos e qualitativos e oficinas sobre teorias e conceitos, ministrados por pesquisadores da Casa e por docentes convidados.<\/p>\n\n\n\n<p class=\"has-black-color has-white-background-color has-text-color has-background has-link-color wp-elements-a57ae14b1138d56578c76d6b056e29ed\">Mais informa\u00e7\u00f5es e inscri\u00e7\u00f5es no site da Escola:&nbsp;<a href=\"https:\/\/inverno.iesp.uerj.br\/\" target=\"_blank\" rel=\"noreferrer noopener\">https:\/\/inverno.iesp.uerj.br\/<\/a><\/p>\n","protected":false},"excerpt":{"rendered":"<p>Entre os dias 1\u00ba e 12 de julho de 2024, o Instituto de Estudos Sociais e Pol\u00edticos realiza a 9\u00aa Escola de Inverno IESP-UERJ, que consiste em um programa de forma\u00e7\u00e3o intensiva em m\u00e9todos, conceitos e teorias sociais. At\u00e9 26 de junho, interessados podem fazer sua inscri\u00e7\u00e3o em cada um dos 13 m\u00f3dulos oferecidos pela Escola, entre cursos intensivos e workshops com aulas remotas (online) ou h\u00edbridas. Seguindo a experi\u00eancia pioneira da UERJ em a\u00e7\u00f5es afirmativas, o processo de inscri\u00e7\u00f5es reservar\u00e1 30% das vagas para pessoas negras. Ao final de cada curso, ser\u00e3o emitidos certificados de conclus\u00e3o atestando a carga hor\u00e1ria cursada para todos os concluintes. Com o prop\u00f3sito de elevar a qualidade da produ\u00e7\u00e3o e do consumo de pesquisa social no pa\u00eds, a edi\u00e7\u00e3o de 2024 apresenta dois grandes eixos de forma\u00e7\u00e3o: treinamento intensivo em m\u00e9todos quantitativos e qualitativos e oficinas sobre teorias e conceitos, ministrados por pesquisadores da Casa e por docentes convidados. Mais informa\u00e7\u00f5es e inscri\u00e7\u00f5es no site da Escola:&nbsp;https:\/\/inverno.iesp.uerj.br\/<\/p>\n","protected":false},"author":1,"featured_media":2902,"comment_status":"open","ping_status":"open","sticky":false,"template":"","format":"standard","meta":{"footnotes":""},"categories":[3],"tags":[50],"class_list":["post-2901","post","type-post","status-publish","format-standard","has-post-thumbnail","hentry","category-blog","tag-ciencia-politica"],"_links":{"self":[{"href":"https:\/\/cienciapolitica.org.br\/web\/wp-json\/wp\/v2\/posts\/2901","targetHints":{"allow":["GET"]}}],"collection":[{"href":"https:\/\/cienciapolitica.org.br\/web\/wp-json\/wp\/v2\/posts"}],"about":[{"href":"https:\/\/cienciapolitica.org.br\/web\/wp-json\/wp\/v2\/types\/post"}],"author":[{"embeddable":true,"href":"https:\/\/cienciapolitica.org.br\/web\/wp-json\/wp\/v2\/users\/1"}],"replies":[{"embeddable":true,"href":"https:\/\/cienciapolitica.org.br\/web\/wp-json\/wp\/v2\/comments?post=2901"}],"version-history":[{"count":1,"href":"https:\/\/cienciapolitica.org.br\/web\/wp-json\/wp\/v2\/posts\/2901\/revisions"}],"predecessor-version":[{"id":2903,"href":"https:\/\/cienciapolitica.org.br\/web\/wp-json\/wp\/v2\/posts\/2901\/revisions\/2903"}],"wp:featuredmedia":[{"embeddable":true,"href":"https:\/\/cienciapolitica.org.br\/web\/wp-json\/wp\/v2\/media\/2902"}],"wp:attachment":[{"href":"https:\/\/cienciapolitica.org.br\/web\/wp-json\/wp\/v2\/media?parent=2901"}],"wp:term":[{"taxonomy":"category","embeddable":true,"href":"https:\/\/cienciapolitica.org.br\/web\/wp-json\/wp\/v2\/categories?post=2901"},{"taxonomy":"post_tag","embeddable":true,"href":"https:\/\/cienciapolitica.org.br\/web\/wp-json\/wp\/v2\/tags?post=2901"}],"curies":[{"name":"wp","href":"https:\/\/api.w.org\/{rel}","templated":true}]}}