{"id":2906,"date":"2024-07-01T18:57:36","date_gmt":"2024-07-01T18:57:36","guid":{"rendered":"https:\/\/cienciapolitica.org.br\/web\/?p=2906"},"modified":"2024-07-01T18:59:42","modified_gmt":"2024-07-01T18:59:42","slug":"regional-centro-oeste","status":"publish","type":"post","link":"https:\/\/cienciapolitica.org.br\/web\/regional-centro-oeste\/","title":{"rendered":"Regional Centro-Oeste"},"content":{"rendered":"\n<h1 class=\"wp-block-heading has-medium-font-size\">CHAMADA PARA CAP\u00cdTULO DE LIVRO<\/h1>\n\n\n\n<p class=\"has-black-color has-white-background-color has-text-color has-background has-link-color has-medium-font-size wp-elements-fcbedb645c5f4b5ac13320ef45e01ec1\">A Diretoria Regional Centro-Oeste da Associa\u00e7\u00e3o Brasileira de Ci\u00eancia Pol\u00edtica torna p\u00fablica, por meio desta Chamada, a abertura para o envio de manuscritos para publica\u00e7\u00e3o de uma colet\u00e2nea, nas condi\u00e7\u00f5es estabelecidas nesta Chamada.<\/p>\n\n\n\n<p><\/p>\n\n\n\n<p class=\"has-black-color has-text-color has-link-color has-medium-font-size wp-elements-181a80d756eaf40934861263d5841200\"><strong>DAS DISPOSI\u00c7\u00d5ES GERAIS<\/strong><\/p>\n\n\n\n<p class=\"has-black-color has-text-color has-link-color has-medium-font-size wp-elements-350468510e1ffb51cee5279f6e7a0a96\">Art. 1\u00ba \u2013 A Diretoria Regional Centro-Oeste da Associa\u00e7\u00e3o Brasileira de Ci\u00eancia Pol\u00edtica (ABCP), com o objetivo de divulgar a produ\u00e7\u00e3o na Ci\u00eancia Pol\u00edtica sobre o Centro-Oeste, estabelece normas para a composi\u00e7\u00e3o de uma colet\u00e2nea de artigos para concorrer ao <em>Edital Publica UFMS<\/em>.<\/p>\n\n\n\n<p class=\"has-black-color has-text-color has-link-color has-medium-font-size wp-elements-461fd4ca8e5d0eeef564abe2df393f25\">Art. 2\u00ba \u2013 A chamada destina-se a compor um livro para concorrer ao <em>Edital Publica UFMS<\/em>, com previs\u00e3o para publica\u00e7\u00e3o em 2025, caso a obra seja aprovada.<\/p>\n\n\n\n<p class=\"has-black-color has-text-color has-link-color has-medium-font-size wp-elements-98a33882ac950c094554b7f85bd7dd85\">\u00a71\u00ba \u2013 Cada autor(a) ou coautor(a) poder\u00e1 submeter apenas um \u00fanico trabalho.<\/p>\n\n\n\n<p class=\"has-black-color has-text-color has-link-color has-medium-font-size wp-elements-2ef3fdeb98b39bc7e7600745704e90df\">\u00a72\u00ba \u2013 Pelo menos um(a) dos(as) autores(as) dever\u00e1 ter atua\u00e7\u00e3o profissional (acad\u00eamica ou n\u00e3o) na regi\u00e3o Centro-Oeste ou feito sua forma\u00e7\u00e3o em n\u00edvel de p\u00f3s-gradua\u00e7\u00e3o stricto sensu na referida regi\u00e3o.<\/p>\n\n\n\n<p class=\"has-black-color has-text-color has-link-color has-medium-font-size wp-elements-67c6eeeae3ebd713df757f1422db14ab\">\u00a73\u00b0 &#8211; Os textos dever\u00e3o trabalhar a partir de perspectivas da Ci\u00eancia Pol\u00edtica a seguinte tem\u00e1tica: \u201c<em>A pol\u00edtica no Centro-oeste do Brasil: processos eleitorais, composi\u00e7\u00e3o das for\u00e7as pol\u00edticas e constru\u00e7\u00e3o de pol\u00edticas p\u00fablicas<\/em>\u201d<\/p>\n\n\n\n<p class=\"has-black-color has-text-color has-link-color has-medium-font-size wp-elements-d38e1cd9ec301414f598f9a6f63b84a7\">\u00a74\u00b0 &#8211; N\u00e3o ser\u00e3o cobrados, nem pagos aos autores valores de qualquer natureza pelo envio dos trabalhos, dado que se trata de proposta para concorrer a Edital com recursos p\u00fablicos.<\/p>\n\n\n\n<p class=\"has-black-color has-text-color has-link-color wp-elements-9ac00cf961d1ea846fe5a532228b76c6\"><\/p>\n\n\n\n<p><\/p>\n\n\n\n<p class=\"has-black-color has-text-color has-link-color has-medium-font-size wp-elements-8ffee749046a383c05678064cb88e58b\"><strong>DO ENVIO DOS TEXTOS<\/strong><\/p>\n\n\n\n<p class=\"has-black-color has-text-color has-link-color has-medium-font-size wp-elements-82557867fa7083211e97825aa886ea88\">Art. 3\u00ba \u2013 O autor(a) interessado dever\u00e1 enviar sua proposta em formato de resumo at\u00e9 o dia <strong>20 de julho de 2024<\/strong>.<\/p>\n\n\n\n<p class=\"has-black-color has-text-color has-link-color has-medium-font-size wp-elements-5c9b07a72ddb21157c8925ab057c47a4\">\u00a71\u00b0 &#8211; O resumo dever\u00e1 ter at\u00e9 900 caracteres com espa\u00e7o e contendo o t\u00edtulo da proposta, os nomes dos autores e seus contatos (e-mail e telefone).<\/p>\n\n\n\n<p class=\"has-black-color has-text-color has-link-color has-medium-font-size wp-elements-bcad11a1619f221b5fc208b6c0ea547b\">\u00a7 2\u00b0 &#8211; Os resumos dever\u00e3o ser enviados, em formato Word, para o e-mail: centrooeste@cienciapolitica.org.br<\/p>\n\n\n\n<p class=\"has-black-color has-text-color has-link-color has-medium-font-size wp-elements-ab14d01658b7bfe8d98dd8c648c5a091\">Art. 4\u00b0 &#8211; Em caso de aprova\u00e7\u00e3o, o texto completo dever\u00e1 ser enviado at\u00e9 o dia <strong>20 de agosto de 2024<\/strong>.<\/p>\n\n\n\n<p class=\"has-black-color has-text-color has-link-color has-medium-font-size wp-elements-36c1baa68733e0a61fbb6ceac1ad75dc\">\u00a71\u00ba &#8211; Os textos completos ser\u00e3o enviados em formato <em>Word<\/em> e dever\u00e3o ter entre 8 mil e 10 mil palavras, incluindo bibliografia, gr\u00e1ficos, tabelas, anexos ou qualquer outro elemento componente do trabalho.<\/p>\n\n\n\n<p class=\"has-black-color has-text-color has-link-color has-medium-font-size wp-elements-c0918f94a1f55d8d02d5ebdc0379697c\">\u00a72\u00ba &#8211; Os textos dever\u00e3o ser escritos em fonte Arial ou Times New Roman, tamanho 12, espa\u00e7amento entre linhas 1,5.<\/p>\n\n\n\n<p class=\"has-black-color has-text-color has-link-color has-medium-font-size wp-elements-d347f8b6bcb86bcfd27c2b5545a36dea\">\u00a73\u00ba &#8211; Em casos de textos em coautoria, apenas um dos autores deve realizar o envio.<\/p>\n\n\n\n<p><\/p>\n\n\n\n<p><\/p>\n\n\n\n<p class=\"has-black-color has-text-color has-link-color has-medium-font-size wp-elements-e7c8ad5f2d42287431af6f83919bf182\"><strong>DA SELE\u00c7\u00c3O<\/strong><\/p>\n\n\n\n<p class=\"has-black-color has-text-color has-link-color has-medium-font-size wp-elements-c437be3a683d25ec3adecf2fa569a931\">Art. 5\u00ba \u2013 A sele\u00e7\u00e3o ser\u00e1 feita por uma comiss\u00e3o organizadora desta Chamada, formada pela Diretoria da ABCP Regional Centro-Oeste.<\/p>\n\n\n\n<p class=\"has-black-color has-text-color has-link-color has-medium-font-size wp-elements-24b5785b972b3eae9a90a523ea5fffb8\">Art. 6\u00ba &#8211; Na avalia\u00e7\u00e3o dos textos ser\u00e3o observados os seguintes crit\u00e9rios: <\/p>\n\n\n\n<p class=\"has-black-color has-text-color has-link-color has-medium-font-size wp-elements-c70042365d5ba1764eda5d5fedad2b0a\">I \u2013 Relev\u00e2ncia do tema e ader\u00eancia \u00e0 Ci\u00eancia Pol\u00edtica;<\/p>\n\n\n\n<p class=\"has-black-color has-text-color has-link-color has-medium-font-size wp-elements-8b1ba90dd3d1bf0c194ac74550843e2d\">II \u2013 Rigor cient\u00edfico: precis\u00e3o conceitual, terminol\u00f3gica e metodol\u00f3gica; <\/p>\n\n\n\n<p class=\"has-black-color has-text-color has-link-color has-medium-font-size wp-elements-440deff633ebc78425bf9292a7d4333e\">III \u2013 Clareza, objetividade e qualidade da reda\u00e7\u00e3o e do conte\u00fado.<\/p>\n\n\n\n<p class=\"has-black-color has-text-color has-link-color has-medium-font-size wp-elements-ff1bdc09605225569f41fe0781901938\">IV \u2013 Pertin\u00eancia com a tem\u00e1tica do livro, conforme fixado no \u00a72\u00b0 do Art. 2\u00b0 desta Chamada.<\/p>\n\n\n\n<p><\/p>\n\n\n\n<p><\/p>\n\n\n\n<p class=\"has-black-color has-text-color has-link-color has-medium-font-size wp-elements-b943adbdca067c38880c34dbb95824aa\"><strong>DO ENVIO PARA O EDITAL<\/strong><\/p>\n\n\n\n<p class=\"has-black-color has-text-color has-link-color has-medium-font-size wp-elements-6e18ef9aa7cd7a5fbfc3860fd5f8b80c\">Art. 7\u00ba \u2013 Por se tratar de colet\u00e2nea para concorrera a um Edital, os textos escolhidos ser\u00e3o reunidos em uma \u00fanica obra, que ser\u00e1 inscrita no Edital Publica UFMS, com previs\u00e3o para publica\u00e7\u00e3o para 2025, caso seja aprovada.<\/p>\n\n\n\n<p><\/p>\n\n\n\n<p class=\"has-text-align-center has-black-color has-text-color has-link-color has-medium-font-size wp-elements-d4e34a47b1fab4c7cc7866018cc4efa7\">Michelle Vieira Fernandez de Oliveira <br>Raimundo Nonato Cunha de Fran\u00e7a<br>Daniel Est\u00eav\u00e3o Ramos de Miranda<\/p>\n\n\n\n<p class=\"has-text-align-center has-black-color has-text-color has-link-color has-medium-font-size wp-elements-b4d3ebb38ed991c0b1983943c68e5863\"><strong>Diretoria Regional Centro-Oeste da Associa\u00e7\u00e3o Brasileira de Ci\u00eancia Pol\u00edtica<br>(2023-2025)<\/strong><\/p>\n\n\n\n<div data-wp-interactive=\"core\/file\" class=\"wp-block-file\"><object data-wp-bind--hidden=\"!state.hasPdfPreview\" hidden class=\"wp-block-file__embed\" data=\"https:\/\/cienciapolitica.org.br\/web\/wp-content\/uploads\/2024\/07\/Chamada-ABCP-CO.pdf\" type=\"application\/pdf\" style=\"width:100%;height:600px\" aria-label=\"Incorporado de Chamada-ABCP-CO.\"><\/object><a id=\"wp-block-file--media-facb360f-5396-45d0-80d0-0b88f76822ab\" href=\"https:\/\/cienciapolitica.org.br\/web\/wp-content\/uploads\/2024\/07\/Chamada-ABCP-CO.pdf\">Chamada-ABCP-CO<\/a><a href=\"https:\/\/cienciapolitica.org.br\/web\/wp-content\/uploads\/2024\/07\/Chamada-ABCP-CO.pdf\" class=\"wp-block-file__button wp-element-button\" download aria-describedby=\"wp-block-file--media-facb360f-5396-45d0-80d0-0b88f76822ab\">Baixar<\/a><\/div>\n","protected":false},"excerpt":{"rendered":"<p>CHAMADA PARA CAP\u00cdTULO DE LIVRO A Diretoria Regional Centro-Oeste da Associa\u00e7\u00e3o Brasileira de Ci\u00eancia Pol\u00edtica torna p\u00fablica, por meio desta Chamada, a abertura para o envio de manuscritos para publica\u00e7\u00e3o de uma colet\u00e2nea, nas condi\u00e7\u00f5es estabelecidas nesta Chamada. DAS DISPOSI\u00c7\u00d5ES GERAIS Art. 1\u00ba \u2013 A Diretoria Regional Centro-Oeste da Associa\u00e7\u00e3o Brasileira de Ci\u00eancia Pol\u00edtica (ABCP), com o objetivo de divulgar a produ\u00e7\u00e3o na Ci\u00eancia Pol\u00edtica sobre o Centro-Oeste, estabelece normas para a composi\u00e7\u00e3o de uma colet\u00e2nea de artigos para concorrer ao Edital Publica UFMS. Art. 2\u00ba \u2013 A chamada destina-se a compor um livro para concorrer ao Edital Publica UFMS, com previs\u00e3o para publica\u00e7\u00e3o em 2025, caso a obra seja aprovada. \u00a71\u00ba \u2013 Cada autor(a) ou coautor(a) poder\u00e1 submeter apenas um \u00fanico trabalho. \u00a72\u00ba \u2013 Pelo menos um(a) dos(as) autores(as) dever\u00e1 ter atua\u00e7\u00e3o profissional (acad\u00eamica ou n\u00e3o) na regi\u00e3o Centro-Oeste ou feito sua forma\u00e7\u00e3o em n\u00edvel de p\u00f3s-gradua\u00e7\u00e3o stricto sensu na referida regi\u00e3o. \u00a73\u00b0 &#8211; Os textos dever\u00e3o trabalhar a partir de perspectivas da Ci\u00eancia Pol\u00edtica a seguinte tem\u00e1tica: \u201cA pol\u00edtica no Centro-oeste do Brasil: processos eleitorais, composi\u00e7\u00e3o das for\u00e7as pol\u00edticas e constru\u00e7\u00e3o de pol\u00edticas p\u00fablicas\u201d \u00a74\u00b0 &#8211; N\u00e3o ser\u00e3o cobrados, nem pagos aos autores valores de qualquer natureza pelo envio dos trabalhos, dado que se trata de proposta para concorrer a Edital com recursos p\u00fablicos. DO ENVIO DOS TEXTOS Art. 3\u00ba \u2013 O autor(a) interessado dever\u00e1 enviar sua proposta em formato de resumo at\u00e9 o dia 20 de julho de 2024. \u00a71\u00b0 &#8211; O resumo dever\u00e1 ter at\u00e9 900 caracteres com espa\u00e7o e contendo o t\u00edtulo da proposta, os nomes dos autores e seus contatos (e-mail e telefone). \u00a7 2\u00b0 &#8211; Os resumos dever\u00e3o ser enviados, em formato Word, para o e-mail: centrooeste@cienciapolitica.org.br Art. 4\u00b0 &#8211; Em caso de aprova\u00e7\u00e3o, o texto completo dever\u00e1 ser enviado at\u00e9 o dia 20 de agosto de 2024. \u00a71\u00ba &#8211; Os textos completos ser\u00e3o enviados em formato Word e dever\u00e3o ter entre 8 mil e 10 mil palavras, incluindo bibliografia, gr\u00e1ficos, tabelas, anexos ou qualquer outro elemento componente do trabalho. \u00a72\u00ba &#8211; Os textos dever\u00e3o ser escritos em fonte Arial ou Times New Roman, tamanho 12, espa\u00e7amento entre linhas 1,5. \u00a73\u00ba &#8211; Em casos de textos em coautoria, apenas um dos autores deve realizar o envio. DA SELE\u00c7\u00c3O Art. 5\u00ba \u2013 A sele\u00e7\u00e3o ser\u00e1 feita por uma comiss\u00e3o organizadora desta Chamada, formada pela Diretoria da ABCP Regional Centro-Oeste. Art. 6\u00ba &#8211; Na avalia\u00e7\u00e3o dos textos ser\u00e3o observados os seguintes crit\u00e9rios: I \u2013 Relev\u00e2ncia do tema e ader\u00eancia \u00e0 Ci\u00eancia Pol\u00edtica; II \u2013 Rigor cient\u00edfico: precis\u00e3o conceitual, terminol\u00f3gica e metodol\u00f3gica; III \u2013 Clareza, objetividade e qualidade da reda\u00e7\u00e3o e do conte\u00fado. IV \u2013 Pertin\u00eancia com a tem\u00e1tica do livro, conforme fixado no \u00a72\u00b0 do Art. 2\u00b0 desta Chamada. DO ENVIO PARA O EDITAL Art. 7\u00ba \u2013 Por se tratar de colet\u00e2nea para concorrera a um Edital, os textos escolhidos ser\u00e3o reunidos em uma \u00fanica obra, que ser\u00e1 inscrita no Edital Publica UFMS, com previs\u00e3o para publica\u00e7\u00e3o para 2025, caso seja aprovada. Michelle Vieira Fernandez de Oliveira Raimundo Nonato Cunha de Fran\u00e7aDaniel Est\u00eav\u00e3o Ramos de Miranda Diretoria Regional Centro-Oeste da Associa\u00e7\u00e3o Brasileira de Ci\u00eancia Pol\u00edtica(2023-2025)<\/p>\n","protected":false},"author":1,"featured_media":0,"comment_status":"open","ping_status":"open","sticky":false,"template":"","format":"standard","meta":{"footnotes":""},"categories":[3],"tags":[],"class_list":["post-2906","post","type-post","status-publish","format-standard","hentry","category-blog"],"_links":{"self":[{"href":"https:\/\/cienciapolitica.org.br\/web\/wp-json\/wp\/v2\/posts\/2906","targetHints":{"allow":["GET"]}}],"collection":[{"href":"https:\/\/cienciapolitica.org.br\/web\/wp-json\/wp\/v2\/posts"}],"about":[{"href":"https:\/\/cienciapolitica.org.br\/web\/wp-json\/wp\/v2\/types\/post"}],"author":[{"embeddable":true,"href":"https:\/\/cienciapolitica.org.br\/web\/wp-json\/wp\/v2\/users\/1"}],"replies":[{"embeddable":true,"href":"https:\/\/cienciapolitica.org.br\/web\/wp-json\/wp\/v2\/comments?post=2906"}],"version-history":[{"count":3,"href":"https:\/\/cienciapolitica.org.br\/web\/wp-json\/wp\/v2\/posts\/2906\/revisions"}],"predecessor-version":[{"id":2910,"href":"https:\/\/cienciapolitica.org.br\/web\/wp-json\/wp\/v2\/posts\/2906\/revisions\/2910"}],"wp:attachment":[{"href":"https:\/\/cienciapolitica.org.br\/web\/wp-json\/wp\/v2\/media?parent=2906"}],"wp:term":[{"taxonomy":"category","embeddable":true,"href":"https:\/\/cienciapolitica.org.br\/web\/wp-json\/wp\/v2\/categories?post=2906"},{"taxonomy":"post_tag","embeddable":true,"href":"https:\/\/cienciapolitica.org.br\/web\/wp-json\/wp\/v2\/tags?post=2906"}],"curies":[{"name":"wp","href":"https:\/\/api.w.org\/{rel}","templated":true}]}}