{"id":2911,"date":"2024-07-02T15:11:39","date_gmt":"2024-07-02T15:11:39","guid":{"rendered":"https:\/\/cienciapolitica.org.br\/web\/?p=2911"},"modified":"2024-07-02T15:13:02","modified_gmt":"2024-07-02T15:13:02","slug":"onde-trabalham-os-cientistas-sociais","status":"publish","type":"post","link":"https:\/\/cienciapolitica.org.br\/web\/onde-trabalham-os-cientistas-sociais\/","title":{"rendered":"Onde trabalham os cientistas sociais?"},"content":{"rendered":"\n<p class=\"has-black-color has-white-background-color has-text-color has-background has-link-color has-medium-font-size wp-elements-cdcdef928329f23060b412c44c86dfb9\">Onde trabalham os cientistas sociais? Quais s\u00e3o as suas ocupa\u00e7\u00f5es e inser\u00e7\u00f5es profissionais?<\/p>\n\n\n\n<p class=\"has-black-color has-white-background-color has-text-color has-background has-link-color has-medium-font-size wp-elements-0b9bf35739b5b6ab4aaf9cc32500834e\">Participe da pesquisa que busca conhecer mais sobre o mercado de trabalho para pessoas formadas em Ci\u00eancias Sociais, Antropologia, Ci\u00eancia Pol\u00edtica e Sociologia.<\/p>\n\n\n\n<p class=\"has-black-color has-white-background-color has-text-color has-background has-link-color has-medium-font-size wp-elements-bc8da53f625c3afc023d03b6179bcbc4\">Fez gradua\u00e7\u00e3o ou p\u00f3s-gradua\u00e7\u00e3o na \u00e1rea? Responda ao question\u00e1rio: <a href=\"https:\/\/form.dragnsurvey.com\/survey\/r\/7a8e0d1b\">https:\/\/form.dragnsurvey.com\/survey\/r\/7a8e0d1b<\/a><\/p>\n\n\n\n<p><\/p>\n","protected":false},"excerpt":{"rendered":"<p>Onde trabalham os cientistas sociais? Quais s\u00e3o as suas ocupa\u00e7\u00f5es e inser\u00e7\u00f5es profissionais? Participe da pesquisa que busca conhecer mais sobre o mercado de trabalho para pessoas formadas em Ci\u00eancias Sociais, Antropologia, Ci\u00eancia Pol\u00edtica e Sociologia. Fez gradua\u00e7\u00e3o ou p\u00f3s-gradua\u00e7\u00e3o na \u00e1rea? Responda ao question\u00e1rio: https:\/\/form.dragnsurvey.com\/survey\/r\/7a8e0d1b<\/p>\n","protected":false},"author":1,"featured_media":2912,"comment_status":"open","ping_status":"open","sticky":false,"template":"","format":"standard","meta":{"footnotes":""},"categories":[3],"tags":[50],"class_list":["post-2911","post","type-post","status-publish","format-standard","has-post-thumbnail","hentry","category-blog","tag-ciencia-politica"],"_links":{"self":[{"href":"https:\/\/cienciapolitica.org.br\/web\/wp-json\/wp\/v2\/posts\/2911","targetHints":{"allow":["GET"]}}],"collection":[{"href":"https:\/\/cienciapolitica.org.br\/web\/wp-json\/wp\/v2\/posts"}],"about":[{"href":"https:\/\/cienciapolitica.org.br\/web\/wp-json\/wp\/v2\/types\/post"}],"author":[{"embeddable":true,"href":"https:\/\/cienciapolitica.org.br\/web\/wp-json\/wp\/v2\/users\/1"}],"replies":[{"embeddable":true,"href":"https:\/\/cienciapolitica.org.br\/web\/wp-json\/wp\/v2\/comments?post=2911"}],"version-history":[{"count":1,"href":"https:\/\/cienciapolitica.org.br\/web\/wp-json\/wp\/v2\/posts\/2911\/revisions"}],"predecessor-version":[{"id":2913,"href":"https:\/\/cienciapolitica.org.br\/web\/wp-json\/wp\/v2\/posts\/2911\/revisions\/2913"}],"wp:featuredmedia":[{"embeddable":true,"href":"https:\/\/cienciapolitica.org.br\/web\/wp-json\/wp\/v2\/media\/2912"}],"wp:attachment":[{"href":"https:\/\/cienciapolitica.org.br\/web\/wp-json\/wp\/v2\/media?parent=2911"}],"wp:term":[{"taxonomy":"category","embeddable":true,"href":"https:\/\/cienciapolitica.org.br\/web\/wp-json\/wp\/v2\/categories?post=2911"},{"taxonomy":"post_tag","embeddable":true,"href":"https:\/\/cienciapolitica.org.br\/web\/wp-json\/wp\/v2\/tags?post=2911"}],"curies":[{"name":"wp","href":"https:\/\/api.w.org\/{rel}","templated":true}]}}