{"id":2914,"date":"2024-07-05T18:25:17","date_gmt":"2024-07-05T18:25:17","guid":{"rendered":"https:\/\/cienciapolitica.org.br\/web\/?p=2914"},"modified":"2024-07-05T18:27:18","modified_gmt":"2024-07-05T18:27:18","slug":"parceria-nexo-e-qualigov-publica-serie-de-textos-de-opiniao-sobre-papel-dos-municipios","status":"publish","type":"post","link":"https:\/\/cienciapolitica.org.br\/web\/parceria-nexo-e-qualigov-publica-serie-de-textos-de-opiniao-sobre-papel-dos-municipios\/","title":{"rendered":"Parceria Nexo e QualiGov\u00a0publica s\u00e9rie de textos de opini\u00e3o sobre papel dos munic\u00edpios"},"content":{"rendered":"\n<p>Em ano de elei\u00e7\u00f5es, pesquisadores do QualiGov abordam temas centrais para entender as capacidades e os limites dos gestores locais no federalismo brasileiro<\/p>\n\n\n\n<p class=\"has-black-color has-white-background-color has-text-color has-background has-link-color has-medium-font-size wp-elements-e87073f96446d83aeca588d31dead9aa\">O Nexo come\u00e7a a publicar neste s\u00e1bado (6) uma s\u00e9rie de textos de opini\u00e3o sobre o papel dos munic\u00edpios no federalismo brasileiro. As publica\u00e7\u00f5es, que far\u00e3o parte da se\u00e7\u00e3o Debate, s\u00e3o produzidas por especialistas membros do INCT QualiGov (Instituto Nacional de Ci\u00eancia e Tecnologia Qualidade de Governo e Pol\u00edticas P\u00fablicas para o Desenvolvimento Sustent\u00e1vel).\u00a0<\/p>\n\n\n\n<p class=\"has-black-color has-white-background-color has-text-color has-background has-link-color has-medium-font-size wp-elements-2d17435cc91985208545498fbd3a9827\">Em dois textos por semana ao longo dos pr\u00f3ximos meses, pesquisadores abordar\u00e3o temas centrais para refletir sobre as possibilidades e limites dos gestores locais na agenda p\u00fablica do pa\u00eds, num ano em que eleitores v\u00e3o \u00e0s urnas para escolher novos prefeitos e vereadores.&nbsp;<\/p>\n\n\n\n<p class=\"has-black-color has-white-background-color has-text-color has-background has-link-color has-medium-font-size wp-elements-e5c29fa5a1c9943199e8c758ccdabc1b\">Organiza\u00e7\u00e3o administrativa local, gest\u00e3o de res\u00edduos s\u00f3lidos, mobilidade urbana, transpar\u00eancia e desastres clim\u00e1ticos s\u00e3o alguns dos assuntos que far\u00e3o parte da s\u00e9rie.&nbsp;<\/p>\n\n\n\n<p class=\"has-black-color has-white-background-color has-text-color has-background has-link-color has-medium-font-size wp-elements-bde9892de020813948d2057327488fbb\">Para o editor-chefe do Nexo, Conrado Corsalette, a iniciativa renova o compromisso do jornal com a qualifica\u00e7\u00e3o do debate pol\u00edtico. \u201cOs leitores ter\u00e3o acesso a reflex\u00f5es de excel\u00eancia sobre a import\u00e2ncia dos munic\u00edpios na gest\u00e3o p\u00fablica\u201d, disse.&nbsp;<\/p>\n\n\n\n<p class=\"has-black-color has-white-background-color has-text-color has-background has-link-color has-medium-font-size wp-elements-48e4408068dd82f6e555e1ad0af7cb3d\">Andr\u00e9 Marenco, coordenador do QualiGov, afirma que a parceria com o Nexo \u00e9 uma oportunidade de dialogar com gestores p\u00fablicos, governos, ONGs e a sociedade civil. \u201cO QualiGov quer investir na produ\u00e7\u00e3o de conhecimento aplicado, que contribua para a inova\u00e7\u00e3o na gest\u00e3o p\u00fablica e uma agenda de desenvolvimento sustent\u00e1vel\u201d, disse.&nbsp;<\/p>\n\n\n\n<p class=\"has-black-color has-white-background-color has-text-color has-background has-link-color has-medium-font-size wp-elements-205dd4740de5357b0ac8e9f03a110dfc\">O QualiGov \u00e9 formado por 18 universidades e institui\u00e7\u00f5es p\u00fablicas nacionais e 16 internacionais, e foi criado a partir de uma parceria entre CNPq (Conselho Nacional de Desenvolvimento Cient\u00edfico e Tecnol\u00f3gico), Capes (Coordena\u00e7\u00e3o de Aperfei\u00e7oamento de Pessoal de N\u00edvel Superior) e Fapergs (Funda\u00e7\u00e3o de Amparo \u00e0 pesquisa do Estado do Rio Grande do Sul).&nbsp;<\/p>\n\n\n\n<p class=\"has-black-color has-white-background-color has-text-color has-background has-link-color has-medium-font-size wp-elements-820982ab9cc1d738fcf99cf278a5b0a1\">A vice-coordenadora do QualiGov, Nat\u00e1lia S\u00e1tyro, enfatiza que a publica\u00e7\u00e3o da s\u00e9rie se prop\u00f5e a n\u00e3o s\u00f3 produzir conhecimento sobre gest\u00e3o e pol\u00edticas p\u00fablicas, mas tamb\u00e9m fazer \u201ccomunica\u00e7\u00e3o em linguagem acess\u00edvel do que se faz nas universidades e que \u00e9 bom para o gestor p\u00fablico diretamente\u201d. Eduardo Grin, coordenador de rela\u00e7\u00f5es institucionais do instituto, refor\u00e7a a import\u00e2ncia da iniciativa no ano eleitoral, junto \u00e0 \u201ccrescente relev\u00e2ncia dos governos locais no federalismo brasileiro\u201d.&nbsp;<\/p>\n\n\n\n<p class=\"has-black-color has-white-background-color has-text-color has-background has-link-color has-medium-font-size wp-elements-ae6d58a4426094cc357d4c59581cb730\"><a href=\"https:\/\/www.nexojornal.com.br\/expresso\/2024\/07\/03\/opiniao-eleicoes-papel-dos-municipios\">https:\/\/www.nexojornal.com.br\/expresso\/2024\/07\/03\/opiniao-eleicoes-papel-dos-municipios<\/a><\/p>\n\n\n\n<p><\/p>\n\n\n\n<p><strong><a href=\"http:\/\/qualigov.pro.br\/\" target=\"_blank\" rel=\"noreferrer noopener\">INCT-QualiGov<\/a><\/strong><\/p>\n","protected":false},"excerpt":{"rendered":"<p>Em ano de elei\u00e7\u00f5es, pesquisadores do QualiGov abordam temas centrais para entender as capacidades e os limites dos gestores locais no federalismo brasileiro O Nexo come\u00e7a a publicar neste s\u00e1bado (6) uma s\u00e9rie de textos de opini\u00e3o sobre o papel dos munic\u00edpios no federalismo brasileiro. As publica\u00e7\u00f5es, que far\u00e3o parte da se\u00e7\u00e3o Debate, s\u00e3o produzidas por especialistas membros do INCT QualiGov (Instituto Nacional de Ci\u00eancia e Tecnologia Qualidade de Governo e Pol\u00edticas P\u00fablicas para o Desenvolvimento Sustent\u00e1vel).\u00a0 Em dois textos por semana ao longo dos pr\u00f3ximos meses, pesquisadores abordar\u00e3o temas centrais para refletir sobre as possibilidades e limites dos gestores locais na agenda p\u00fablica do pa\u00eds, num ano em que eleitores v\u00e3o \u00e0s urnas para escolher novos prefeitos e vereadores.&nbsp; Organiza\u00e7\u00e3o administrativa local, gest\u00e3o de res\u00edduos s\u00f3lidos, mobilidade urbana, transpar\u00eancia e desastres clim\u00e1ticos s\u00e3o alguns dos assuntos que far\u00e3o parte da s\u00e9rie.&nbsp; Para o editor-chefe do Nexo, Conrado Corsalette, a iniciativa renova o compromisso do jornal com a qualifica\u00e7\u00e3o do debate pol\u00edtico. \u201cOs leitores ter\u00e3o acesso a reflex\u00f5es de excel\u00eancia sobre a import\u00e2ncia dos munic\u00edpios na gest\u00e3o p\u00fablica\u201d, disse.&nbsp; Andr\u00e9 Marenco, coordenador do QualiGov, afirma que a parceria com o Nexo \u00e9 uma oportunidade de dialogar com gestores p\u00fablicos, governos, ONGs e a sociedade civil. \u201cO QualiGov quer investir na produ\u00e7\u00e3o de conhecimento aplicado, que contribua para a inova\u00e7\u00e3o na gest\u00e3o p\u00fablica e uma agenda de desenvolvimento sustent\u00e1vel\u201d, disse.&nbsp; O QualiGov \u00e9 formado por 18 universidades e institui\u00e7\u00f5es p\u00fablicas nacionais e 16 internacionais, e foi criado a partir de uma parceria entre CNPq (Conselho Nacional de Desenvolvimento Cient\u00edfico e Tecnol\u00f3gico), Capes (Coordena\u00e7\u00e3o de Aperfei\u00e7oamento de Pessoal de N\u00edvel Superior) e Fapergs (Funda\u00e7\u00e3o de Amparo \u00e0 pesquisa do Estado do Rio Grande do Sul).&nbsp; A vice-coordenadora do QualiGov, Nat\u00e1lia S\u00e1tyro, enfatiza que a publica\u00e7\u00e3o da s\u00e9rie se prop\u00f5e a n\u00e3o s\u00f3 produzir conhecimento sobre gest\u00e3o e pol\u00edticas p\u00fablicas, mas tamb\u00e9m fazer \u201ccomunica\u00e7\u00e3o em linguagem acess\u00edvel do que se faz nas universidades e que \u00e9 bom para o gestor p\u00fablico diretamente\u201d. Eduardo Grin, coordenador de rela\u00e7\u00f5es institucionais do instituto, refor\u00e7a a import\u00e2ncia da iniciativa no ano eleitoral, junto \u00e0 \u201ccrescente relev\u00e2ncia dos governos locais no federalismo brasileiro\u201d.&nbsp; https:\/\/www.nexojornal.com.br\/expresso\/2024\/07\/03\/opiniao-eleicoes-papel-dos-municipios INCT-QualiGov<\/p>\n","protected":false},"author":1,"featured_media":0,"comment_status":"open","ping_status":"open","sticky":false,"template":"","format":"standard","meta":{"footnotes":""},"categories":[3],"tags":[],"class_list":["post-2914","post","type-post","status-publish","format-standard","hentry","category-blog"],"_links":{"self":[{"href":"https:\/\/cienciapolitica.org.br\/web\/wp-json\/wp\/v2\/posts\/2914","targetHints":{"allow":["GET"]}}],"collection":[{"href":"https:\/\/cienciapolitica.org.br\/web\/wp-json\/wp\/v2\/posts"}],"about":[{"href":"https:\/\/cienciapolitica.org.br\/web\/wp-json\/wp\/v2\/types\/post"}],"author":[{"embeddable":true,"href":"https:\/\/cienciapolitica.org.br\/web\/wp-json\/wp\/v2\/users\/1"}],"replies":[{"embeddable":true,"href":"https:\/\/cienciapolitica.org.br\/web\/wp-json\/wp\/v2\/comments?post=2914"}],"version-history":[{"count":2,"href":"https:\/\/cienciapolitica.org.br\/web\/wp-json\/wp\/v2\/posts\/2914\/revisions"}],"predecessor-version":[{"id":2916,"href":"https:\/\/cienciapolitica.org.br\/web\/wp-json\/wp\/v2\/posts\/2914\/revisions\/2916"}],"wp:attachment":[{"href":"https:\/\/cienciapolitica.org.br\/web\/wp-json\/wp\/v2\/media?parent=2914"}],"wp:term":[{"taxonomy":"category","embeddable":true,"href":"https:\/\/cienciapolitica.org.br\/web\/wp-json\/wp\/v2\/categories?post=2914"},{"taxonomy":"post_tag","embeddable":true,"href":"https:\/\/cienciapolitica.org.br\/web\/wp-json\/wp\/v2\/tags?post=2914"}],"curies":[{"name":"wp","href":"https:\/\/api.w.org\/{rel}","templated":true}]}}