{"id":2921,"date":"2024-07-11T14:02:57","date_gmt":"2024-07-11T14:02:57","guid":{"rendered":"https:\/\/cienciapolitica.org.br\/web\/?p=2921"},"modified":"2024-07-31T13:28:37","modified_gmt":"2024-07-31T13:28:37","slug":"eleicoes-diretoria-nacional-2024-26","status":"publish","type":"post","link":"https:\/\/cienciapolitica.org.br\/web\/eleicoes-diretoria-nacional-2024-26\/","title":{"rendered":"Elei\u00e7\u00f5es Diretoria Nacional (2024-26)"},"content":{"rendered":"\n<p>Prezados\/as associados\/as,<\/p>\n\n\n\n<p>A Comiss\u00e3o Eleitoral recebeu a inscri\u00e7\u00e3o de 1 (uma) chapa candidata \u00e0 Diretoria Nacional, para o bi\u00eanio 2024-2026, composta por:<\/p>\n\n\n\n<ul class=\"wp-block-list\">\n<li><em>Presidente<\/em>: Bruno Pinheiro Wanderley Reis (UFMG)<\/li>\n\n\n\n<li><em>Secret\u00e1ria Executiva<\/em>: Luciana da Concei\u00e7\u00e3o Farias Santana (UFAL)<\/li>\n\n\n\n<li><em>Secret\u00e1ria Executiva Adjunta<\/em>: Maria Dolores Lima da Silva (UFPA)<\/li>\n\n\n\n<li><em>Diretora de Ensino de P\u00f3s-gradua\u00e7\u00e3o<\/em>: Olivia Cristina Perez (UFPI)<\/li>\n\n\n\n<li><em>Diretor de Ensino de Gradua\u00e7\u00e3o<\/em>: Leon Victor de Queiroz Barbosa (UFPE)<\/li>\n\n\n\n<li><em>Diretor de Coopera\u00e7\u00e3o Internacional<\/em>: J\u00falio C\u00e9sar Cossio Rodriguez (UFSM)<\/li>\n\n\n\n<li><em>Diretora de Publica\u00e7\u00e3o<\/em>: Soraia Marcelino Vieira (UFF)<\/li>\n\n\n\n<li><em>Diretor de Projetos<\/em>: Manoel Galdino Pereira Neto (USP)<\/li>\n\n\n\n<li><em>Diretor de Pesquisa<\/em>: Rafael Cardoso Sampaio (UFPR)<\/li>\n\n\n\n<li><em>Diretora de Difus\u00e3o Cient\u00edfica<\/em>: Michelle Vieira Fernandez de Oliveira (UnB)<\/li>\n\n\n\n<li><em>Supl\u00eancias<\/em>: Bianca de Freitas Linhares (UFPel) e Ivo Jos\u00e9 de Aquino Coser (UniRio)<\/li>\n\n\n\n<li><em>Conselho Fiscal<\/em>: Cl\u00e1udio Andr\u00e9 de Souza (UNILAB), Geyza Alves Pimentel (UFRR) e Ivan Filipe de Almeida Lopes Fernandes (UFABC)<\/li>\n<\/ul>\n\n\n\n<p>A <strong>campanha eleitoral<\/strong> acontece entre os dias <strong>17 e 31 de julho de 2024<\/strong>.<\/p>\n\n\n\n<p>A <strong>vota\u00e7\u00e3o ser\u00e1 online<\/strong>, na \u00c1rea de Associado no site da ABCP, de <strong>02 a 07 de agosto de 2024.<\/strong><\/p>\n\n\n\n<p><\/p>\n\n\n\n<p>Desejamos a todos\/as uma boa elei\u00e7\u00e3o.<\/p>\n\n\n\n<p>Associa\u00e7\u00e3o Brasileira de Ci\u00eancia Pol\u00edtica<\/p>\n\n\n\n<div data-wp-interactive=\"core\/file\" class=\"wp-block-file\"><object data-wp-bind--hidden=\"!state.hasPdfPreview\" hidden class=\"wp-block-file__embed\" data=\"https:\/\/cienciapolitica.org.br\/web\/wp-content\/uploads\/2024\/07\/Programa-2024-Chapa-01.pdf\" type=\"application\/pdf\" style=\"width:100%;height:600px\" aria-label=\"Incorporado de Programa 2024 - Chapa 01.\"><\/object><a id=\"wp-block-file--media-2cb78360-9aca-4fa6-a618-2297de57fdaa\" href=\"https:\/\/cienciapolitica.org.br\/web\/wp-content\/uploads\/2024\/07\/Programa-2024-Chapa-01.pdf\">Programa 2024 &#8211; Chapa 01<\/a><a href=\"https:\/\/cienciapolitica.org.br\/web\/wp-content\/uploads\/2024\/07\/Programa-2024-Chapa-01.pdf\" class=\"wp-block-file__button wp-element-button\" download aria-describedby=\"wp-block-file--media-2cb78360-9aca-4fa6-a618-2297de57fdaa\">Baixar<\/a><\/div>\n","protected":false},"excerpt":{"rendered":"<p>Prezados\/as associados\/as, A Comiss\u00e3o Eleitoral recebeu a inscri\u00e7\u00e3o de 1 (uma) chapa candidata \u00e0 Diretoria Nacional, para o bi\u00eanio 2024-2026, composta por: A campanha eleitoral acontece entre os dias 17 e 31 de julho de 2024. A vota\u00e7\u00e3o ser\u00e1 online, na \u00c1rea de Associado no site da ABCP, de 02 a 07 de agosto de 2024. Desejamos a todos\/as uma boa elei\u00e7\u00e3o. Associa\u00e7\u00e3o Brasileira de Ci\u00eancia Pol\u00edtica<\/p>\n","protected":false},"author":1,"featured_media":0,"comment_status":"open","ping_status":"open","sticky":false,"template":"","format":"standard","meta":{"footnotes":""},"categories":[3],"tags":[],"class_list":["post-2921","post","type-post","status-publish","format-standard","hentry","category-blog"],"_links":{"self":[{"href":"https:\/\/cienciapolitica.org.br\/web\/wp-json\/wp\/v2\/posts\/2921","targetHints":{"allow":["GET"]}}],"collection":[{"href":"https:\/\/cienciapolitica.org.br\/web\/wp-json\/wp\/v2\/posts"}],"about":[{"href":"https:\/\/cienciapolitica.org.br\/web\/wp-json\/wp\/v2\/types\/post"}],"author":[{"embeddable":true,"href":"https:\/\/cienciapolitica.org.br\/web\/wp-json\/wp\/v2\/users\/1"}],"replies":[{"embeddable":true,"href":"https:\/\/cienciapolitica.org.br\/web\/wp-json\/wp\/v2\/comments?post=2921"}],"version-history":[{"count":5,"href":"https:\/\/cienciapolitica.org.br\/web\/wp-json\/wp\/v2\/posts\/2921\/revisions"}],"predecessor-version":[{"id":2979,"href":"https:\/\/cienciapolitica.org.br\/web\/wp-json\/wp\/v2\/posts\/2921\/revisions\/2979"}],"wp:attachment":[{"href":"https:\/\/cienciapolitica.org.br\/web\/wp-json\/wp\/v2\/media?parent=2921"}],"wp:term":[{"taxonomy":"category","embeddable":true,"href":"https:\/\/cienciapolitica.org.br\/web\/wp-json\/wp\/v2\/categories?post=2921"},{"taxonomy":"post_tag","embeddable":true,"href":"https:\/\/cienciapolitica.org.br\/web\/wp-json\/wp\/v2\/tags?post=2921"}],"curies":[{"name":"wp","href":"https:\/\/api.w.org\/{rel}","templated":true}]}}