{"id":2940,"date":"2024-07-26T15:53:24","date_gmt":"2024-07-26T15:53:24","guid":{"rendered":"https:\/\/cienciapolitica.org.br\/web\/?p=2940"},"modified":"2024-08-22T15:19:43","modified_gmt":"2024-08-22T15:19:43","slug":"chamada-para-propostas-de-dossie-do-caderno-crh-ufba-2025","status":"publish","type":"post","link":"https:\/\/cienciapolitica.org.br\/web\/chamada-para-propostas-de-dossie-do-caderno-crh-ufba-2025\/","title":{"rendered":"Chamada\u00a0para propostas de dossi\u00ea do\u00a0Caderno CRH\/UFBA\u00a0\u2013 2025"},"content":{"rendered":"\n<p class=\"has-black-color has-white-background-color has-text-color has-background has-link-color wp-elements-a9000900876d9e7a2234621379879c85\"><strong>O prazo de submiss\u00e3o foi prorrogado para 26\/08\/2024<\/strong><\/p>\n\n\n\n<p>Chamada&nbsp;para propostas de dossi\u00ea do&nbsp;<strong>Caderno CRH\/UFBA<\/strong>&nbsp;\u2013 2025<\/p>\n\n\n\n<p>Encontra-se aberto o prazo para envio de propostas para a composi\u00e7\u00e3o dos dossi\u00eas tem\u00e1ticos da Revista Caderno CRH, a serem publicados durante o ano de 2025. Os crit\u00e9rios gerais para submiss\u00e3o s\u00e3o os seguintes: (1) incluir, obrigatoriamente, ao menos um artigo de autor(es)\/a(as) estrangeiro(s)\/a(as); (2) incorporar contribui\u00e7\u00f5es de diferentes institui\u00e7\u00f5es, grupos de pesquisa e regi\u00f5es do pa\u00eds; (3) contemplar, entre os\/as autores\/as, a diversidade de g\u00eanero e ra\u00e7a. A parceria na coedi\u00e7\u00e3o de dossi\u00eas tem\u00e1ticos tem sido uma importante estrat\u00e9gia editorial, fomentando a discuss\u00e3o de tem\u00e1ticas atuais e transversais das ci\u00eancias sociais e garantindo maior circula\u00e7\u00e3o da revista, originalidade, internacionaliza\u00e7\u00e3o e integra\u00e7\u00e3o em redes consolidadas de pesquisa. As propostas completas, contendo as informa\u00e7\u00f5es abaixo, bem como as&nbsp;<a href=\"https:\/\/periodicos.ufba.br\/index.php\/crh\/$$$call$$$\/api\/file\/file-api\/download-library-file?libraryFileId=451\">declara\u00e7\u00f5es de concord\u00e2ncia<\/a>&nbsp;e&nbsp;<a href=\"https:\/\/periodicos.ufba.br\/index.php\/crh\/$$$call$$$\/api\/file\/file-api\/download-library-file?libraryFileId=452\">autodeclara\u00e7\u00f5es de g\u00eanero e ra\u00e7a<\/a>&nbsp;(conforme modelos disponibilizados no Anexo 2 e no Anexo 3 desta chamada), de todos\/as os\/as autores\/as, dever\u00e3o ser encaminhadas at\u00e9 o dia 20\/08\/2024 para o e-mail&nbsp;<a href=\"https:\/\/periodicos.ufba.br\/index.php\/crh\/announcement\/view\/cadernocrhufba@gmail.com\">cadernocrhufba@gmail.com<\/a>.<\/p>\n\n\n\n<ul class=\"wp-block-list\">\n<li>T\u00edtulo do dossi\u00ea<\/li>\n\n\n\n<li>Breve apresenta\u00e7\u00e3o dos organizadores(as)<\/li>\n\n\n\n<li>Ementa,&nbsp;com at\u00e9 700 palavras, incluindo justificativa sobre a relev\u00e2ncia do tema e as contribui\u00e7\u00f5es para o campo de pesquisa no qual se inscreve; e<\/li>\n\n\n\n<li>Nome e mini curr\u00edculo dos(as) autores(as)&nbsp;(at\u00e9 cinco linhas), t\u00edtulo&nbsp;(at\u00e9 70 caracteres)&nbsp;e resumos dos artigos&nbsp;(at\u00e9 250 palavras).<\/li>\n<\/ul>\n\n\n\n<p>Cronograma:&nbsp;<br>Publica\u00e7\u00e3o da chamada:&nbsp;09\/07\/2024<\/p>\n\n\n\n<p>Per\u00edodo de submiss\u00e3o das propostas:\u00a0<s>09\/07 a 20\/08\/2024<\/s> <strong>O prazo de submiss\u00e3o foi prorrogado para 26\/08\/2024.<\/strong><\/p>\n\n\n\n<p>Divulga\u00e7\u00e3o do Resultado:&nbsp;At\u00e9 05\/09\/2024<\/p>\n\n\n\n<p>Mais informa\u00e7\u00f5es:&nbsp;<a href=\"https:\/\/periodicos.ufba.br\/index.php\/crh\/announcement\/view\/792\">https:\/\/periodicos.ufba.br\/index.php\/crh\/announcement\/view\/792<\/a><\/p>\n","protected":false},"excerpt":{"rendered":"<p>O prazo de submiss\u00e3o foi prorrogado para 26\/08\/2024 Chamada&nbsp;para propostas de dossi\u00ea do&nbsp;Caderno CRH\/UFBA&nbsp;\u2013 2025 Encontra-se aberto o prazo para envio de propostas para a composi\u00e7\u00e3o dos dossi\u00eas tem\u00e1ticos da Revista Caderno CRH, a serem publicados durante o ano de 2025. Os crit\u00e9rios gerais para submiss\u00e3o s\u00e3o os seguintes: (1) incluir, obrigatoriamente, ao menos um artigo de autor(es)\/a(as) estrangeiro(s)\/a(as); (2) incorporar contribui\u00e7\u00f5es de diferentes institui\u00e7\u00f5es, grupos de pesquisa e regi\u00f5es do pa\u00eds; (3) contemplar, entre os\/as autores\/as, a diversidade de g\u00eanero e ra\u00e7a. A parceria na coedi\u00e7\u00e3o de dossi\u00eas tem\u00e1ticos tem sido uma importante estrat\u00e9gia editorial, fomentando a discuss\u00e3o de tem\u00e1ticas atuais e transversais das ci\u00eancias sociais e garantindo maior circula\u00e7\u00e3o da revista, originalidade, internacionaliza\u00e7\u00e3o e integra\u00e7\u00e3o em redes consolidadas de pesquisa. As propostas completas, contendo as informa\u00e7\u00f5es abaixo, bem como as&nbsp;declara\u00e7\u00f5es de concord\u00e2ncia&nbsp;e&nbsp;autodeclara\u00e7\u00f5es de g\u00eanero e ra\u00e7a&nbsp;(conforme modelos disponibilizados no Anexo 2 e no Anexo 3 desta chamada), de todos\/as os\/as autores\/as, dever\u00e3o ser encaminhadas at\u00e9 o dia 20\/08\/2024 para o e-mail&nbsp;cadernocrhufba@gmail.com. Cronograma:&nbsp;Publica\u00e7\u00e3o da chamada:&nbsp;09\/07\/2024 Per\u00edodo de submiss\u00e3o das propostas:\u00a009\/07 a 20\/08\/2024 O prazo de submiss\u00e3o foi prorrogado para 26\/08\/2024. Divulga\u00e7\u00e3o do Resultado:&nbsp;At\u00e9 05\/09\/2024 Mais informa\u00e7\u00f5es:&nbsp;https:\/\/periodicos.ufba.br\/index.php\/crh\/announcement\/view\/792<\/p>\n","protected":false},"author":1,"featured_media":2941,"comment_status":"open","ping_status":"open","sticky":false,"template":"","format":"standard","meta":{"footnotes":""},"categories":[3],"tags":[],"class_list":["post-2940","post","type-post","status-publish","format-standard","has-post-thumbnail","hentry","category-blog"],"_links":{"self":[{"href":"https:\/\/cienciapolitica.org.br\/web\/wp-json\/wp\/v2\/posts\/2940","targetHints":{"allow":["GET"]}}],"collection":[{"href":"https:\/\/cienciapolitica.org.br\/web\/wp-json\/wp\/v2\/posts"}],"about":[{"href":"https:\/\/cienciapolitica.org.br\/web\/wp-json\/wp\/v2\/types\/post"}],"author":[{"embeddable":true,"href":"https:\/\/cienciapolitica.org.br\/web\/wp-json\/wp\/v2\/users\/1"}],"replies":[{"embeddable":true,"href":"https:\/\/cienciapolitica.org.br\/web\/wp-json\/wp\/v2\/comments?post=2940"}],"version-history":[{"count":2,"href":"https:\/\/cienciapolitica.org.br\/web\/wp-json\/wp\/v2\/posts\/2940\/revisions"}],"predecessor-version":[{"id":3111,"href":"https:\/\/cienciapolitica.org.br\/web\/wp-json\/wp\/v2\/posts\/2940\/revisions\/3111"}],"wp:featuredmedia":[{"embeddable":true,"href":"https:\/\/cienciapolitica.org.br\/web\/wp-json\/wp\/v2\/media\/2941"}],"wp:attachment":[{"href":"https:\/\/cienciapolitica.org.br\/web\/wp-json\/wp\/v2\/media?parent=2940"}],"wp:term":[{"taxonomy":"category","embeddable":true,"href":"https:\/\/cienciapolitica.org.br\/web\/wp-json\/wp\/v2\/categories?post=2940"},{"taxonomy":"post_tag","embeddable":true,"href":"https:\/\/cienciapolitica.org.br\/web\/wp-json\/wp\/v2\/tags?post=2940"}],"curies":[{"name":"wp","href":"https:\/\/api.w.org\/{rel}","templated":true}]}}