{"id":2991,"date":"2024-08-01T22:03:58","date_gmt":"2024-08-01T22:03:58","guid":{"rendered":"https:\/\/cienciapolitica.org.br\/web\/?p=2991"},"modified":"2024-08-01T22:03:59","modified_gmt":"2024-08-01T22:03:59","slug":"programacao-de-seminarios-do-dcp-usp-do-segundo-semestre-de-2024","status":"publish","type":"post","link":"https:\/\/cienciapolitica.org.br\/web\/programacao-de-seminarios-do-dcp-usp-do-segundo-semestre-de-2024\/","title":{"rendered":"Programa\u00e7\u00e3o\u00a0de\u00a0Semin\u00e1rios\u00a0do DCP-USP\u00a0do segundo semestre de 2024"},"content":{"rendered":"\n<p>Caras e caros colegas<br><br>\u00c9 com grande satisfa\u00e7\u00e3o e entusiasmo que divulgamos a&nbsp;<strong>Programa\u00e7\u00e3o&nbsp;de&nbsp;Semin\u00e1rios&nbsp;do DCP-USP&nbsp;do segundo semestre de 2024.<\/strong><\/p>\n\n\n\n<p>Uma vez mais teremos uma&nbsp;programa\u00e7\u00e3o&nbsp;forte, diversificada em linhas e abordagens, internacionalizada e com pesquisas instigantes.<br>Ser\u00e3o 15&nbsp;semin\u00e1rios, sendo 13&nbsp;presenciais (mas com transmiss\u00e3o pelo Youtube) e 2 realizados por meio do Zoom.&nbsp;<\/p>\n\n\n\n<p>&nbsp;Teremos conferencistas de reconhecido prest\u00edgio, mas tamb\u00e9m pesquisadores\/as jovens, ex-alunos\/as e colegas que acabaram de ingressar no DCP-USP. Destaco igualmente o XIV&nbsp;Semin\u00e1rio Discente (cuja programa\u00e7\u00e3o ser\u00e1 divulgada oportunamente) e o semin\u00e1rio com egressos\/as do Programa.&nbsp;<\/p>\n\n\n\n<p>Esperamos ter um \u00f3timo semestre, pleno de \u00f3timas discuss\u00f5es.<\/p>\n\n\n\n<p>Ser\u00e1 um prazer receber e contar com a presen\u00e7a de voc\u00eas.<\/p>\n\n\n\n<p><em>Rog\u00e9rio Arantes<br>Coordena\u00e7\u00e3o de\u00a0Semin\u00e1rios<br>DCP-USP<\/em><\/p>\n\n\n\n<figure class=\"wp-block-image size-large\"><img fetchpriority=\"high\" decoding=\"async\" width=\"576\" height=\"1024\" src=\"https:\/\/cienciapolitica.org.br\/web\/wp-content\/uploads\/2024\/08\/PPGCP-seminarios-cartaz-principal-2-2024-576x1024.png\" alt=\"\" class=\"wp-image-2992\" srcset=\"https:\/\/cienciapolitica.org.br\/web\/wp-content\/uploads\/2024\/08\/PPGCP-seminarios-cartaz-principal-2-2024-576x1024.png 576w, https:\/\/cienciapolitica.org.br\/web\/wp-content\/uploads\/2024\/08\/PPGCP-seminarios-cartaz-principal-2-2024-169x300.png 169w, https:\/\/cienciapolitica.org.br\/web\/wp-content\/uploads\/2024\/08\/PPGCP-seminarios-cartaz-principal-2-2024-768x1365.png 768w, https:\/\/cienciapolitica.org.br\/web\/wp-content\/uploads\/2024\/08\/PPGCP-seminarios-cartaz-principal-2-2024-864x1536.png 864w, https:\/\/cienciapolitica.org.br\/web\/wp-content\/uploads\/2024\/08\/PPGCP-seminarios-cartaz-principal-2-2024.png 1080w\" sizes=\"(max-width: 576px) 100vw, 576px\" \/><\/figure>\n","protected":false},"excerpt":{"rendered":"<p>Caras e caros colegas \u00c9 com grande satisfa\u00e7\u00e3o e entusiasmo que divulgamos a&nbsp;Programa\u00e7\u00e3o&nbsp;de&nbsp;Semin\u00e1rios&nbsp;do DCP-USP&nbsp;do segundo semestre de 2024. Uma vez mais teremos uma&nbsp;programa\u00e7\u00e3o&nbsp;forte, diversificada em linhas e abordagens, internacionalizada e com pesquisas instigantes.Ser\u00e3o 15&nbsp;semin\u00e1rios, sendo 13&nbsp;presenciais (mas com transmiss\u00e3o pelo Youtube) e 2 realizados por meio do Zoom.&nbsp; &nbsp;Teremos conferencistas de reconhecido prest\u00edgio, mas tamb\u00e9m pesquisadores\/as jovens, ex-alunos\/as e colegas que acabaram de ingressar no DCP-USP. Destaco igualmente o XIV&nbsp;Semin\u00e1rio Discente (cuja programa\u00e7\u00e3o ser\u00e1 divulgada oportunamente) e o semin\u00e1rio com egressos\/as do Programa.&nbsp; Esperamos ter um \u00f3timo semestre, pleno de \u00f3timas discuss\u00f5es. Ser\u00e1 um prazer receber e contar com a presen\u00e7a de voc\u00eas. Rog\u00e9rio ArantesCoordena\u00e7\u00e3o de\u00a0Semin\u00e1riosDCP-USP<\/p>\n","protected":false},"author":1,"featured_media":0,"comment_status":"open","ping_status":"open","sticky":false,"template":"","format":"standard","meta":{"footnotes":""},"categories":[3],"tags":[],"class_list":["post-2991","post","type-post","status-publish","format-standard","hentry","category-blog"],"_links":{"self":[{"href":"https:\/\/cienciapolitica.org.br\/web\/wp-json\/wp\/v2\/posts\/2991","targetHints":{"allow":["GET"]}}],"collection":[{"href":"https:\/\/cienciapolitica.org.br\/web\/wp-json\/wp\/v2\/posts"}],"about":[{"href":"https:\/\/cienciapolitica.org.br\/web\/wp-json\/wp\/v2\/types\/post"}],"author":[{"embeddable":true,"href":"https:\/\/cienciapolitica.org.br\/web\/wp-json\/wp\/v2\/users\/1"}],"replies":[{"embeddable":true,"href":"https:\/\/cienciapolitica.org.br\/web\/wp-json\/wp\/v2\/comments?post=2991"}],"version-history":[{"count":1,"href":"https:\/\/cienciapolitica.org.br\/web\/wp-json\/wp\/v2\/posts\/2991\/revisions"}],"predecessor-version":[{"id":2993,"href":"https:\/\/cienciapolitica.org.br\/web\/wp-json\/wp\/v2\/posts\/2991\/revisions\/2993"}],"wp:attachment":[{"href":"https:\/\/cienciapolitica.org.br\/web\/wp-json\/wp\/v2\/media?parent=2991"}],"wp:term":[{"taxonomy":"category","embeddable":true,"href":"https:\/\/cienciapolitica.org.br\/web\/wp-json\/wp\/v2\/categories?post=2991"},{"taxonomy":"post_tag","embeddable":true,"href":"https:\/\/cienciapolitica.org.br\/web\/wp-json\/wp\/v2\/tags?post=2991"}],"curies":[{"name":"wp","href":"https:\/\/api.w.org\/{rel}","templated":true}]}}