{"id":31,"date":"2020-07-12T03:57:06","date_gmt":"2020-07-12T03:57:06","guid":{"rendered":"https:\/\/tmp.cienciapolitica.org.br\/2020\/07\/12\/especial-abcp-acoes-ceara-enfrentamento\/"},"modified":"2020-07-12T03:57:06","modified_gmt":"2020-07-12T03:57:06","slug":"especial-abcp-acoes-ceara-enfrentamento","status":"publish","type":"post","link":"https:\/\/cienciapolitica.org.br\/web\/especial-abcp-acoes-ceara-enfrentamento\/","title":{"rendered":"ESPECIAL ABCP: As a\u00e7\u00f5es do Cear\u00e1 no enfrentamento \u00e0 pandemia"},"content":{"rendered":"<p>Este \u00e9 o vig\u00e9simo s\u00e9timo texto da s\u00e9rie de an\u00e1lises contextualizadas de cada um dos estados brasileiros, no especial &#8220;Os governos estaduais e as a\u00e7\u00f5es de enfrentamento \u00e0 pandemia no Brasil&#8221;, publicado entre os dias 8 e 12 de junho na p\u00e1gina da ABCP. Acompanhe!<br \/>\n<!--more--><\/p>\n<h4>Este \u00e9 o vig\u00e9simo s\u00e9timo texto da s\u00e9rie de an\u00e1lises contextualizadas de cada um dos estados brasileiros, no especial &#8220;<a href=\"https:\/\/cienciapolitica.org.br\/noticias\/2020\/06\/especial-abcp-governos-estaduais-e-acoes-enfrentamento\">Os governos estaduais e as a\u00e7\u00f5es de enfrentamento \u00e0 pandemia no Brasil<\/a>&#8220;, publicado entre os dias 8 e 12 de junho na p\u00e1gina da ABCP. Acompanhe!<\/h4>\n<hr \/>\n<p><strong>Cear\u00e1: atua\u00e7\u00e3o consistente, coesa, articulada e antecipada <\/strong><\/p>\n<p>Nome dos(as)&nbsp;autores(as) e institui\u00e7\u00e3o a que est\u00e3o vinculados(as):&nbsp;Gustavo Guerreiro (UECE);&nbsp;Hor\u00e1cio Frota (UECE) e&nbsp;M\u00f4nica Martins&nbsp;(UECE)<\/p>\n<p>Titula\u00e7\u00e3o&nbsp;dos(as) autores(as) e institui\u00e7\u00e3o&nbsp;em que a&nbsp;obtiveram: Doutorando em Pol\u00edticas P\u00fablicas na UECE;&nbsp;Doutor&nbsp;em Ci\u00eancia Pol\u00edtica pela Universidad de Salamanca;&nbsp;Doutora em Sociologia pela Universidade Federal do Cear\u00e1<\/p>\n<p>Regi\u00e3o:&nbsp;Nordeste<\/p>\n<p>Governador (Partido):&nbsp;Camilo Santana (PT)<\/p>\n<p>Popula\u00e7\u00e3o: \u00daltimo Censo (2010) &#8211; 8.452.381;&nbsp;Pop. Estimada (2019) &#8211; 9.132.078<\/p>\n<p>N\u00famero de munic\u00edpios:&nbsp;184<\/p>\n<p>Casos confirmados em 09\/06\/2020:&nbsp;69.023<\/p>\n<p>\u00d3bitos confirmados em 09\/06\/2020:&nbsp;4.359<\/p>\n<p>\u00d3bitos por 100 mil hab.:&nbsp;46<\/p>\n<hr \/>\n<p><strong>* Por:&nbsp;<\/strong><strong>Gustavo Guerreiro;&nbsp;Hor\u00e1cio Frota e&nbsp;M\u00f4nica Martins<\/strong><\/p>\n<p>A a\u00e7\u00e3o integrada dos nove estados no \u00e2mbito do Cons\u00f3rcio Nordeste e do Comit\u00ea Cient\u00edfico do Nordeste de Enfrentamento ao Coronav\u00edrus tem facilitado o combate \u00e0 pandemia. O Cear\u00e1 \u00e9 o terceiro estado do pa\u00eds mais atingido pela Covid-19.<\/p>\n<p>As raz\u00f5es s\u00e3o m\u00faltiplas: Fortaleza se tornou um hub a\u00e9reo, com grande fluxo de visitantes internacionais; no in\u00edcio da pandemia, houve circula\u00e7\u00e3o precoce de pessoas contaminadas; h\u00e1 uma sazonalidade de viroses respirat\u00f3rias entre fevereiro e mar\u00e7o; falta testagem de larga escala. Neste momento, a principal preocupa\u00e7\u00e3o do governo \u00e9 monitorar a dispers\u00e3o da pandemia na periferia de Fortaleza e nos munic\u00edpios do interior, e garantir equipamentos de prote\u00e7\u00e3o e evitar a contamina\u00e7\u00e3o dos profissionais da sa\u00fade.&nbsp;<\/p>\n<p>O governo cearense prioriza a articula\u00e7\u00e3o interinstitucional para conter os efeitos da Covid-19, especialmente a partir do Comit\u00ea Estadual de Enfrentamento \u00e0 Pandemia do Coronav\u00edrus (decreto no 33.509 de 13 de mar\u00e7o), composto por 25 \u00f3rg\u00e3os p\u00fablicos e organiza\u00e7\u00f5es da sociedade civil.<\/p>\n<p>Est\u00e1 em vigor o estado de emerg\u00eancia de sa\u00fade p\u00fablica no Cear\u00e1 e sendo implantado o Plano Estadual de Conting\u00eancia para Resposta \u00e0s Emerg\u00eancias em Sa\u00fade P\u00fablica. Algumas medidas foram tomadas de imediato como a suspens\u00e3o de: f\u00e9rias dos servidores de sa\u00fade, eventos com mais de 100 pessoas, atividades nas escolas e universidades, visitas \u00e0s unidades prisionais, viagens nacionais e internacionais.&nbsp;<\/p>\n<p>O governo do estado arrendou um hospital com quase 300 leitos e o governo municipal ampliou o n\u00famero de leitos na capital. No principal hospital de traumas foram acrescidas 40 vagas de UTI (Unidade de Tratamento Intensivo), que se somam a dos hospitais privados.<\/p>\n<p>Foi conclu\u00eddo um hospital de campanha em Fortaleza, com 200 leitos, localizado em um est\u00e1dio de futebol na \u00e1rea central da cidade. Outros est\u00e3o em constru\u00e7\u00e3o nos estacionamentos dos hospitais Carlos Alberto Studart, C\u00e9sar Cals e Hospital Geral de Fortaleza (HGF). No total s\u00e3o 600 novos leitos ao custo de R$ 245 milh\u00f5es, al\u00e9m dos hospitais regionais com leitos de UTI.&nbsp;<\/p>\n<p>Outra importante frente de atua\u00e7\u00e3o governamental ocorre na \u00e1rea de ci\u00eancia e tecnologia. As a\u00e7\u00f5es v\u00e3o desde a orienta\u00e7\u00e3o para estimular a sociedade \u00e0 produ\u00e7\u00e3o de m\u00e1scaras caseiras, passando pela amplia\u00e7\u00e3o da testagem dos profissionais de sa\u00fade at\u00e9 a ado\u00e7\u00e3o de um protocolo unificado de prote\u00e7\u00e3o a esses profissionais.<\/p>\n<p>Na Secretaria de Ci\u00eancia e Tecnologia est\u00e3o sendo desenvolvidos projetos em parceria com as universidades, Institutos Federais e empresas: recupera\u00e7\u00e3o de respiradores, constru\u00e7\u00e3o de novos respiradores em parceria com empresas locais e confec\u00e7\u00e3o de EPIs (equipamentos de prote\u00e7\u00e3o individual) a partir das impressoras 3D.<\/p>\n<p>As m\u00e1scaras para os profissionais de sa\u00fade s\u00e3o produzidas no \u00e2mbito do projeto CriarCE, destinado a empreendedores que desenvolvem novos neg\u00f3cios, processos colaborativos de cria\u00e7\u00e3o, compartilhamento de ideias e uso de ferramentas de cria\u00e7\u00e3o digital.&nbsp;<\/p>\n<p>Tamb\u00e9m s\u00e3o destinados recursos, por meio de bolsas de pesquisa e compra de insumos, aos laborat\u00f3rios das universidades federal e estadual para pesquisas virol\u00f3gicas. A Funcap (Funda\u00e7\u00e3o Cearense de amparo \u00e0 Pesquisa) lan\u00e7ou um edital voltado para a\u00e7\u00f5es de enfrentamento \u00e0 Covid-19 e o Nutec (N\u00facleo de Tecnologia e Qualidade Industrial do Cear\u00e1) realiza an\u00e1lises f\u00edsico-qu\u00edmicas e cromatogr\u00e1ficas para verificar o teor de \u00e1lcool a 70%.&nbsp;<\/p>\n<p>As tr\u00eas maiores universidades cearenses (federal, estadual e privada) v\u00eam atuando de forma integrada no combate \u00e0 pandemia, mediante atividades de pesquisa \u2014 mapeamento da Covid-19 nos bairros de Fortaleza, vulnerabilidade da economia cearense, pr\u00e1ticas de isolamento social dos moradores da capital e monitoramento da qualidade do ar durante o isolamento.<\/p>\n<p>Registra-se ainda a produ\u00e7\u00e3o de testes gen\u00e9ticos para a detec\u00e7\u00e3o r\u00e1pida do v\u00edrus, o desenvolvimento de uma plataforma com simulador virtual para treinamento no uso de respiradores e a confec\u00e7\u00e3o de material de divulga\u00e7\u00e3o em massa sobre os riscos da pandemia para ser distribu\u00eddo para a popula\u00e7\u00e3o.&nbsp;<\/p>\n<p>A aus\u00eancia de ordenamento urbano, a precariedade de infraestrutura \u2014 esgoto, drenagem, \u00e1gua pot\u00e1vel, coleta de lixo \u2014 e a pouca presen\u00e7a do poder p\u00fablico nas comunidades mais carentes propicia o r\u00e1pido avan\u00e7o da Covid-19.<\/p>\n<p>As maiores v\u00edtimas da pandemia s\u00e3o os trabalhadores, e, para atenuar, em parte, essa situa\u00e7\u00e3o entidades da sociedade civil \u2014 Central \u00danica de Favelas, Pastoral do Povo da Rua, Associa\u00e7\u00e3o de Catadores de Lixo, MST (Movimento dos Trabalhadores Sem-Terras), Articula\u00e7\u00e3o dos Povos Ind\u00edgenas do Brasil, entre outras \u2014 realizam campanhas para arrecadar recursos, al\u00e9m de organizar grupos de coopera\u00e7\u00e3o que assumem a distribui\u00e7\u00e3o de cestas de alimentos, rem\u00e9dios, material de higiene e limpeza.&nbsp;<\/p>\n<p>O governo do Cear\u00e1 tem atuado de forma consistente, coesa, articulada e antecipada. Em recente pesquisa, as medidas adotadas pelo governo foram aprovadas por 90% dos entrevistados.&nbsp;<\/p>\n<p>No dia 29 do m\u00eas passado o Estado apresentava o resultado de quase 115 mil testes de Covid-19: os resultados apontaram que 7.688 pessoas estavam infectadas desde a \u00faltima atualiza\u00e7\u00e3o da plataforma IntegraSUS. A velocidade da propaga\u00e7\u00e3o do v\u00edrus come\u00e7ou a cair em Fortaleza, mas os casos foram se multiplicando pelas cidades do interior.&nbsp;<\/p>\n<p><img decoding=\"async\" alt=\"A a\u00e7\u00e3o integrada dos nove estados no \u00e2mbito do Cons\u00f3rcio Nordeste e do Comit\u00ea Cient\u00edfico do Nordeste de Enfrentamento ao Coronav\u00edrus tem facilitado o combate \u00e0 pandemia. O Cear\u00e1 \u00e9 o terceiro estado do pa\u00eds mais atingido pela covid-19. As raz\u00f5es s\u00e3o m\u00faltiplas: Fortaleza se tornou um hub a\u00e9reo, com grande fluxo de visitantes internacionais; no in\u00edcio da pandemia, houve circula\u00e7\u00e3o precoce de pessoas contaminadas; h\u00e1 uma sazonalidade de viroses respirat\u00f3rias entre fevereiro e mar\u00e7o; falta testagem de larga escala. Neste momento, a principal preocupa\u00e7\u00e3o do governo \u00e9 monitorar a dispers\u00e3o da pandemia na periferia de Fortaleza e nos munic\u00edpios do interior, e garantir equipamentos de prote\u00e7\u00e3o e evitar a contamina\u00e7\u00e3o dos profissionais da sa\u00fade.  O governo cearense prioriza a articula\u00e7\u00e3o interinstitucional para conter os efeitos da covid-19, especialmente a partir do Comit\u00ea Estadual de Enfrentamento \u00e0 Pandemia do Coronav\u00edrus (decreto no 33.509 de 13 de mar\u00e7o), composto por 25 \u00f3rg\u00e3os p\u00fablicos e organiza\u00e7\u00f5es da sociedade civil. Est\u00e1 em vigor o estado de emerg\u00eancia de sa\u00fade p\u00fablica no Cear\u00e1 e sendo implantado o Plano Estadual de Conting\u00eancia para Resposta \u00e0s Emerg\u00eancias em Sa\u00fade P\u00fablica. Algumas medidas foram tomadas de imediato como a suspens\u00e3o de: f\u00e9rias dos servidores de sa\u00fade, eventos com mais de 100 pessoas, atividades nas escolas e universidades, visitas \u00e0s unidades prisionais, viagens nacionais e internacionais.  O governo do estado arrendou um hospital com quase 300 leitos e o governo municipal ampliou o n\u00famero de leitos na capital. No principal hospital de traumas foram acrescidas 40 vagas de UTI (Unidade de Tratamento Intensivo), que se somam a dos hospitais privados. Foi conclu\u00eddo um hospital de campanha em Fortaleza, com 200 leitos, localizado em um est\u00e1dio de futebol na \u00e1rea central da cidade. Outros est\u00e3o em constru\u00e7\u00e3o nos estacionamentos dos hospitais Carlos Alberto Studart, C\u00e9sar Cals e Hospital Geral de Fortaleza (HGF). No total s\u00e3o 600 novos leitos ao custo de R$ 245 milh\u00f5es, al\u00e9m dos hospitais regionais com\" data-caption=\"Gr\u00e1fico com dados extra\u00eddos do IntegraSUS revela tend\u00eancia de estabilidade na curva de casos confirmados de coronav\u00edrus em Fortaleza.&lt;br \/&gt;\n&lt;br \/&gt;\n&lt;em&gt;Fonte:SESA\/Integra SUS&lt;\/em&gt;\" data-entity-type=\"file\" data-entity-uuid=\"512d9f2c-9e9f-4579-a013-628cc669bb2c\" src=\"\/sites\/default\/files\/imagens\/wysiwyg\/cear%C3%A1.jpg\" \/><\/p>\n<p>A redu\u00e7\u00e3o de casos da capital, fez com que o governo, a partir de 08 de junho, entrasse na primeira fase do <strong>Plano de Retomada Respons\u00e1vel das Atividades Econ\u00f4micas e Comportamentais<\/strong>.<\/p>\n<p>Nesta primeira semana, se iniciaram as seguintes atividades: constru\u00e7\u00e3o civil; ind\u00fastria qu\u00edmica e correlatos; artigos de couros e cal\u00e7ados; ind\u00fastria metal mec\u00e2nica e afins; saneamento e reciclagem; ind\u00fastria e servi\u00e7os de apoio; energia; t\u00eaxteis e roupas; comunica\u00e7\u00e3o, publicidade e editora\u00e7\u00e3o; artigos do lar; agropecu\u00e1ria; m\u00f3veis e madeira; tecnologia da informa\u00e7\u00e3o; log\u00edstica e transporte; automotiva; esporte, cultura e lazer; com\u00e9rcio e servi\u00e7o de higiene e limpeza; e com\u00e9rcio de outros produtos.<\/p>\n<p>A \u00e1rea da sa\u00fade (incluindo consult\u00f3rios m\u00e9dicos e odontol\u00f3gicos) vem sendo autorizada a funcionar com sua capacidade total, distinta dos 40% que foi autorizado para os setores relacionados anteriormente.&nbsp;<\/p>\n<p>As medidas da capital, no entanto, n\u00e3o puderam ser generalizadas para todo o Estado. Na regi\u00e3o Norte e Sul do Cear\u00e1 continuaram as medidas de isolamento social r\u00edgido. O n\u00famero de pessoas atingidas pela&nbsp;Covid-19 aumenta em tais regi\u00f5es.<\/p>\n<p>O Prefeito de Fortaleza expressou o pensamento otimista de uma parte significativa dos gestores estaduais, quando disse que (&#8230;) <em>a responsabilidade e a consci\u00eancia de cada um podem fazer a diferen\u00e7a<\/em>, e salientou a necessidade de <em>que cada um seja um fiscal, pois as empresas que v\u00e3o abrir precisam cumprir um protocolo<\/em>.<\/p>\n<p>No entanto, o resultado vem mostrando a falta de cumprimento das medidas preventivas de afastamento e a aus\u00eancia de fiscaliza\u00e7\u00e3o por parte da popula\u00e7\u00e3o com rela\u00e7\u00e3o as aglomera\u00e7\u00f5es. A retomada do <em>lockdown<\/em> pode ser uma triste realidade que se aproxima, haja vista que <em>shopping center,<\/em> galerias, centro comerciais, bancos e transportes coletivos est\u00e3o com um fluxo de pessoas al\u00e9m do recomendado.&nbsp;<\/p>\n<p><strong>*&nbsp;<\/strong><strong>Gustavo Guerreiro<\/strong><em>&nbsp;\u00e9<\/em><em>&nbsp;diretor de pesquisa do Cebrapaz (Centro Brasileiro de&nbsp;<\/em><em>Solidariedade Aos Povos e Luta Pela Paz), doutorando em pol\u00edticas p\u00fablicas na UECE&nbsp;(Universidade Estadual do Cear\u00e1) e&nbsp;editor de Tens\u00f5es Mundiais.<\/em><\/p>\n<p><strong>*&nbsp;<\/strong><strong>Hor\u00e1cio Frota <\/strong><em>\u00e9<\/em><em>&nbsp;doutor&nbsp;em Ci\u00eancia Pol\u00edtica pela Universidad de Salamanca,&nbsp;coordenador do Programa de P\u00f3s-Gradua\u00e7\u00e3o em Pol\u00edticas P\u00fablicas da UECE e&nbsp;editor da revista Conhecer:&nbsp;debate entre o p\u00fablico e o privado.<\/em><\/p>\n<p><strong>*&nbsp;<\/strong><strong>M\u00f4nica Martins <\/strong><em>\u00e9 doutora<\/em><em>&nbsp;em Sociologia pela Universidade Federal do Cear\u00e1,&nbsp; coordenadora do Programa de P\u00f3s-Gradua\u00e7\u00e3o em Sociologia da UECE,&nbsp;membro do Conselho Diretor do Clacso (Consejo Latinoamericano de Ciencias&nbsp;<\/em><em>Sociales) e editora de Tens\u00f5es Mundiais.<\/em><\/p>\n","protected":false},"excerpt":{"rendered":"<p>Este \u00e9 o vig\u00e9simo s\u00e9timo texto da s\u00e9rie de an\u00e1lises contextualizadas de cada um dos estados brasileiros, no especial &#8220;Os governos estaduais e as a\u00e7\u00f5es de enfrentamento \u00e0 pandemia no Brasil&#8221;, publicado entre os dias 8 e 12 de junho na p\u00e1gina da ABCP. Acompanhe!<\/p>\n","protected":false},"author":3,"featured_media":0,"comment_status":"open","ping_status":"open","sticky":false,"template":"","format":"standard","meta":{"footnotes":""},"categories":[1],"tags":[],"class_list":["post-31","post","type-post","status-publish","format-standard","hentry","category-uncategorized"],"_links":{"self":[{"href":"https:\/\/cienciapolitica.org.br\/web\/wp-json\/wp\/v2\/posts\/31","targetHints":{"allow":["GET"]}}],"collection":[{"href":"https:\/\/cienciapolitica.org.br\/web\/wp-json\/wp\/v2\/posts"}],"about":[{"href":"https:\/\/cienciapolitica.org.br\/web\/wp-json\/wp\/v2\/types\/post"}],"author":[{"embeddable":true,"href":"https:\/\/cienciapolitica.org.br\/web\/wp-json\/wp\/v2\/users\/3"}],"replies":[{"embeddable":true,"href":"https:\/\/cienciapolitica.org.br\/web\/wp-json\/wp\/v2\/comments?post=31"}],"version-history":[{"count":0,"href":"https:\/\/cienciapolitica.org.br\/web\/wp-json\/wp\/v2\/posts\/31\/revisions"}],"wp:attachment":[{"href":"https:\/\/cienciapolitica.org.br\/web\/wp-json\/wp\/v2\/media?parent=31"}],"wp:term":[{"taxonomy":"category","embeddable":true,"href":"https:\/\/cienciapolitica.org.br\/web\/wp-json\/wp\/v2\/categories?post=31"},{"taxonomy":"post_tag","embeddable":true,"href":"https:\/\/cienciapolitica.org.br\/web\/wp-json\/wp\/v2\/tags?post=31"}],"curies":[{"name":"wp","href":"https:\/\/api.w.org\/{rel}","templated":true}]}}