{"id":3303,"date":"2025-01-16T18:59:17","date_gmt":"2025-01-16T18:59:17","guid":{"rendered":"https:\/\/cienciapolitica.org.br\/web\/?p=3303"},"modified":"2025-01-16T19:04:07","modified_gmt":"2025-01-16T19:04:07","slug":"i-coloquio-de-estudos-atmosfericos-leituras-sobre-climas-humores-e-atmosferas-nas-humanidades","status":"publish","type":"post","link":"https:\/\/cienciapolitica.org.br\/web\/i-coloquio-de-estudos-atmosfericos-leituras-sobre-climas-humores-e-atmosferas-nas-humanidades\/","title":{"rendered":"I Col\u00f3quio de Estudos Atmosf\u00e9ricos &#8211; Leituras sobre climas, humores e atmosferas nas Humanidades\u00a0"},"content":{"rendered":"\n<p class=\"has-black-color has-white-background-color has-text-color has-background has-link-color has-medium-font-size wp-elements-772bd6c90a40665ce47268ec66cb1727\">Nas \u00faltimas duas d\u00e9cadas, observamos o desenvolvimento de um campo de pesquisas e de estudos que tomam os aspectos et\u00e9reos dos fen\u00f4menos sociais como foco de an\u00e1lise. Determinados conceitos e categorias t\u00eam servido para produzir esse enfoque: atmosfera, humor, clima,&nbsp;<em>mood<\/em>,&nbsp;<em>Stimmung<\/em>,&nbsp;<em>vibe<\/em>, estrutura de sentimentos, ambi\u00eancia, entre outros.<\/p>\n\n\n\n<p class=\"has-black-color has-white-background-color has-text-color has-background has-link-color has-medium-font-size wp-elements-4cd5c5736f5c0497740c359d14c7941f\">O&nbsp;<strong>I Col\u00f3quio de Estudos Atmosf\u00e9ricos &#8211; Leituras sobre climas, humores e atmosferas nas Humanidades<\/strong>&nbsp;aposta no fortalecimento desse campo de estudos no Brasil. Temos observado a necessidade de fortalecer a colabora\u00e7\u00e3o entre pesquisadores que exploram as diversas potencialidades dos Estudos Atmosf\u00e9ricos, e, para isso, a cria\u00e7\u00e3o de mais espa\u00e7os de di\u00e1logo. <\/p>\n\n\n\n<p class=\"has-black-color has-white-background-color has-text-color has-background has-link-color has-medium-font-size wp-elements-fa253d74effc9427ed64ecd2137b5868\">Dentro desse \u201cclima\u201d, convidamos mestrandos, doutorandos,&nbsp;mestres e doutores&nbsp;a enviarem resumos expandidos, em portugu\u00eas e espanhol,&nbsp; sobre pesquisas alinhadas com&nbsp; os diversos temas que t\u00eam composto as preocupa\u00e7\u00f5es desse campo:<\/p>\n\n\n\n<p class=\"has-black-color has-white-background-color has-text-color has-background has-link-color has-medium-font-size wp-elements-cafe35a348f9d89adcc31acf6b90c893\">\u25cf Climas pol\u00edticos e esferas p\u00fablicas;&nbsp;<br>\u25cf As rela\u00e7\u00f5es entre mood e o ambiente virtual;&nbsp;<br>\u25cf Presen\u00e7as atmosf\u00e9ricas no espa\u00e7o urbano;&nbsp;<br>\u25cf Atmosferas e regimes est\u00e9ticos;&nbsp;<br>\u25cf Atmosferas, presen\u00e7a e media\u00e7\u00e3o nos estudos da religi\u00e3o;&nbsp;<br>\u25cf Estudos atmosf\u00e9ricos e a quest\u00e3o ambiental;&nbsp;<br>\u25cf Estruturas do sentimento e pol\u00edtica;&nbsp;<br>\u25cf Metodologias no contexto dos Estudos atmosf\u00e9ricos;&nbsp;<br>\u25cf Estados da arte de conceitos dos Estudos atmosf\u00e9ricos;&nbsp;<br>\u25cf Texturas clim\u00e1ticas e&nbsp;etnografia&nbsp;sensorial;&nbsp;<br>\u25cf&nbsp;Estudos&nbsp;atmosf\u00e9ricos no contexto latinoamericano e brasileiro;&nbsp;<br>\u25cf Estudos atmosf\u00e9ricos e pandemia do Covid-19;&nbsp;<br>\u25cf Estudos de m\u00eddia e atmosfera;&nbsp;<br>\u25cf Atmosfera e cr\u00edticas epistemol\u00f3gicas.<\/p>\n\n\n\n<p><\/p>\n\n\n\n<h3 class=\"wp-block-heading has-black-color has-text-color has-link-color has-medium-font-size wp-elements-e2f3c4af37b3e413f280ba09be9c4972\">Cronograma<\/h3>\n\n\n\n<p class=\"has-black-color has-text-color has-link-color has-medium-font-size wp-elements-f05576e11883eb9e00e60a9c3fa775f0\">Inscri\u00e7\u00f5es para apresenta\u00e7\u00e3o de comunica\u00e7\u00e3o: <strong>at\u00e9 15 de janeiro&nbsp;<\/strong><\/p>\n\n\n\n<p class=\"has-black-color has-text-color has-link-color has-medium-font-size wp-elements-0c6d81f695bb541afb29c3ba83f17762\">Envio de resumo expandido: <strong>at\u00e9 25 de janeiro<\/strong><\/p>\n\n\n\n<p class=\"has-black-color has-text-color has-link-color has-medium-font-size wp-elements-62ae53b6b48611d0603b0ffdef5c3543\">Resultado das avalia\u00e7\u00f5es: 30 de janeiro<\/p>\n\n\n\n<p class=\"has-black-color has-text-color has-link-color has-medium-font-size wp-elements-fae6f2606d5b7466c79b8671b8c8c6ef\">Defini\u00e7\u00e3o da programa\u00e7\u00e3o completa: 15 de fevereiro<\/p>\n\n\n\n<p class=\"has-black-color has-text-color has-link-color has-medium-font-size wp-elements-7752cea081aed847c5d7f2d56f980111\">Inscri\u00e7\u00f5es para assistir as atividades: <strong>at\u00e9 18 de mar\u00e7o<\/strong><\/p>\n\n\n\n<p><\/p>\n\n\n\n<p class=\"has-black-color has-white-background-color has-text-color has-background has-link-color has-medium-font-size wp-elements-8422f1d63d6e938cd83c0fdda4d16bfe\">Mais informa\u00e7\u00f5es e chamada completa no link:<\/p>\n\n\n\n<p><a href=\"https:\/\/www.even3.com.br\/coloquio-de-estudos-atmosfericos-509571\">https:\/\/www.even3.com.br\/coloquio-de-estudos-atmosfericos-509571<\/a><\/p>\n","protected":false},"excerpt":{"rendered":"<p>Nas \u00faltimas duas d\u00e9cadas, observamos o desenvolvimento de um campo de pesquisas e de estudos que tomam os aspectos et\u00e9reos dos fen\u00f4menos sociais como foco de an\u00e1lise. Determinados conceitos e categorias t\u00eam servido para produzir esse enfoque: atmosfera, humor, clima,&nbsp;mood,&nbsp;Stimmung,&nbsp;vibe, estrutura de sentimentos, ambi\u00eancia, entre outros. O&nbsp;I Col\u00f3quio de Estudos Atmosf\u00e9ricos &#8211; Leituras sobre climas, humores e atmosferas nas Humanidades&nbsp;aposta no fortalecimento desse campo de estudos no Brasil. Temos observado a necessidade de fortalecer a colabora\u00e7\u00e3o entre pesquisadores que exploram as diversas potencialidades dos Estudos Atmosf\u00e9ricos, e, para isso, a cria\u00e7\u00e3o de mais espa\u00e7os de di\u00e1logo. Dentro desse \u201cclima\u201d, convidamos mestrandos, doutorandos,&nbsp;mestres e doutores&nbsp;a enviarem resumos expandidos, em portugu\u00eas e espanhol,&nbsp; sobre pesquisas alinhadas com&nbsp; os diversos temas que t\u00eam composto as preocupa\u00e7\u00f5es desse campo: \u25cf Climas pol\u00edticos e esferas p\u00fablicas;&nbsp;\u25cf As rela\u00e7\u00f5es entre mood e o ambiente virtual;&nbsp;\u25cf Presen\u00e7as atmosf\u00e9ricas no espa\u00e7o urbano;&nbsp;\u25cf Atmosferas e regimes est\u00e9ticos;&nbsp;\u25cf Atmosferas, presen\u00e7a e media\u00e7\u00e3o nos estudos da religi\u00e3o;&nbsp;\u25cf Estudos atmosf\u00e9ricos e a quest\u00e3o ambiental;&nbsp;\u25cf Estruturas do sentimento e pol\u00edtica;&nbsp;\u25cf Metodologias no contexto dos Estudos atmosf\u00e9ricos;&nbsp;\u25cf Estados da arte de conceitos dos Estudos atmosf\u00e9ricos;&nbsp;\u25cf Texturas clim\u00e1ticas e&nbsp;etnografia&nbsp;sensorial;&nbsp;\u25cf&nbsp;Estudos&nbsp;atmosf\u00e9ricos no contexto latinoamericano e brasileiro;&nbsp;\u25cf Estudos atmosf\u00e9ricos e pandemia do Covid-19;&nbsp;\u25cf Estudos de m\u00eddia e atmosfera;&nbsp;\u25cf Atmosfera e cr\u00edticas epistemol\u00f3gicas. Cronograma Inscri\u00e7\u00f5es para apresenta\u00e7\u00e3o de comunica\u00e7\u00e3o: at\u00e9 15 de janeiro&nbsp; Envio de resumo expandido: at\u00e9 25 de janeiro Resultado das avalia\u00e7\u00f5es: 30 de janeiro Defini\u00e7\u00e3o da programa\u00e7\u00e3o completa: 15 de fevereiro Inscri\u00e7\u00f5es para assistir as atividades: at\u00e9 18 de mar\u00e7o Mais informa\u00e7\u00f5es e chamada completa no link: https:\/\/www.even3.com.br\/coloquio-de-estudos-atmosfericos-509571<\/p>\n","protected":false},"author":1,"featured_media":0,"comment_status":"closed","ping_status":"open","sticky":false,"template":"","format":"standard","meta":{"footnotes":""},"categories":[3],"tags":[],"class_list":["post-3303","post","type-post","status-publish","format-standard","hentry","category-blog"],"_links":{"self":[{"href":"https:\/\/cienciapolitica.org.br\/web\/wp-json\/wp\/v2\/posts\/3303","targetHints":{"allow":["GET"]}}],"collection":[{"href":"https:\/\/cienciapolitica.org.br\/web\/wp-json\/wp\/v2\/posts"}],"about":[{"href":"https:\/\/cienciapolitica.org.br\/web\/wp-json\/wp\/v2\/types\/post"}],"author":[{"embeddable":true,"href":"https:\/\/cienciapolitica.org.br\/web\/wp-json\/wp\/v2\/users\/1"}],"replies":[{"embeddable":true,"href":"https:\/\/cienciapolitica.org.br\/web\/wp-json\/wp\/v2\/comments?post=3303"}],"version-history":[{"count":3,"href":"https:\/\/cienciapolitica.org.br\/web\/wp-json\/wp\/v2\/posts\/3303\/revisions"}],"predecessor-version":[{"id":3306,"href":"https:\/\/cienciapolitica.org.br\/web\/wp-json\/wp\/v2\/posts\/3303\/revisions\/3306"}],"wp:attachment":[{"href":"https:\/\/cienciapolitica.org.br\/web\/wp-json\/wp\/v2\/media?parent=3303"}],"wp:term":[{"taxonomy":"category","embeddable":true,"href":"https:\/\/cienciapolitica.org.br\/web\/wp-json\/wp\/v2\/categories?post=3303"},{"taxonomy":"post_tag","embeddable":true,"href":"https:\/\/cienciapolitica.org.br\/web\/wp-json\/wp\/v2\/tags?post=3303"}],"curies":[{"name":"wp","href":"https:\/\/api.w.org\/{rel}","templated":true}]}}